{"id":165,"date":"2018-06-08T00:00:00","date_gmt":"2018-06-07T22:00:00","guid":{"rendered":"http:\/\/semmelweis.hu\/mental\/844-iszcsk-konferencia-2018\/"},"modified":"2018-06-15T13:48:20","modified_gmt":"2018-06-15T11:48:20","slug":"844-iszcsk-konferencia-2018","status":"publish","type":"post","link":"https:\/\/semmelweis.hu\/mental\/2018\/06\/08\/844-iszcsk-konferencia-2018\/","title":{"rendered":"INTEGR\u00c1LT SZ\u00dcL\u0150-CSECSEM\u0150 KONZULT\u00c1CI\u00d3 KLINIK\u00c1KON, K\u00d3RH\u00c1ZAKBAN &#8211; SZAKMAK\u00d6ZI EGY\u00dcTTM\u0170K\u00d6D\u00c9S A CSAL\u00c1DOK\u00c9RT"},"content":{"rendered":"<p>Felv\u00e9teli el\u0151tti beharangoz\u00f3 konferencia az Integr\u00e1lt sz\u00fcl\u0151-csecsem\u0151 konzult\u00e1ci\u00f3 szakir\u00e1ny\u00fa tov\u00e1bbk\u00e9pz\u00e9s szervez\u00e9s\u00e9ben<\/p>\n<p><strong>Id\u0151pont: 2018. m\u00e1rcius 22. cs\u00fct\u00f6rt\u00f6k 10.00-16.00<\/strong><\/p>\n<p><strong>Helysz\u00edn:<\/strong> \u00d3budai Kultur\u00e1lis K\u00f6zpont<br \/>\n<strong>1033 Budapest, Pethe Ferenc t\u00e9r 2.<\/strong><\/p>\n<p>Program let\u00f6lthet\u0151 al\u00e1bb.<\/p>\n<p><strong>Jelentkez\u00e9s <a href=\"https:\/\/docs.google.com\/forms\/d\/e\/1FAIpQLSfMbTrfH0aVEnqY7xx0VfsT6bWfIrrMwqj5K3Bzlrsx94r3MA\/viewform?c=0&amp;w=1\">itt<\/a>.<\/strong><\/p>\n<p>Csatolt dokumentumok (1)<br \/>\n&#8211; <a href=\"https:\/\/semmelweis.hu\/mental\/files\/2018\/06\/ISZCSK-konferencia-program_2018_03_22.pdf\">Konferencia program<\/a><\/p>\n","protected":false},"excerpt":{"rendered":"<p>Felv\u00e9teli el\u0151tti beharangoz\u00f3 konferencia az Integr\u00e1lt sz\u00fcl\u0151-csecsem\u0151 konzult\u00e1ci\u00f3 szakir\u00e1ny\u00fa tov\u00e1bbk\u00e9pz\u00e9s szervez\u00e9s\u00e9ben<br \/>\nId\u0151pont: 2018. m\u00e1rcius 22. cs\u00fct\u00f6rt\u00f6k 10.00-16.00<br \/>\nHelysz\u00edn: \u00d3budai Kultur\u00e1lis K\u00f6zpont<br \/>\n1033 Budapest, Pethe Ferenc t\u00e9r 2.<br \/>\nProgram let\u00f6lthet\u0151 al\u00e1bb.<br \/>\nJelentkez\u00e9s <a href=\"https:\/\/docs.google.com\/forms\/d\/e\/1FAIpQLSfMbTrfH0aVEnqY7xx0VfsT6bWfIrrMwqj5K3Bzlrsx94r3MA\/viewform?c=0&amp;w=1\">itt<\/a>.<br \/>\nCsatolt dokumentumok (1)<br \/>\n&#8211; <a href=\"https:\/\/semmelweis.hu\/mental\/files\/2018\/06\/ISZCSK-konferencia-program_2018_03_22.pdf\">Konferencia program<\/a><\/p>\n","protected":false},"author":101265,"featured_media":410,"comment_status":"closed","ping_status":"closed","sticky":false,"template":"","format":"standard","meta":{"_acf_changed":false,"footnotes":""},"categories":[1],"tags":[],"class_list":["post-165","post","type-post","status-publish","format-standard","has-post-thumbnail","hentry","category-hirek"],"acf":[],"_links":{"self":[{"href":"https:\/\/semmelweis.hu\/mental\/wp-json\/wp\/v2\/posts\/165","targetHints":{"allow":["GET"]}}],"collection":[{"href":"https:\/\/semmelweis.hu\/mental\/wp-json\/wp\/v2\/posts"}],"about":[{"href":"https:\/\/semmelweis.hu\/mental\/wp-json\/wp\/v2\/types\/post"}],"author":[{"embeddable":true,"href":"https:\/\/semmelweis.hu\/mental\/wp-json\/wp\/v2\/users\/101265"}],"replies":[{"embeddable":true,"href":"https:\/\/semmelweis.hu\/mental\/wp-json\/wp\/v2\/comments?post=165"}],"version-history":[{"count":4,"href":"https:\/\/semmelweis.hu\/mental\/wp-json\/wp\/v2\/posts\/165\/revisions"}],"predecessor-version":[{"id":1940,"href":"https:\/\/semmelweis.hu\/mental\/wp-json\/wp\/v2\/posts\/165\/revisions\/1940"}],"wp:featuredmedia":[{"embeddable":true,"href":"https:\/\/semmelweis.hu\/mental\/wp-json\/wp\/v2\/media\/410"}],"wp:attachment":[{"href":"https:\/\/semmelweis.hu\/mental\/wp-json\/wp\/v2\/media?parent=165"}],"wp:term":[{"taxonomy":"category","embeddable":true,"href":"https:\/\/semmelweis.hu\/mental\/wp-json\/wp\/v2\/categories?post=165"},{"taxonomy":"post_tag","embeddable":true,"href":"https:\/\/semmelweis.hu\/mental\/wp-json\/wp\/v2\/tags?post=165"}],"curies":[{"name":"wp","href":"https:\/\/api.w.org\/{rel}","templated":true}]}}