{"id":164,"date":"2018-06-08T00:00:00","date_gmt":"2018-06-07T22:00:00","guid":{"rendered":"http:\/\/semmelweis.hu\/mental\/845-magyar-pszichodrama-egyesulet-13-kongresszusa\/"},"modified":"2018-06-19T13:31:42","modified_gmt":"2018-06-19T11:31:42","slug":"magyar-pszichodrama-egyesulet-13-kongresszusa","status":"publish","type":"post","link":"https:\/\/semmelweis.hu\/mental\/2018\/06\/08\/magyar-pszichodrama-egyesulet-13-kongresszusa\/","title":{"rendered":"MAGYAR PSZICHODR\u00c1MA EGYES\u00dcLET XIII. KONGRESSZUSA"},"content":{"rendered":"<p>A Magyar Pszichodr\u00e1ma Egyes\u00fclet id\u00e9n rendezi XIII. Kongresszus\u00e1t<br \/>\n<strong>T\u00e1rsasj\u00e1t\u00e9k. T\u00e1rsas? J\u00e1t\u00e9k?<\/strong> c\u00edmmel.<br \/>\n<strong>Id\u0151pont: 2018. \u00e1prilis 27-28. <\/strong><br \/>\n<strong>Helysz\u00edn: Piarista Gimn\u00e1zium (1052 Budapest, Piarista utca 1.)<\/strong><\/p>\n<p>A Kongresszuson a hazai pszichodr\u00e1ma \u00e9let jeles k\u00e9pvisel\u0151i tartanak el\u0151ad\u00e1sokat, workshopokat, kerekasztal-besz\u00e9lget\u00e9seket.<br \/>\nA j\u00e1t\u00e9k egyszerre jelenti a komolys\u00e1got \u00e9s komolytalans\u00e1got, val\u00f3s\u00e1g \u00e9s ill\u00fazi\u00f3 hat\u00e1r\u00e1t. A \u201ej\u00e1t\u00e9k\u201d valamilyen form\u00e1ban az emberi \u00e9let valamennyi ter\u00fclet\u00e9n jelen van, a pszichodr\u00e1ma pedig lehet\u0151v\u00e9 teszi, hogy az \u00e9let b\u00e1rmilyen k\u00fcls\u0151 vagy bels\u0151 esem\u00e9nye megjelenjen \u00e9s &#8222;j\u00e1t\u00e9kba forduljon&#8221; a sz\u00ednpadon.<br \/>\nA szervez\u0151k sz\u00e1nd\u00e9ka szerint a kongresszuson sokf\u00e9le m\u00f3don \u00e9s form\u00e1ban \u00e9lhetik majd \u00e1t a r\u00e9sztvev\u0151k a k\u00f6z\u00f6s j\u00e1t\u00e9kot.<br \/>\nJelentkezni a\u00a0<a href=\"http:\/\/www.pszichodramakongresszus.hu\/\" target=\"_blank\" rel=\"noopener\">honlapon<\/a> lehet.<\/p>\n<p><strong>A Kongresszusra a pszichodramatist\u00e1k mellett szeretettel v\u00e1rj\u00e1k az \u00e9rdekl\u0151d\u0151ket is!<\/strong><\/p>\n","protected":false},"excerpt":{"rendered":"<p>A Magyar Pszichodr\u00e1ma Egyes\u00fclet id\u00e9n rendezi XIII. Kongresszus\u00e1t T\u00e1rsasj\u00e1t\u00e9k. T\u00e1rsas? J\u00e1t\u00e9k? c\u00edmmel. Id\u0151pont: 2018. \u00e1prilis 27-28. Helysz\u00edn: Piarista Gimn\u00e1zium (1052 Budapest, Piarista utca 1.) A Kongresszuson a hazai pszichodr\u00e1ma \u00e9let jeles k\u00e9pvisel\u0151i tartanak el\u0151ad\u00e1sokat, workshopokat, kerekasztal-besz\u00e9lget\u00e9seket. A j\u00e1t\u00e9k egyszerre jelenti a komolys\u00e1got \u00e9s komolytalans\u00e1got, val\u00f3s\u00e1g \u00e9s ill\u00fazi\u00f3 hat\u00e1r\u00e1t. A \u201ej\u00e1t\u00e9k\u201d valamilyen form\u00e1ban az emberi \u00e9let &hellip;<\/p>\n","protected":false},"author":101265,"featured_media":539,"comment_status":"closed","ping_status":"closed","sticky":false,"template":"","format":"standard","meta":{"_acf_changed":false,"footnotes":""},"categories":[1],"tags":[],"class_list":["post-164","post","type-post","status-publish","format-standard","has-post-thumbnail","hentry","category-hirek"],"acf":[],"_links":{"self":[{"href":"https:\/\/semmelweis.hu\/mental\/wp-json\/wp\/v2\/posts\/164","targetHints":{"allow":["GET"]}}],"collection":[{"href":"https:\/\/semmelweis.hu\/mental\/wp-json\/wp\/v2\/posts"}],"about":[{"href":"https:\/\/semmelweis.hu\/mental\/wp-json\/wp\/v2\/types\/post"}],"author":[{"embeddable":true,"href":"https:\/\/semmelweis.hu\/mental\/wp-json\/wp\/v2\/users\/101265"}],"replies":[{"embeddable":true,"href":"https:\/\/semmelweis.hu\/mental\/wp-json\/wp\/v2\/comments?post=164"}],"version-history":[{"count":4,"href":"https:\/\/semmelweis.hu\/mental\/wp-json\/wp\/v2\/posts\/164\/revisions"}],"predecessor-version":[{"id":1937,"href":"https:\/\/semmelweis.hu\/mental\/wp-json\/wp\/v2\/posts\/164\/revisions\/1937"}],"wp:featuredmedia":[{"embeddable":true,"href":"https:\/\/semmelweis.hu\/mental\/wp-json\/wp\/v2\/media\/539"}],"wp:attachment":[{"href":"https:\/\/semmelweis.hu\/mental\/wp-json\/wp\/v2\/media?parent=164"}],"wp:term":[{"taxonomy":"category","embeddable":true,"href":"https:\/\/semmelweis.hu\/mental\/wp-json\/wp\/v2\/categories?post=164"},{"taxonomy":"post_tag","embeddable":true,"href":"https:\/\/semmelweis.hu\/mental\/wp-json\/wp\/v2\/tags?post=164"}],"curies":[{"name":"wp","href":"https:\/\/api.w.org\/{rel}","templated":true}]}}