{"id":163,"date":"2018-06-08T00:00:00","date_gmt":"2018-06-07T22:00:00","guid":{"rendered":"http:\/\/semmelweis.hu\/mental\/864-tudomanyos-kave-purebl-gyorgy\/"},"modified":"2018-06-15T13:43:02","modified_gmt":"2018-06-15T11:43:02","slug":"864-tudomanyos-kave-purebl-gyorgy","status":"publish","type":"post","link":"https:\/\/semmelweis.hu\/mental\/2018\/06\/08\/864-tudomanyos-kave-purebl-gyorgy\/","title":{"rendered":"K\u00d6RNYEZET \u00c9S EG\u00c9SZS\u00c9G A 2017-ES NOBEL-D\u00cdJ T\u00dcKR\u00c9BEN"},"content":{"rendered":"<p>A Tudom\u00e1nyos k\u00e1v\u00e9 soron k\u00f6vetkez\u0151 alkalm\u00e1n\u00a0<strong>Dr. Purebl Gy\u00f6rgy<\/strong>, a Magatart\u00e1studom\u00e1nyi Int\u00e9zet munkat\u00e1rsa lesz a vend\u00e9g\u00fcnk.<\/p>\n<p>K\u00f6rnyezet \u00e9s eg\u00e9szs\u00e9g a 2017-es Nobel-d\u00edj t\u00fckr\u00e9ben<\/p>\n<p>A XXI. sz\u00e1zad egyes bor\u00fal\u00e1t\u00f3 n\u00e9zetek szerint a ment\u00e1lis zavarok \u00e9vsz\u00e1zada lesz, hiszen csak a depresszi\u00f3 prevalenci\u00e1ja 53.4%-kal n\u0151tt az elm\u00falt 25 \u00e9vben. Ennek sz\u00e1mos magyar\u00e1zata van, de a megold\u00e1shoz &#8211; a ment\u00e1lis zavarok gyakoris\u00e1g\u00e1nak cs\u00f6kkent\u00e9s\u00e9hez &#8211; ezeknek eddig nem siker\u00fclt jelent\u0151sen hozz\u00e1j\u00e1rulniuk. A 2017-es, cirkadi\u00e1n ritmus kutat\u00e1s\u00e1\u00e9rt oda\u00edt\u00e9lt Nobel-d\u00edj sz\u00e1mos szempontb\u00f3l hordoz fontos \u00fczenetet a testi-lelki eg\u00e9szs\u00e9ggel foglalkoz\u00f3k sz\u00e1m\u00e1ra, \u00e9s egy lehets\u00e9ges t\u00e1gabb \u00e9rtelmez\u00e9sei keretet, \u00faj paradigm\u00e1t is k\u00edn\u00e1l: e szerint a term\u00e9szetes k\u00f6rnyezet\u00fcnknek val\u00f3sz\u00edn\u0171leg sokkal nagyobb szerepe van a testi-lelki eg\u00e9szs\u00e9gben, mint gondoltuk, \u00e9s mint az \u00e1ltalunk teremtett mesters\u00e9ges k\u00f6rnyezetnek.<\/p>\n<p><strong>Id\u0151pont: \u00e1prilis 18. 8:30-t\u00f3l 10:00-ig<\/strong><br \/>\n<strong>Helysz\u00edn: NET Fsz 81.<\/strong><\/p>\n","protected":false},"excerpt":{"rendered":"<p>A Tudom\u00e1nyos k\u00e1v\u00e9 soron k\u00f6vetkez\u0151 alkalm\u00e1n\u00a0Dr. Purebl Gy\u00f6rgy, a Magatart\u00e1studom\u00e1nyi Int\u00e9zet munkat\u00e1rsa lesz a vend\u00e9g\u00fcnk. K\u00f6rnyezet \u00e9s eg\u00e9szs\u00e9g a 2017-es Nobel-d\u00edj t\u00fckr\u00e9ben A XXI. sz\u00e1zad egyes bor\u00fal\u00e1t\u00f3 n\u00e9zetek szerint a ment\u00e1lis zavarok \u00e9vsz\u00e1zada lesz, hiszen csak a depresszi\u00f3 prevalenci\u00e1ja 53.4%-kal n\u0151tt az elm\u00falt 25 \u00e9vben. Ennek sz\u00e1mos magyar\u00e1zata van, de a megold\u00e1shoz &#8211; a ment\u00e1lis &hellip;<\/p>\n","protected":false},"author":101265,"featured_media":621,"comment_status":"closed","ping_status":"closed","sticky":false,"template":"","format":"standard","meta":{"_acf_changed":false,"footnotes":""},"categories":[1],"tags":[],"class_list":["post-163","post","type-post","status-publish","format-standard","has-post-thumbnail","hentry","category-hirek"],"acf":[],"_links":{"self":[{"href":"https:\/\/semmelweis.hu\/mental\/wp-json\/wp\/v2\/posts\/163","targetHints":{"allow":["GET"]}}],"collection":[{"href":"https:\/\/semmelweis.hu\/mental\/wp-json\/wp\/v2\/posts"}],"about":[{"href":"https:\/\/semmelweis.hu\/mental\/wp-json\/wp\/v2\/types\/post"}],"author":[{"embeddable":true,"href":"https:\/\/semmelweis.hu\/mental\/wp-json\/wp\/v2\/users\/101265"}],"replies":[{"embeddable":true,"href":"https:\/\/semmelweis.hu\/mental\/wp-json\/wp\/v2\/comments?post=163"}],"version-history":[{"count":3,"href":"https:\/\/semmelweis.hu\/mental\/wp-json\/wp\/v2\/posts\/163\/revisions"}],"predecessor-version":[{"id":1935,"href":"https:\/\/semmelweis.hu\/mental\/wp-json\/wp\/v2\/posts\/163\/revisions\/1935"}],"wp:featuredmedia":[{"embeddable":true,"href":"https:\/\/semmelweis.hu\/mental\/wp-json\/wp\/v2\/media\/621"}],"wp:attachment":[{"href":"https:\/\/semmelweis.hu\/mental\/wp-json\/wp\/v2\/media?parent=163"}],"wp:term":[{"taxonomy":"category","embeddable":true,"href":"https:\/\/semmelweis.hu\/mental\/wp-json\/wp\/v2\/categories?post=163"},{"taxonomy":"post_tag","embeddable":true,"href":"https:\/\/semmelweis.hu\/mental\/wp-json\/wp\/v2\/tags?post=163"}],"curies":[{"name":"wp","href":"https:\/\/api.w.org\/{rel}","templated":true}]}}