{"id":162,"date":"2018-06-08T00:00:00","date_gmt":"2018-06-07T22:00:00","guid":{"rendered":"http:\/\/semmelweis.hu\/mental\/916-bality-csaba-doktori-vedes\/"},"modified":"2018-06-19T13:25:20","modified_gmt":"2018-06-19T11:25:20","slug":"bality-csaba-doktori-vedes","status":"publish","type":"post","link":"https:\/\/semmelweis.hu\/mental\/2018\/06\/08\/bality-csaba-doktori-vedes\/","title":{"rendered":"DOKTORI V\u00c9D\u00c9S"},"content":{"rendered":"<p>Szeretettel v\u00e1runk minden \u00e9rdekl\u0151d\u0151t <strong>B\u00e1lity Csaba<\/strong> nyilv\u00e1nos doktori v\u00e9d\u00e9s\u00e9re.<br \/>\n<strong>C\u00edm:<\/strong> \u201eNagycsal\u00e1dban \u00e9l\u0151 fiatalok gyermeksz\u00e1m preferenci\u00e1it befoly\u00e1sol\u00f3 t\u00e9nyez\u0151k&#8221;<br \/>\nEl\u0151ad\u00f3: B\u00e1lity Csaba<br \/>\n<strong>D\u00e1tum:<\/strong> 2018. m\u00e1jus 17. (cs\u00fct\u00f6rt\u00f6k) 14:00<br \/>\n<strong>Helysz\u00edn:<\/strong> NET, Johan B\u00e9la el\u0151ad\u00f3terem<br \/>\nInform\u00e1ci\u00f3: http:\/\/phd.semmelweis.hu\/mwp\/phd_live\/vedes\/index.php?UseTmpl=on&amp;FrmTabNev=vedes&amp;FrmLstTip=1&amp;FrmId=1916&amp;FrmLang=0&amp;FrmEnc=9}Hvftu}2}dnrmh8fww341uj4oglwu:j78l4<\/p>\n","protected":false},"excerpt":{"rendered":"<p>Szeretettel v\u00e1runk minden \u00e9rdekl\u0151d\u0151t B\u00e1lity Csaba nyilv\u00e1nos doktori v\u00e9d\u00e9s\u00e9re.<br \/>\nC\u00edm: \u201eNagycsal\u00e1dban \u00e9l\u0151 fiatalok gyermeksz\u00e1m preferenci\u00e1it befoly\u00e1sol\u00f3 t\u00e9nyez\u0151k&#8221;<br \/>\nEl\u0151ad\u00f3: B\u00e1lity Csaba<br \/>\nD\u00e1tum: 2018. m\u00e1jus 17. (cs\u00fct\u00f6rt\u00f6k) 14:00<br \/>\nHelysz\u00edn: NET, Johan B\u00e9la el\u0151ad\u00f3terem<br \/>\nInform\u00e1ci\u00f3: http:\/\/phd.semmelweis.hu\/mwp\/phd_live\/vedes\/index.php?UseTmpl=on&amp;FrmTabNev=vedes&amp;FrmLstTip=1&amp;FrmId=1916&amp;FrmLang=0&amp;FrmEnc=9}Hvftu}2}dnrmh8fww341uj4oglwu:j78l4<\/p>\n","protected":false},"author":101265,"featured_media":554,"comment_status":"closed","ping_status":"closed","sticky":false,"template":"","format":"standard","meta":{"_acf_changed":false,"footnotes":""},"categories":[1],"tags":[],"class_list":["post-162","post","type-post","status-publish","format-standard","has-post-thumbnail","hentry","category-hirek"],"acf":[],"_links":{"self":[{"href":"https:\/\/semmelweis.hu\/mental\/wp-json\/wp\/v2\/posts\/162","targetHints":{"allow":["GET"]}}],"collection":[{"href":"https:\/\/semmelweis.hu\/mental\/wp-json\/wp\/v2\/posts"}],"about":[{"href":"https:\/\/semmelweis.hu\/mental\/wp-json\/wp\/v2\/types\/post"}],"author":[{"embeddable":true,"href":"https:\/\/semmelweis.hu\/mental\/wp-json\/wp\/v2\/users\/101265"}],"replies":[{"embeddable":true,"href":"https:\/\/semmelweis.hu\/mental\/wp-json\/wp\/v2\/comments?post=162"}],"version-history":[{"count":3,"href":"https:\/\/semmelweis.hu\/mental\/wp-json\/wp\/v2\/posts\/162\/revisions"}],"predecessor-version":[{"id":1934,"href":"https:\/\/semmelweis.hu\/mental\/wp-json\/wp\/v2\/posts\/162\/revisions\/1934"}],"wp:featuredmedia":[{"embeddable":true,"href":"https:\/\/semmelweis.hu\/mental\/wp-json\/wp\/v2\/media\/554"}],"wp:attachment":[{"href":"https:\/\/semmelweis.hu\/mental\/wp-json\/wp\/v2\/media?parent=162"}],"wp:term":[{"taxonomy":"category","embeddable":true,"href":"https:\/\/semmelweis.hu\/mental\/wp-json\/wp\/v2\/categories?post=162"},{"taxonomy":"post_tag","embeddable":true,"href":"https:\/\/semmelweis.hu\/mental\/wp-json\/wp\/v2\/tags?post=162"}],"curies":[{"name":"wp","href":"https:\/\/api.w.org\/{rel}","templated":true}]}}