{"id":1330,"date":"2020-07-30T09:53:00","date_gmt":"2020-07-30T07:53:00","guid":{"rendered":"https:\/\/semmelweis.hu\/medicinatortenet\/?p=1330"},"modified":"2020-07-30T10:46:13","modified_gmt":"2020-07-30T08:46:13","slug":"az-erkelyen-varo-koasszony-legendaja","status":"publish","type":"post","link":"https:\/\/semmelweis.hu\/medicinatortenet\/2020\/07\/30\/az-erkelyen-varo-koasszony-legendaja\/","title":{"rendered":"Az erk\u00e9lyen v\u00e1r\u00f3 k\u0151asszony legend\u00e1ja"},"content":{"rendered":"<p style=\"text-align: justify\">A XIV. ker\u00fclet Th\u00f6k\u00f6ly \u00fat 61. sz\u00e1m alatt \u00e1ll egy impoz\u00e1ns, \u00e9p\u00fclet. Egy szerelmes n\u0151, egy h\u0171s\u00e9ges asszony legend\u00e1ja lengi k\u00f6r\u00fcl ennek a budapesti 100 \u00e9ves h\u00e1znak az egyik erk\u00e9ly\u00e9t. A k\u00f6rny\u00e9ken \u00e9l\u0151k mind hallott\u00e1k a &#8222;k\u0151&#8221; asszony t\u00f6rt\u00e9net\u00e9t.\u00a0 T\u00e9ny, hogy ma is b\u00e1rki l\u00e1thatja, ahogy egy n\u0151i szobor egy befalazott erk\u00e9lyr\u0151l a t\u00e1volba n\u00e9z, mintha v\u00e1rna valakit.<\/p>\n<p style=\"text-align: justify\">Az els\u0151 vil\u00e1gh\u00e1bor\u00fa idej\u00e9n a lak\u00e1sban egy fiatal h\u00e1zasp\u00e1r \u00e9lt. A f\u00e9rfinak a h\u00e1bor\u00fa idej\u00e9n a frontra kellett utaznia. Ifj\u00fa feles\u00e9ge h\u0171s\u00e9gesen v\u00e1rta, m\u00edg egy nap a f\u00e9rfi hal\u00e1lh\u00edr\u00e9t hozt\u00e1k, amit a feles\u00e9ge\u00a0 nem hitt el, \u00fagy \u00e9rezte, hogy a f\u00e9rfi \u00e9l, \u00e9s egy napon hazat\u00e9r hozz\u00e1. Att\u00f3l kezdve minden nap, minden perc\u00e9t az erk\u00e9lyen \u00e1llva t\u00f6lt\u00f6tte, \u00e9s v\u00e1rta, hogy a szeretett f\u00e9rfi hazat\u00e9rjen.<\/p>\n<p style=\"text-align: justify\">Akkoriban spanyoln\u00e1tha-j\u00e1rv\u00e1ny tombolt, \u00e9s a fiatalasszony is megbetegedett. Utols\u00f3 lehelet\u00e9ig v\u00e1rta haza szerelm\u00e9t, v\u00e9g\u00fcl az erk\u00e9lykorl\u00e1tra t\u00e1maszkodva, az utc\u00e1t f\u00fcrk\u00e9szve \u00e9rte a hal\u00e1l. Nem tudhatta meg, hogy rem\u00e9nye beigazol\u00f3dott: hal\u00e1la ut\u00e1n n\u00e9h\u00e1ny nappal\u00a0 f\u00e9rje hazat\u00e9rt a frontr\u00f3l.<\/p>\n<p style=\"text-align: justify\">A meg\u00f6zvegy\u00fclt tiszt vigasztalhatatlan volt. M\u00e9ly f\u00e1jdalm\u00e1ban szobrot \u00e1ll\u00edttatott h\u0171s\u00e9ges kedves\u00e9nek, az erk\u00e9ly ajtaj\u00e1t pedig befalaztatta, hogy t\u00f6bb\u00e9 senki ne l\u00e9phessen ki rajta.<\/p>\n<p><img loading=\"lazy\" decoding=\"async\" class=\"alignnone size-medium wp-image-1331\" src=\"https:\/\/semmelweis.hu\/medicinatortenet\/files\/2020\/07\/erk\u00e9ly-400x244.jpg\" alt=\"\" width=\"400\" height=\"244\" srcset=\"https:\/\/semmelweis.hu\/medicinatortenet\/files\/2020\/07\/erk\u00e9ly-400x244.jpg 400w, https:\/\/semmelweis.hu\/medicinatortenet\/files\/2020\/07\/erk\u00e9ly-1024x623.jpg 1024w, https:\/\/semmelweis.hu\/medicinatortenet\/files\/2020\/07\/erk\u00e9ly-768x468.jpg 768w, https:\/\/semmelweis.hu\/medicinatortenet\/files\/2020\/07\/erk\u00e9ly-1536x935.jpg 1536w, https:\/\/semmelweis.hu\/medicinatortenet\/files\/2020\/07\/erk\u00e9ly-753x458.jpg 753w, https:\/\/semmelweis.hu\/medicinatortenet\/files\/2020\/07\/erk\u00e9ly-620x380.jpg 620w, https:\/\/semmelweis.hu\/medicinatortenet\/files\/2020\/07\/erk\u00e9ly.jpg 1759w\" sizes=\"auto, (max-width: 400px) 100vw, 400px\" \/><\/p>\n","protected":false},"excerpt":{"rendered":"<p>A XIV. ker\u00fclet Th\u00f6k\u00f6ly \u00fat 61. sz\u00e1m alatt \u00e1ll egy impoz\u00e1ns, \u00e9p\u00fclet. Egy szerelmes n\u0151, egy h\u0171s\u00e9ges asszony legend\u00e1ja lengi k\u00f6r\u00fcl ennek a budapesti 100 \u00e9ves h\u00e1znak az egyik erk\u00e9ly\u00e9t. A k\u00f6rny\u00e9ken \u00e9l\u0151k mind hallott\u00e1k a &#8222;k\u0151&#8221; asszony t\u00f6rt\u00e9net\u00e9t.\u00a0 T\u00e9ny, hogy ma is b\u00e1rki l\u00e1thatja, ahogy egy n\u0151i szobor egy befalazott erk\u00e9lyr\u0151l a t\u00e1volba n\u00e9z, &hellip;<\/p>\n","protected":false},"author":101084,"featured_media":1331,"comment_status":"closed","ping_status":"closed","sticky":false,"template":"","format":"standard","meta":{"_acf_changed":false,"footnotes":""},"categories":[9],"tags":[],"class_list":["post-1330","post","type-post","status-publish","format-standard","has-post-thumbnail","hentry","category-tudomany"],"acf":[],"_links":{"self":[{"href":"https:\/\/semmelweis.hu\/medicinatortenet\/wp-json\/wp\/v2\/posts\/1330","targetHints":{"allow":["GET"]}}],"collection":[{"href":"https:\/\/semmelweis.hu\/medicinatortenet\/wp-json\/wp\/v2\/posts"}],"about":[{"href":"https:\/\/semmelweis.hu\/medicinatortenet\/wp-json\/wp\/v2\/types\/post"}],"author":[{"embeddable":true,"href":"https:\/\/semmelweis.hu\/medicinatortenet\/wp-json\/wp\/v2\/users\/101084"}],"replies":[{"embeddable":true,"href":"https:\/\/semmelweis.hu\/medicinatortenet\/wp-json\/wp\/v2\/comments?post=1330"}],"version-history":[{"count":2,"href":"https:\/\/semmelweis.hu\/medicinatortenet\/wp-json\/wp\/v2\/posts\/1330\/revisions"}],"predecessor-version":[{"id":1351,"href":"https:\/\/semmelweis.hu\/medicinatortenet\/wp-json\/wp\/v2\/posts\/1330\/revisions\/1351"}],"wp:featuredmedia":[{"embeddable":true,"href":"https:\/\/semmelweis.hu\/medicinatortenet\/wp-json\/wp\/v2\/media\/1331"}],"wp:attachment":[{"href":"https:\/\/semmelweis.hu\/medicinatortenet\/wp-json\/wp\/v2\/media?parent=1330"}],"wp:term":[{"taxonomy":"category","embeddable":true,"href":"https:\/\/semmelweis.hu\/medicinatortenet\/wp-json\/wp\/v2\/categories?post=1330"},{"taxonomy":"post_tag","embeddable":true,"href":"https:\/\/semmelweis.hu\/medicinatortenet\/wp-json\/wp\/v2\/tags?post=1330"}],"curies":[{"name":"wp","href":"https:\/\/api.w.org\/{rel}","templated":true}]}}