{"id":99356,"date":"2020-01-02T11:45:49","date_gmt":"2020-01-02T10:45:49","guid":{"rendered":"http:\/\/semmelweis.hu\/mediasarok\/?p=99356"},"modified":"2020-01-02T11:45:49","modified_gmt":"2020-01-02T10:45:49","slug":"meg-egy-napig-lehet-jelentkezni-a-januari-semmelweis-egeszseg-napra","status":"publish","type":"post","link":"https:\/\/semmelweis.hu\/mediasarok\/2020\/01\/02\/meg-egy-napig-lehet-jelentkezni-a-januari-semmelweis-egeszseg-napra\/","title":{"rendered":"M\u00e9g egy napig lehet jelentkezni a janu\u00e1ri Semmelweis Eg\u00e9szs\u00e9g Napra"},"content":{"rendered":"<p>&nbsp;<\/p>\n<div class=\"lead\">Az alap\u00edt\u00e1s\u00e1nak 250. \u00e9vfordul\u00f3j\u00e1t \u00fcnnepl\u0151 Semmelweis Egyetem ingyenes, interakt\u00edv, lakoss\u00e1gi, n\u00e9peg\u00e9szs\u00e9g\u00fcgyi rendezv\u00e9nysorozata, a Semmelweis Eg\u00e9szs\u00e9g Napok janu\u00e1r 4-\u00e9n, szombaton folytat\u00f3dik. A N\u0151gy\u00f3gy\u00e1szati \u00e9s Onkol\u00f3giai Nap programjaira nagy az \u00e9rdekl\u0151d\u00e9s, de az utols\u00f3 f\u00e9r\u0151helyekre p\u00e9ntekig van m\u00e9g lehet\u0151s\u00e9g regisztr\u00e1lni.<\/div>\n<p>A N\u0151gy\u00f3gy\u00e1szati \u00e9s Onkol\u00f3giai Nap kiscsoportos foglalkoz\u00e1sainak t\u00f6bbs\u00e9ge el\u0151zetesen betelt, de n\u00e9h\u00e1ny hely felszabadult, \u00edgy p\u00e9nteken d\u00e9lig nyitott a lehet\u0151s\u00e9g a feliratkoz\u00e1sra azok sz\u00e1m\u00e1ra, akik esetleg kor\u00e1bban lemaradtak a regisztr\u00e1ci\u00f3r\u00f3l. A nagyl\u00e9tsz\u00e1m\u00fa el\u0151ad\u00e1sok utols\u00f3 helyeire szint\u00e9n p\u00e9ntekig m\u00e9g lehet jelentkezni. A programokhoz a lemond\u00e1sokt\u00f3l f\u00fcgg\u0151en a helysz\u00ednen is lehet majd csatlakozni.<\/p>\n<p>A n\u0151gy\u00f3gy\u00e1szati \u00e9s onkol\u00f3giai t\u00e9m\u00e1k k\u00f6r\u00e9 szervez\u0151dik a Semmelweis Eg\u00e9szs\u00e9g Napok c\u00edm\u0171 rendezv\u00e9nysorozat k\u00f6vetkez\u0151, janu\u00e1r 4-i programja. Az \u00e9rdekl\u0151d\u0151k el\u0151ad\u00e1sokat hallhatnak a medd\u0151s\u00e9gr\u0151l, az endomeztri\u00f3zisr\u00f3l, a korszer\u0171 n\u0151gy\u00f3gy\u00e1szati r\u00e1kvizsg\u00e1latokr\u00f3l, a pajzsmirigy tumor t\u00fcneteir\u0151l \u00e9s kezel\u00e9si lehet\u0151s\u00e9geir\u0151l, az eml\u0151megtart\u00f3 m\u0171t\u00e9tekr\u0151l, az onkol\u00f3giai sz\u0171r\u0151vizsg\u00e1latok fontoss\u00e1g\u00e1r\u00f3l, illetve a kezel\u00e9si lehet\u0151s\u00e9gekr\u0151l. Kiscsoportos foglalkoz\u00e1sokon tan\u00edtj\u00e1k meg a Semmelweis Egyetem szakemberei egyebek mellett az eml\u0151 \u00f6nvizsg\u00e1lat m\u00f3dszer\u00e9t \u00e9s a sz\u00f6vettani leletek \u00e9rtelmez\u00e9s\u00e9t, valamint szem\u00e9lyre sz\u00f3l\u00f3 tan\u00e1csad\u00e1ssal v\u00e1rj\u00e1k a daganatos betegeket \u00e9s csal\u00e1dtagjaikat, akik a betegs\u00e9g okozta hat\u00e9kony stresszkezel\u00e9shez \u00e9s a speci\u00e1lis \u00e9trend tervez\u00e9s\u00e9hez is seg\u00edts\u00e9get kapnak. A r\u00e9sztvev\u0151k a helysz\u00ednen jelentkezhetnek medd\u0151s\u00e9gi sz\u0171r\u0151vizsg\u00e1latra \u00e9s id\u0151pontot foglalhatnak n\u0151gy\u00f3gy\u00e1szati r\u00e1ksz\u0171r\u00e9sre.<\/p>\n<p>A rendezv\u00e9ny ideje alatt a Semmelweis Eg\u00e9szs\u00e9gfejleszt\u00e9si K\u00f6zpont munkat\u00e1rsai eg\u00e9szs\u00e9g\u00fcgyi \u00e1llapotfelm\u00e9r\u00e9ssel, rizik\u00f3becsl\u00e9ssel \u00e9s szem\u00e9lyre szabott tan\u00e1csad\u00e1ssal is v\u00e1rj\u00e1k a bet\u00e9r\u0151ket.<\/p>\n<p>A rendezv\u00e9ny ingyenes, de regisztr\u00e1ci\u00f3hoz k\u00f6t\u00f6tt. <a href=\"https:\/\/semmelweis.hu\/250\/semmelweis-egeszseg-napok\/onkologiai-nap\/\">R\u00e9szletes program \u00e9s jelentkez\u00e9s a semmelweis.hu\/250 oldalon, a Semmelweis Eg\u00e9szs\u00e9g Napok f\u00fclre kattintva.<\/a><\/p>\n<p>Id\u0151pont: 2020. janu\u00e1r 4. (szombat) 10:00 \u2013 15:00<br \/>\nHelysz\u00edn: Semmelweis Egyetem Elm\u00e9leti Orvostudom\u00e1nyi K\u00f6zpont (1094 Budapest, T\u0171zolt\u00f3 utca 37-47.)<br \/>\n-47.)<\/p>\n<p>T\u0151gyi Krisztina<\/p>\n<p>Kiemelt k\u00e9p: Kasz\u00e1s Tam\u00e1s &#8211; K\u00e9pszerkeszt\u0151s\u00e9g<\/p>\n","protected":false},"excerpt":{"rendered":"<p>&nbsp; Az alap\u00edt\u00e1s\u00e1nak 250. \u00e9vfordul\u00f3j\u00e1t \u00fcnnepl\u0151 Semmelweis Egyetem ingyenes, interakt\u00edv, lakoss\u00e1gi, n\u00e9peg\u00e9szs\u00e9g\u00fcgyi rendezv\u00e9nysorozata, a Semmelweis Eg\u00e9szs\u00e9g Napok janu\u00e1r 4-\u00e9n, szombaton folytat\u00f3dik. A N\u0151gy\u00f3gy\u00e1szati \u00e9s Onkol\u00f3giai Nap programjaira nagy az \u00e9rdekl\u0151d\u00e9s, de az utols\u00f3 f\u00e9r\u0151helyekre p\u00e9ntekig van m\u00e9g lehet\u0151s\u00e9g regisztr\u00e1lni. A N\u0151gy\u00f3gy\u00e1szati \u00e9s Onkol\u00f3giai Nap kiscsoportos foglalkoz\u00e1sainak t\u00f6bbs\u00e9ge el\u0151zetesen betelt, de n\u00e9h\u00e1ny hely felszabadult, \u00edgy p\u00e9nteken &hellip;<\/p>\n","protected":false},"author":101610,"featured_media":99357,"comment_status":"closed","ping_status":"closed","sticky":false,"template":"","format":"standard","meta":{"_acf_changed":false,"footnotes":""},"categories":[5],"tags":[],"class_list":["post-99356","post","type-post","status-publish","format-standard","has-post-thumbnail","hentry","category-cikkek"],"acf":[],"_links":{"self":[{"href":"https:\/\/semmelweis.hu\/mediasarok\/wp-json\/wp\/v2\/posts\/99356","targetHints":{"allow":["GET"]}}],"collection":[{"href":"https:\/\/semmelweis.hu\/mediasarok\/wp-json\/wp\/v2\/posts"}],"about":[{"href":"https:\/\/semmelweis.hu\/mediasarok\/wp-json\/wp\/v2\/types\/post"}],"author":[{"embeddable":true,"href":"https:\/\/semmelweis.hu\/mediasarok\/wp-json\/wp\/v2\/users\/101610"}],"replies":[{"embeddable":true,"href":"https:\/\/semmelweis.hu\/mediasarok\/wp-json\/wp\/v2\/comments?post=99356"}],"version-history":[{"count":3,"href":"https:\/\/semmelweis.hu\/mediasarok\/wp-json\/wp\/v2\/posts\/99356\/revisions"}],"predecessor-version":[{"id":99360,"href":"https:\/\/semmelweis.hu\/mediasarok\/wp-json\/wp\/v2\/posts\/99356\/revisions\/99360"}],"wp:featuredmedia":[{"embeddable":true,"href":"https:\/\/semmelweis.hu\/mediasarok\/wp-json\/wp\/v2\/media\/99357"}],"wp:attachment":[{"href":"https:\/\/semmelweis.hu\/mediasarok\/wp-json\/wp\/v2\/media?parent=99356"}],"wp:term":[{"taxonomy":"category","embeddable":true,"href":"https:\/\/semmelweis.hu\/mediasarok\/wp-json\/wp\/v2\/categories?post=99356"},{"taxonomy":"post_tag","embeddable":true,"href":"https:\/\/semmelweis.hu\/mediasarok\/wp-json\/wp\/v2\/tags?post=99356"}],"curies":[{"name":"wp","href":"https:\/\/api.w.org\/{rel}","templated":true}]}}