{"id":99223,"date":"2019-12-23T08:15:12","date_gmt":"2019-12-23T07:15:12","guid":{"rendered":"http:\/\/semmelweis.hu\/mediasarok\/?p=99223"},"modified":"2019-12-22T16:13:00","modified_gmt":"2019-12-22T15:13:00","slug":"a-pajzsmirigy-tumor-kezelesi-lehetosegeirol-is-szo-lesz-a-januari-semmelweis-egeszseg-napon","status":"publish","type":"post","link":"https:\/\/semmelweis.hu\/mediasarok\/2019\/12\/23\/a-pajzsmirigy-tumor-kezelesi-lehetosegeirol-is-szo-lesz-a-januari-semmelweis-egeszseg-napon\/","title":{"rendered":"A pajzsmirigy tumor kezel\u00e9si lehet\u0151s\u00e9geir\u0151l is sz\u00f3 lesz a janu\u00e1ri Semmelweis Eg\u00e9szs\u00e9g Napon"},"content":{"rendered":"<div class=\"lead\">A pajzsmirigy betegs\u00e9gei Magyarorsz\u00e1gon n\u00e9pbetegs\u00e9gnek sz\u00e1m\u00edtanak, a feln\u0151ttek csaknem harmad\u00e1n\u00e1l jelentkeznek. Az \u00e9rintettekn\u00e9l \u00fagynevezett pajzsmirigy g\u00f6b\u00f6k alakulhatnak ki, amelyekb\u0151l ak\u00e1r rosszindulat\u00fa tumor is fejl\u0151dhet. A 250 \u00e9ves Semmelweis Egyetem ingyenes, nagyk\u00f6z\u00f6ns\u00e9gnek sz\u00f3l\u00f3, interakt\u00edv programsorozata, a Semmelweis Eg\u00e9szs\u00e9g Napok k\u00f6vetkez\u0151, janu\u00e1r 4-i rendezv\u00e9ny\u00e9n egyebek mellett a legkorszer\u0171bb vizsg\u00e1lati \u00e9s kezel\u00e9si lehet\u0151s\u00e9gekr\u0151l is sz\u00f3 esik.<\/div>\n<p>A pajzsmirigy \u00e1ltal termelt hormonok az eg\u00e9sz szervezetre hatnak, befoly\u00e1solj\u00e1k az anyagcser\u00e9t, a sz\u00edvritmust, a v\u00e9rnyom\u00e1st, a gyomor \u00e9s a b\u00e9l m\u0171k\u00f6d\u00e9s\u00e9t, az agy teljes\u00edtm\u00e9ny\u00e9t, a nemi m\u0171k\u00f6d\u00e9st, a csontozat, valamint az idegrendszer fejl\u0151d\u00e9s\u00e9t. A pajzsmirigy m\u0171k\u00f6d\u00e9szavarok b\u00e1rmelyik \u00e9letkorban megjelenhetnek, n\u00e9pbetegs\u00e9gnek sz\u00e1m\u00edtanak \u00e9s els\u0151sorban a n\u0151ket \u00e9rintik. A pajzsmirigy egyik leggyakoribb elv\u00e1ltoz\u00e1sa az \u00fagynevezett pajzsmirigy g\u00f6b. Ezek n\u00e9melyike \u00e1rtalmatlan, n\u00e9melyik azonban vesz\u00e9lyes, mert tumor alakulhat ki bel\u0151le. A janu\u00e1ri Semmelweis Eg\u00e9szs\u00e9g Napon Dr. Tak\u00e1cs Istv\u00e1n, az I. Sz. Belgy\u00f3gy\u00e1szati \u00e9s Onkol\u00f3giai Klinika igazgat\u00f3ja ismerteti a kialakul\u00e1s folyamat\u00e1t, besz\u00e9l a r\u00e9gi \u00e9s a leg\u00fajabb vizsg\u00e1lati m\u00f3dszerekr\u0151l az ultrahangt\u00f3l a genetikai meghat\u00e1roz\u00e1sig, valamint betekint\u00e9st ny\u00fajt a pajzsmirigy tumorok legkorszer\u0171bb kezel\u00e9si lehet\u0151s\u00e9geibe is. Az el\u0151ad\u00e1son a betegs\u00e9g kock\u00e1zati t\u00e9nyez\u0151ir\u0151l \u00e9s a megel\u0151z\u00e9si lehet\u0151s\u00e9gekr\u0151l is sz\u00f3 lesz.<\/p>\n<p>A Semmelweis Eg\u00e9szs\u00e9g Nap programjai ingyenesek, de a r\u00e9szv\u00e9tel regisztr\u00e1ci\u00f3hoz k\u00f6t\u00f6tt. R\u00e9szletes program \u00e9s jelentkez\u00e9s <a href=\"https:\/\/semmelweis.hu\/250\/semmelweis-egeszseg-napok\/onkologiai-nap\/\">a semmelweis.hu\/250 oldalon, a Semmelweis Eg\u00e9szs\u00e9g Napok f\u00fclre kattintva, a N\u0151gy\u00f3gy\u00e1szati \u00e9s Onkol\u00f3giai Nap programjain\u00e1l lehets\u00e9ges<\/a>. A betelt programokra a helysz\u00ednen, a lemond\u00e1sokt\u00f3l f\u00fcgg\u0151en lehet regisztr\u00e1lni.<\/p>\n<p>Id\u0151pont: 2020. janu\u00e1r 4. (szombat) 10:00 \u2013 15:00<\/p>\n<p>Helysz\u00edn: Semmelweis Egyetem Elm\u00e9leti Orvostudom\u00e1nyi K\u00f6zpont (1094 Budapest, T\u0171zolt\u00f3 utca 37-47.)<\/p>\n<p>T\u0151gyi Krisztina<\/p>\n<p>Fot\u00f3: Kov\u00e1cs Attila-Semmelweis Egyetem\u00a0<\/p>\n","protected":false},"excerpt":{"rendered":"<p>A pajzsmirigy betegs\u00e9gei a feln\u0151ttek csaknem harmad\u00e1n\u00e1l jelentkeznek.<\/p>\n","protected":false},"author":101610,"featured_media":99224,"comment_status":"closed","ping_status":"closed","sticky":false,"template":"","format":"standard","meta":{"_acf_changed":false,"footnotes":""},"categories":[5],"tags":[],"class_list":["post-99223","post","type-post","status-publish","format-standard","has-post-thumbnail","hentry","category-cikkek"],"acf":[],"_links":{"self":[{"href":"https:\/\/semmelweis.hu\/mediasarok\/wp-json\/wp\/v2\/posts\/99223","targetHints":{"allow":["GET"]}}],"collection":[{"href":"https:\/\/semmelweis.hu\/mediasarok\/wp-json\/wp\/v2\/posts"}],"about":[{"href":"https:\/\/semmelweis.hu\/mediasarok\/wp-json\/wp\/v2\/types\/post"}],"author":[{"embeddable":true,"href":"https:\/\/semmelweis.hu\/mediasarok\/wp-json\/wp\/v2\/users\/101610"}],"replies":[{"embeddable":true,"href":"https:\/\/semmelweis.hu\/mediasarok\/wp-json\/wp\/v2\/comments?post=99223"}],"version-history":[{"count":2,"href":"https:\/\/semmelweis.hu\/mediasarok\/wp-json\/wp\/v2\/posts\/99223\/revisions"}],"predecessor-version":[{"id":99231,"href":"https:\/\/semmelweis.hu\/mediasarok\/wp-json\/wp\/v2\/posts\/99223\/revisions\/99231"}],"wp:featuredmedia":[{"embeddable":true,"href":"https:\/\/semmelweis.hu\/mediasarok\/wp-json\/wp\/v2\/media\/99224"}],"wp:attachment":[{"href":"https:\/\/semmelweis.hu\/mediasarok\/wp-json\/wp\/v2\/media?parent=99223"}],"wp:term":[{"taxonomy":"category","embeddable":true,"href":"https:\/\/semmelweis.hu\/mediasarok\/wp-json\/wp\/v2\/categories?post=99223"},{"taxonomy":"post_tag","embeddable":true,"href":"https:\/\/semmelweis.hu\/mediasarok\/wp-json\/wp\/v2\/tags?post=99223"}],"curies":[{"name":"wp","href":"https:\/\/api.w.org\/{rel}","templated":true}]}}