{"id":98792,"date":"2019-12-03T12:41:09","date_gmt":"2019-12-03T11:41:09","guid":{"rendered":"http:\/\/semmelweis.hu\/mediasarok\/?p=98792"},"modified":"2019-12-03T12:48:51","modified_gmt":"2019-12-03T11:48:51","slug":"kozlemeny-2019-december-3","status":"publish","type":"post","link":"https:\/\/semmelweis.hu\/mediasarok\/2019\/12\/03\/kozlemeny-2019-december-3\/","title":{"rendered":"K\u00f6zlem\u00e9ny 2019. december 3."},"content":{"rendered":"<p>T\u0171z volt a Semmelweis Egyetem I. sz\u00e1m\u00fa Gyermekgy\u00f3gy\u00e1szati Klinik\u00e1j\u00e1nak Perinat\u00e1lis Intenz\u00edv Centrum\u00e1ban (PIC), ahol az egyik oxig\u00e9npalack burkolata kapott l\u00e1ngra. Egy munkat\u00e1rs k\u00f6nny\u0171 s\u00e9r\u00fcl\u00e9st szenvedett, akit a helysz\u00ednen ell\u00e1ttak, a betegek k\u00f6z\u00fcl senki nem s\u00e9r\u00fclt meg. A h\u00e1rom\u00e1gyas k\u00f3rtermet azonnal ki\u00fcr\u00edtett\u00e9k \u00e9s a t\u0171zolt\u00f3k ki\u00e9rkez\u00e9se el\u0151tt porral olt\u00f3val a l\u00e1ngok terjed\u00e9s\u00e9t megf\u00e9kezt\u00e9k. Az\u00f3ta a klinik\u00e1n helyre\u00e1llt a rend \u00e9s zavartalan a betegell\u00e1t\u00e1s.<\/p>\n","protected":false},"excerpt":{"rendered":"<p>T\u0171z volt a Semmelweis Egyetem I. sz\u00e1m\u00fa Gyermekgy\u00f3gy\u00e1szati Klinik\u00e1j\u00e1nak Perinat\u00e1lis Intenz\u00edv Centrum\u00e1ban (PIC), ahol az egyik oxig\u00e9npalack burkolata kapott l\u00e1ngra. Egy munkat\u00e1rs k\u00f6nny\u0171 s\u00e9r\u00fcl\u00e9st szenvedett, akit a helysz\u00ednen ell\u00e1ttak, a betegek k\u00f6z\u00fcl senki nem s\u00e9r\u00fclt meg. A h\u00e1rom\u00e1gyas k\u00f3rtermet azonnal ki\u00fcr\u00edtett\u00e9k \u00e9s a t\u0171zolt\u00f3k ki\u00e9rkez\u00e9se el\u0151tt porral olt\u00f3val a l\u00e1ngok terjed\u00e9s\u00e9t megf\u00e9kezt\u00e9k. Az\u00f3ta a klinik\u00e1n &hellip;<\/p>\n","protected":false},"author":101610,"featured_media":22775,"comment_status":"closed","ping_status":"closed","sticky":false,"template":"","format":"standard","meta":{"_acf_changed":false,"footnotes":""},"categories":[5],"tags":[],"class_list":["post-98792","post","type-post","status-publish","format-standard","has-post-thumbnail","hentry","category-cikkek"],"acf":[],"_links":{"self":[{"href":"https:\/\/semmelweis.hu\/mediasarok\/wp-json\/wp\/v2\/posts\/98792","targetHints":{"allow":["GET"]}}],"collection":[{"href":"https:\/\/semmelweis.hu\/mediasarok\/wp-json\/wp\/v2\/posts"}],"about":[{"href":"https:\/\/semmelweis.hu\/mediasarok\/wp-json\/wp\/v2\/types\/post"}],"author":[{"embeddable":true,"href":"https:\/\/semmelweis.hu\/mediasarok\/wp-json\/wp\/v2\/users\/101610"}],"replies":[{"embeddable":true,"href":"https:\/\/semmelweis.hu\/mediasarok\/wp-json\/wp\/v2\/comments?post=98792"}],"version-history":[{"count":3,"href":"https:\/\/semmelweis.hu\/mediasarok\/wp-json\/wp\/v2\/posts\/98792\/revisions"}],"predecessor-version":[{"id":98795,"href":"https:\/\/semmelweis.hu\/mediasarok\/wp-json\/wp\/v2\/posts\/98792\/revisions\/98795"}],"wp:featuredmedia":[{"embeddable":true,"href":"https:\/\/semmelweis.hu\/mediasarok\/wp-json\/wp\/v2\/media\/22775"}],"wp:attachment":[{"href":"https:\/\/semmelweis.hu\/mediasarok\/wp-json\/wp\/v2\/media?parent=98792"}],"wp:term":[{"taxonomy":"category","embeddable":true,"href":"https:\/\/semmelweis.hu\/mediasarok\/wp-json\/wp\/v2\/categories?post=98792"},{"taxonomy":"post_tag","embeddable":true,"href":"https:\/\/semmelweis.hu\/mediasarok\/wp-json\/wp\/v2\/tags?post=98792"}],"curies":[{"name":"wp","href":"https:\/\/api.w.org\/{rel}","templated":true}]}}