{"id":98285,"date":"2019-11-15T12:38:17","date_gmt":"2019-11-15T11:38:17","guid":{"rendered":"http:\/\/semmelweis.hu\/mediasarok\/?p=98285"},"modified":"2019-11-18T06:51:14","modified_gmt":"2019-11-18T05:51:14","slug":"meghivo-dr-roska-botond-a-semmelweis-budapest-award-idei-dijazottja","status":"publish","type":"post","link":"https:\/\/semmelweis.hu\/mediasarok\/2019\/11\/15\/meghivo-dr-roska-botond-a-semmelweis-budapest-award-idei-dijazottja\/","title":{"rendered":"Dr. Roska Botond a Semmelweis Budapest Award idei d\u00edjazottja"},"content":{"rendered":"<p>A Nobel-d\u00edj el\u0151szob\u00e1j\u00e1nak tartott Louis Jeantet-d\u00edjas magyar neurobiol\u00f3gus veheti \u00e1t a Semmelweis Egyetem legnagyobb preszt\u00edzs\u0171 nemzetk\u00f6zi tudom\u00e1nyos elismer\u00e9s\u00e9t a Semmelweis Budapest Awardot. Dr. Roska Botond munkat\u00e1rsaival az emberi l\u00e1t\u00e1s vissza\u00e1ll\u00edt\u00e1s\u00e1n dolgozik, kutat\u00e1saik eredm\u00e9nyek\u00e9nt hamarosan gy\u00f3gy\u00edthat\u00f3v\u00e1 v\u00e1lhatnak a vaks\u00e1g azon t\u00edpusai, amelyeket a szem f\u00e9ny\u00e9rz\u00e9kel\u00e9si k\u00e9pess\u00e9g\u00e9nek elveszt\u00e9se okoz. A kutat\u00f3orvos a Semmelweis Egyetemen szerezte diplom\u00e1j\u00e1t, jelenleg a B\u00e1zeli Molekul\u00e1ris \u00e9s Klinikai Szem\u00e9szeti Int\u00e9zet igazgat\u00f3ja, a B\u00e1zeli Egyetem Orvostudom\u00e1nyi Kar\u00e1nak professzora, \u00e9s a Friedrich Miescher Orvosi Kutat\u00f3int\u00e9zet neurobiol\u00f3giai kutat\u00f3csoportj\u00e1nak vezet\u0151je.<\/p>\n<p>A Semmelweis Budapest Awardot az egyetem szen\u00e1tusa 2009-ben alap\u00edtotta, az olyan term\u00e9szettudom\u00e1nyos ter\u00fcleten dolgoz\u00f3, vil\u00e1gszerte elismert eredm\u00e9nyeket el\u00e9r\u0151 tud\u00f3sok elismer\u00e9s\u00e9re, akiknek munk\u00e1ss\u00e1ga \u00faj utat mutat \u00e9s az emberis\u00e9g fejl\u0151d\u00e9s\u00e9t szolg\u00e1lja.<\/p>\n<p><strong>Id\u0151pont:<\/strong> november 18. (h\u00e9tf\u0151) 15.00<\/p>\n<p><strong>Helysz\u00edn:<\/strong> Semmelweis Egyetem, Szem\u00e9szeti Klinika (1085 Budapest, M\u00e1ria u. 39.) tanterem<\/p>\n<p><strong>Program<\/strong><\/p>\n<p>15:00 \u201315:10 \u2013 Dr. Merkely B\u00e9la, a Semmelweis Egyetem rektor\u00e1nak k\u00f6sz\u00f6nt\u0151je<br \/>\n15:10 -15:15 \u2013 Professor Emerita, Professor Emeritus c\u00edmek \u00e1tad\u00e1sa<\/p>\n<p>15:15-16:25 &#8211; Tudom\u00e1nyos el\u0151ad\u00e1sok<\/p>\n<p>\u2022 Dr. R\u00f3zsa Bal\u00e1zs\u00a0<br \/>\n\u2022 Dr. Szab\u00f3 Arnold<br \/>\n\u2022 Dr. Nagy Zolt\u00e1n Zsolt, a Szem\u00e9szeti Klinika igazgat\u00f3ja<\/p>\n<p>16:25-16:30 \u2013 technikai sz\u00fcnet<br \/>\n16:30-16:40 \u2013 Semmelweis Budapest Award d\u00edj \u00e1tad\u00e1sa<br \/>\n16:40-17:10 \u2013 Dr. Roska Botond tudom\u00e1nyos el\u0151ad\u00e1sa<br \/>\n17:10-17:20 \u2013 Dr. Palkovics L\u00e1szl\u00f3 innov\u00e1ci\u00f3s \u00e9s technol\u00f3giai miniszter z\u00e1r\u00f3 gondolatai<\/p>\n<p>Az esem\u00e9ny sajt\u00f3nyilv\u00e1nos. A m\u00e9dia k\u00e9pvisel\u0151inek a rendezv\u00e9ny kezd\u00e9sekor, vagyis 15:00-kor, valamint 16:25-kor, a sz\u00fcnetben lesz lehet\u0151s\u00e9g\u00fck csatlakozni a d\u00edj\u00e1tad\u00f3hoz. Az esem\u00e9ny k\u00e9tnyelv\u0171 (angol \u00e9s magyar), a tudom\u00e1nyos el\u0151ad\u00e1sok azonban kiz\u00e1r\u00f3lag angol nyelven hallhat\u00f3ak.<\/p>\n<p>K\u00e9rj\u00fck, hogy r\u00e9szv\u00e9teli sz\u00e1nd\u00e9kukat \u2013 legk\u00e9s\u0151bb november 17-\u00e9n 17 \u00f3r\u00e1ig \u2013 sz\u00edveskedjenek jelezni a hirek@semmelweis-univ.hu e-mail c\u00edmen<\/p>\n","protected":false},"excerpt":{"rendered":"<p>A Nobel-d\u00edj el\u0151szob\u00e1j\u00e1nak tartott Louis Jeantet-d\u00edjas magyar neurobiol\u00f3gus veheti \u00e1t a Semmelweis Egyetem legnagyobb preszt\u00edzs\u0171 nemzetk\u00f6zi tudom\u00e1nyos elismer\u00e9s\u00e9t a Semmelweis Budapest Awardot. Dr. Roska Botond munkat\u00e1rsaival az emberi l\u00e1t\u00e1s vissza\u00e1ll\u00edt\u00e1s\u00e1n dolgozik, kutat\u00e1saik eredm\u00e9nyek\u00e9nt hamarosan gy\u00f3gy\u00edthat\u00f3v\u00e1 v\u00e1lhatnak a vaks\u00e1g azon t\u00edpusai, amelyeket a szem f\u00e9ny\u00e9rz\u00e9kel\u00e9si k\u00e9pess\u00e9g\u00e9nek elveszt\u00e9se okoz. A kutat\u00f3orvos a Semmelweis Egyetemen szerezte diplom\u00e1j\u00e1t, jelenleg &hellip;<\/p>\n","protected":false},"author":101405,"featured_media":16355,"comment_status":"closed","ping_status":"closed","sticky":false,"template":"","format":"standard","meta":{"_acf_changed":false,"footnotes":""},"categories":[5],"tags":[733],"class_list":["post-98285","post","type-post","status-publish","format-standard","has-post-thumbnail","hentry","category-cikkek","tag-meghivo"],"acf":[],"_links":{"self":[{"href":"https:\/\/semmelweis.hu\/mediasarok\/wp-json\/wp\/v2\/posts\/98285","targetHints":{"allow":["GET"]}}],"collection":[{"href":"https:\/\/semmelweis.hu\/mediasarok\/wp-json\/wp\/v2\/posts"}],"about":[{"href":"https:\/\/semmelweis.hu\/mediasarok\/wp-json\/wp\/v2\/types\/post"}],"author":[{"embeddable":true,"href":"https:\/\/semmelweis.hu\/mediasarok\/wp-json\/wp\/v2\/users\/101405"}],"replies":[{"embeddable":true,"href":"https:\/\/semmelweis.hu\/mediasarok\/wp-json\/wp\/v2\/comments?post=98285"}],"version-history":[{"count":10,"href":"https:\/\/semmelweis.hu\/mediasarok\/wp-json\/wp\/v2\/posts\/98285\/revisions"}],"predecessor-version":[{"id":98329,"href":"https:\/\/semmelweis.hu\/mediasarok\/wp-json\/wp\/v2\/posts\/98285\/revisions\/98329"}],"wp:featuredmedia":[{"embeddable":true,"href":"https:\/\/semmelweis.hu\/mediasarok\/wp-json\/wp\/v2\/media\/16355"}],"wp:attachment":[{"href":"https:\/\/semmelweis.hu\/mediasarok\/wp-json\/wp\/v2\/media?parent=98285"}],"wp:term":[{"taxonomy":"category","embeddable":true,"href":"https:\/\/semmelweis.hu\/mediasarok\/wp-json\/wp\/v2\/categories?post=98285"},{"taxonomy":"post_tag","embeddable":true,"href":"https:\/\/semmelweis.hu\/mediasarok\/wp-json\/wp\/v2\/tags?post=98285"}],"curies":[{"name":"wp","href":"https:\/\/api.w.org\/{rel}","templated":true}]}}