{"id":98056,"date":"2019-11-06T15:02:03","date_gmt":"2019-11-06T14:02:03","guid":{"rendered":"http:\/\/semmelweis.hu\/mediasarok\/?p=98056"},"modified":"2019-11-06T15:33:18","modified_gmt":"2019-11-06T14:33:18","slug":"meghivo-sajtotajekoztato-a-semmelweis-ec-indulasarol","status":"publish","type":"post","link":"https:\/\/semmelweis.hu\/mediasarok\/2019\/11\/06\/meghivo-sajtotajekoztato-a-semmelweis-ec-indulasarol\/","title":{"rendered":"MEGH\u00cdV\u00d3: Semmelweis EC indul\u00e1sa \u00e9s sz\u00fclet\u00e9snapi fogad\u00e1s"},"content":{"rendered":"<p>A Semmelweis Egyetem <a href=\"https:\/\/semmelweis.hu\/250\/timeline\/\">t\u00f6rt\u00e9nete <\/a>napra pontosan 250 \u00e9ve, 1769. november 7-\u00e9n kezd\u0151d\u00f6tt, amikor M\u00e1ria Ter\u00e9zia orvosi karral eg\u00e9sz\u00edtette ki a Nagyszombati Egyetemet.<\/p>\n<p>A hat karral m\u0171k\u00f6d\u0151 Semmelweis Egyetem Magyarorsz\u00e1g legr\u00e9gebbi orvosk\u00e9pz\u0151 int\u00e9zm\u00e9nye. H\u00e1rom f\u0151 tev\u00e9kenys\u00e9ge az oktat\u00e1s, kutat\u00e1s \u00e9s gy\u00f3gy\u00edt\u00e1s. Ez a h\u00e1rmas egys\u00e9g teszi nemzetk\u00f6zileg is elismert tud\u00e1sk\u00f6zpontt\u00e1.<\/p>\n<p>Sz\u00e1mos m\u0171t\u00e9ti beavatkoz\u00e1s \u00e9s eg\u00e9szs\u00e9g\u00fcgyi innov\u00e1ci\u00f3 <a href=\"https:\/\/semmelweis.hu\/az-egyetemrol\/az-egyetem-bemutatasa\/legek-a-semmelweis-egyetemen\/\">itt jelent meg el\u0151sz\u00f6r<\/a> hazai szinten.<\/p>\n<p>Az egyetem 2019. szeptembere \u00e9s 2020. j\u00faniusa k\u00f6z\u00f6tt nagyszab\u00e1s\u00fa programsorozattal \u00fcnnepli fenn\u00e1ll\u00e1s\u00e1nak 250. \u00e9vfordul\u00f3j\u00e1t. Az ingyenes,<a href=\"https:\/\/semmelweis.hu\/250\/semmelweis-egeszseg-napok\/\"> lakoss\u00e1gi programok<\/a> mellett, november 4. \u00e9s 8. k\u00f6z\u00f6tt nemzetk\u00f6zi, tudom\u00e1nyos rendezv\u00e9nyeket tartanak az egyetemen, november 7-\u00e9n \u00a0pedig a Keleti P\u00e1lyaudvarr\u00f3l \u00fatj\u00e1ra indul a Budapest-B\u00e9cs-Budapest vonalon a <a href=\"https:\/\/semmelweis.hu\/mediasarok\/2019\/11\/06\/meghivo-a-250-eves-semmelweis-egyetem-es-a-mav-zrt-kozos-sajtotajekoztatoja\/\">Semmelweis EC.<\/a> A sajt\u00f3t\u00e1j\u00e9koztat\u00f3 ut\u00e1n az egyetem munkat\u00e1rsai sz\u00fclet\u00e9snapi tort\u00e1val \u00fcnneplik a jubileumot. <br \/>\nAz \u00fcnneps\u00e9g sajt\u00f3nyilv\u00e1nos, melyre szeretettel v\u00e1rjuk!<\/p>\n<p><span style=\"text-decoration: underline\">R\u00e9szletek:<\/span><\/p>\n<p><strong>Sajt\u00f3t\u00e1j\u00e9koztat\u00f3 a Semmelweis EC indul\u00e1s\u00e1r\u00f3l<\/strong><\/p>\n<p>Helysz\u00edn: Keleti p\u00e1lyaudvar, \u00dczleti v\u00e1r\u00f3terem<\/p>\n<p>Id\u0151pont: 2019. november 7., 10:00<\/p>\n<p><a href=\"https:\/\/semmelweis.hu\/mediasarok\/2019\/11\/06\/meghivo-a-250-eves-semmelweis-egyetem-es-a-mav-zrt-kozos-sajtotajekoztatoja\/\">Program ide kattintva olvashat\u00f3.<\/a><\/p>\n<p><strong><br \/>\n\u00dcnnepi fogad\u00e1s a 250. sz\u00fclet\u00e9snap alkalm\u00e1b\u00f3l<\/strong><\/p>\n<p>Helysz\u00edn: Elm\u00e9leti Orvostudom\u00e1nyi K\u00f6zpont (EOK), 1094 Budapest, T\u0171zolt\u00f3 utca 37-43.\u00a0<\/p>\n<p>Id\u0151pont: 2019. 11. 07. 11:45<\/p>\n<p><span style=\"text-decoration: underline\"><span style=\"font-size: 1rem\">Program:<\/span><\/span><\/p>\n<p>12:00 \u2013 Rektori k\u00f6sz\u00f6nt\u0151<\/p>\n<p>12:10 \u2013 Jubileumi torta, fogad\u00e1s<\/p>\n<p>&nbsp;<\/p>\n","protected":false},"excerpt":{"rendered":"<p>A Semmelweis Egyetem <a href=\"https:\/\/semmelweis.hu\/250\/timeline\/\">t\u00f6rt\u00e9nete <\/a> napra pontosan 250 \u00e9ve, 1769. november 7-\u00e9n kezd\u0151d\u00f6tt, amikor M\u00e1ria Ter\u00e9zia orvosi karral eg\u00e9sz\u00edtette ki a Nagyszombati Egyetemet. A hat karral m\u0171k\u00f6d\u0151 Semmelweis Egyetem Magyarorsz\u00e1g legr\u00e9gebbi orvosk\u00e9pz\u0151 int\u00e9zm\u00e9nye. H\u00e1rom f\u0151 tev\u00e9kenys\u00e9ge az oktat\u00e1s, kutat\u00e1s \u00e9s gy\u00f3gy\u00edt\u00e1s. Ez a h\u00e1rmas egys\u00e9g teszi nemzetk\u00f6zileg is elismert tud\u00e1sk\u00f6zpontt\u00e1. Sz\u00e1mos m\u0171t\u00e9ti beavatkoz\u00e1s \u00e9s eg\u00e9szs\u00e9g\u00fcgyi innov\u00e1ci\u00f3 <a href=\"https:\/\/semmelweis.hu\/az-egyetemrol\/az-egyetem-bemutatasa\/legek-a-semmelweis-egyetemen\/\">itt jelent meg el\u0151sz\u00f6r<\/a> hazai &hellip;<\/p>\n","protected":false},"author":101282,"featured_media":16355,"comment_status":"closed","ping_status":"closed","sticky":false,"template":"","format":"standard","meta":{"_acf_changed":false,"footnotes":""},"categories":[5],"tags":[733],"class_list":["post-98056","post","type-post","status-publish","format-standard","has-post-thumbnail","hentry","category-cikkek","tag-meghivo"],"acf":[],"_links":{"self":[{"href":"https:\/\/semmelweis.hu\/mediasarok\/wp-json\/wp\/v2\/posts\/98056","targetHints":{"allow":["GET"]}}],"collection":[{"href":"https:\/\/semmelweis.hu\/mediasarok\/wp-json\/wp\/v2\/posts"}],"about":[{"href":"https:\/\/semmelweis.hu\/mediasarok\/wp-json\/wp\/v2\/types\/post"}],"author":[{"embeddable":true,"href":"https:\/\/semmelweis.hu\/mediasarok\/wp-json\/wp\/v2\/users\/101282"}],"replies":[{"embeddable":true,"href":"https:\/\/semmelweis.hu\/mediasarok\/wp-json\/wp\/v2\/comments?post=98056"}],"version-history":[{"count":10,"href":"https:\/\/semmelweis.hu\/mediasarok\/wp-json\/wp\/v2\/posts\/98056\/revisions"}],"predecessor-version":[{"id":98069,"href":"https:\/\/semmelweis.hu\/mediasarok\/wp-json\/wp\/v2\/posts\/98056\/revisions\/98069"}],"wp:featuredmedia":[{"embeddable":true,"href":"https:\/\/semmelweis.hu\/mediasarok\/wp-json\/wp\/v2\/media\/16355"}],"wp:attachment":[{"href":"https:\/\/semmelweis.hu\/mediasarok\/wp-json\/wp\/v2\/media?parent=98056"}],"wp:term":[{"taxonomy":"category","embeddable":true,"href":"https:\/\/semmelweis.hu\/mediasarok\/wp-json\/wp\/v2\/categories?post=98056"},{"taxonomy":"post_tag","embeddable":true,"href":"https:\/\/semmelweis.hu\/mediasarok\/wp-json\/wp\/v2\/tags?post=98056"}],"curies":[{"name":"wp","href":"https:\/\/api.w.org\/{rel}","templated":true}]}}