{"id":97917,"date":"2019-11-04T09:27:19","date_gmt":"2019-11-04T08:27:19","guid":{"rendered":"http:\/\/semmelweis.hu\/mediasarok\/?p=97917"},"modified":"2019-11-04T09:27:19","modified_gmt":"2019-11-04T08:27:19","slug":"visszaeles-a-semmelweis-egyetem-nevevel","status":"publish","type":"post","link":"https:\/\/semmelweis.hu\/mediasarok\/2019\/11\/04\/visszaeles-a-semmelweis-egyetem-nevevel\/","title":{"rendered":"Vissza\u00e9l\u00e9s a Semmelweis Egyetem nev\u00e9vel"},"content":{"rendered":"<p>A Semmelweis Egyetem nev\u00e9vel vissza\u00e9lve rekl\u00e1moznak egy olyan szert, mely garant\u00e1lja a sz\u00edv- \u00e9rrendszeri betegs\u00e9gek \u201eteljes m\u00e9rt\u00e9k\u0171 gy\u00f3gyul\u00e1s\u00e1t\u201d. Az online fel\u00fcleten el\u00e9rhet\u0151 cikk hamisan azt \u00e1ll\u00edtja, hogy a k\u00e9sz\u00edtm\u00e9nyt az egyetem V\u00e1rosmajori Sz\u00edv- \u00e9s \u00c9rgy\u00f3gy\u00e1szati Klinik\u00e1j\u00e1n fejlesztett\u00e9k ki, \u00e9s azt sugallja, mintha a klinika Professor emeritusa megv\u00e1s\u00e1rl\u00e1sra aj\u00e1nlan\u00e1 a term\u00e9ket, ez\u00e9rt a Semmelweis Egyetem megteszi a sz\u00fcks\u00e9ges jogi l\u00e9p\u00e9seket, de addig k\u00e9rj\u00fck, hogy gy\u00f3gyhat\u00e1s\u00fa k\u00e9sz\u00edtm\u00e9nyeket kiz\u00e1r\u00f3lag Magyarorsz\u00e1gon enged\u00e9lyezett helyr\u0151l, leg\u00e1lis forr\u00e1sb\u00f3l, orvosukkal val\u00f3 konzult\u00e1ci\u00f3 ut\u00e1n szerezzenek be a fogyaszt\u00f3k. A biztons\u00e1gos gy\u00f3gyszerv\u00e1s\u00e1rl\u00e1shoz seg\u00edts\u00e9get ny\u00fajt az <a href=\"https:\/\/www.ogyei.gov.hu\/megbizhat%C3%B3_gyogyszer\/\">Orsz\u00e1gos Gy\u00f3gyszer\u00e9szeti \u00e9s \u00c9lelmez\u00e9s-eg\u00e9szs\u00e9g\u00fcgyi Int\u00e9zet (OGY\u00c9I) honlapj\u00e1n<\/a> olvashat\u00f3 \u00f6sszefoglal\u00f3.<\/p>\n","protected":false},"excerpt":{"rendered":"<p>A Semmelweis Egyetem nev\u00e9vel vissza\u00e9lve rekl\u00e1moznak egy olyan szert, mely garant\u00e1lja a sz\u00edv- \u00e9rrendszeri betegs\u00e9gek \u201eteljes m\u00e9rt\u00e9k\u0171 gy\u00f3gyul\u00e1s\u00e1t\u201d. Az online fel\u00fcleten el\u00e9rhet\u0151 cikk hamisan azt \u00e1ll\u00edtja, hogy a k\u00e9sz\u00edtm\u00e9nyt az egyetem V\u00e1rosmajori Sz\u00edv- \u00e9s \u00c9rgy\u00f3gy\u00e1szati Klinik\u00e1j\u00e1n fejlesztett\u00e9k ki, \u00e9s azt sugallja, mintha a klinika Professor emeritusa megv\u00e1s\u00e1rl\u00e1sra aj\u00e1nlan\u00e1 a term\u00e9ket, ez\u00e9rt a Semmelweis Egyetem megteszi &hellip;<\/p>\n","protected":false},"author":101610,"featured_media":22775,"comment_status":"closed","ping_status":"closed","sticky":false,"template":"","format":"standard","meta":{"_acf_changed":false,"footnotes":""},"categories":[5],"tags":[],"class_list":["post-97917","post","type-post","status-publish","format-standard","has-post-thumbnail","hentry","category-cikkek"],"acf":[],"_links":{"self":[{"href":"https:\/\/semmelweis.hu\/mediasarok\/wp-json\/wp\/v2\/posts\/97917","targetHints":{"allow":["GET"]}}],"collection":[{"href":"https:\/\/semmelweis.hu\/mediasarok\/wp-json\/wp\/v2\/posts"}],"about":[{"href":"https:\/\/semmelweis.hu\/mediasarok\/wp-json\/wp\/v2\/types\/post"}],"author":[{"embeddable":true,"href":"https:\/\/semmelweis.hu\/mediasarok\/wp-json\/wp\/v2\/users\/101610"}],"replies":[{"embeddable":true,"href":"https:\/\/semmelweis.hu\/mediasarok\/wp-json\/wp\/v2\/comments?post=97917"}],"version-history":[{"count":2,"href":"https:\/\/semmelweis.hu\/mediasarok\/wp-json\/wp\/v2\/posts\/97917\/revisions"}],"predecessor-version":[{"id":97919,"href":"https:\/\/semmelweis.hu\/mediasarok\/wp-json\/wp\/v2\/posts\/97917\/revisions\/97919"}],"wp:featuredmedia":[{"embeddable":true,"href":"https:\/\/semmelweis.hu\/mediasarok\/wp-json\/wp\/v2\/media\/22775"}],"wp:attachment":[{"href":"https:\/\/semmelweis.hu\/mediasarok\/wp-json\/wp\/v2\/media?parent=97917"}],"wp:term":[{"taxonomy":"category","embeddable":true,"href":"https:\/\/semmelweis.hu\/mediasarok\/wp-json\/wp\/v2\/categories?post=97917"},{"taxonomy":"post_tag","embeddable":true,"href":"https:\/\/semmelweis.hu\/mediasarok\/wp-json\/wp\/v2\/tags?post=97917"}],"curies":[{"name":"wp","href":"https:\/\/api.w.org\/{rel}","templated":true}]}}