{"id":96974,"date":"2019-09-30T11:09:45","date_gmt":"2019-09-30T09:09:45","guid":{"rendered":"http:\/\/semmelweis.hu\/mediasarok\/?p=96974"},"modified":"2019-09-30T11:18:10","modified_gmt":"2019-09-30T09:18:10","slug":"meghivo-rehabilitacios-medicina-tanszeket-alapit-a-semmelweis-egyetem","status":"publish","type":"post","link":"https:\/\/semmelweis.hu\/mediasarok\/2019\/09\/30\/meghivo-rehabilitacios-medicina-tanszeket-alapit-a-semmelweis-egyetem\/","title":{"rendered":"MEGH\u00cdV\u00d3: Rehabilit\u00e1ci\u00f3s Medicina Tansz\u00e9ket alap\u00edt a Semmelweis Egyetem"},"content":{"rendered":"<p>Az \u00faj szervezeti egys\u00e9g a Semmelweis Egyetem alap\u00edt\u00e1s\u00e1nak 250. jubileumi \u00e9v\u00e9ben kezdi meg a m\u0171k\u00f6d\u00e9s\u00e9t. A Rehabilit\u00e1ci\u00f3s Medicina Tansz\u00e9k l\u00e9trehoz\u00e1sa az egyetem orvosk\u00e9pz\u00e9s\u00e9t \u00e9rint\u0151 kurrikulomreform szerves r\u00e9sze, melynek k\u00f6sz\u00f6nhet\u0151en 2020-t\u00f3l az \u00f6t\u00f6d\u00e9ves blokkgyakorlatok k\u00f6z\u00f6tt elindulhat a rehabilit\u00e1ci\u00f3s medicina, mint k\u00f6telez\u0151 tant\u00e1rgy. Az \u00faj szervezeti egys\u00e9g az Orsz\u00e1gos Orvosi Rehabilit\u00e1ci\u00f3s Int\u00e9zet (OORI) b\u00e1zis\u00e1n egy \u00faj, modern hidro-sport-ergoter\u00e1pi\u00e1s egys\u00e9gekkel ell\u00e1tott t\u00f6mb\u00e9p\u00fcletben fog m\u0171k\u00f6dni, ahol 422 fekv\u0151beteg \u00e1gyon a legs\u00falyosabb hazai eseteket &#8211; vegetat\u00edv \u00e1llapot\u00fa betegek, magas nyaki gerincvel\u0151 b\u00e9nultak, v\u00e9gtag amput\u00e1ltak, politraumatiz\u00e1ltak \u2013 l\u00e1tj\u00e1k el. Az \u00faj tansz\u00e9k l\u00e9trehoz\u00e1s\u00e1nak k\u00f6sz\u00f6nhet\u0151en m\u00e9ly\u00fclhetnek a m\u00e1r l\u00e9tez\u0151 egy\u00fcttm\u0171k\u00f6d\u00e9sek az egyetem \u00e9s az OORI k\u00f6z\u00f6tt, emellett \u00faj, m\u00e9g hi\u00e1nyz\u00f3 ter\u00fcletek lefed\u00e9se is megval\u00f3s\u00edthat\u00f3, egyebek mellett \u00faj alapokra helyez\u0151dhet a posztgradu\u00e1lis szakorvos \u00e9s PhD-k\u00e9pz\u00e9s is, megteremtve ezzel a k\u00f6z\u00f6s kutat\u00e1sok lehet\u0151s\u00e9g\u00e9t.<\/p>\n<p>Helysz\u00edn: Semmelweis Egyetem, Szalon (1085 Budapest, \u00dcll\u0151i \u00fat 26., 1. emelet 108.)<br \/>\nId\u0151pont: 2019. okt\u00f3ber 3. (cs\u00fct\u00f6rt\u00f6k), 11 \u00f3ra<\/p>\n<p>A megnyit\u00f3 \u00fcnneps\u00e9g programja:<\/p>\n<p>K\u00f6sz\u00f6nt\u0151:<br \/>\n\u2022 Dr. Merkely B\u00e9la rektor<\/p>\n<p>\u00dcnnepi besz\u00e9d:<br \/>\n\u2022 Dr. Cserh\u00e1ti P\u00e9ter f\u0151igazgat\u00f3, Orsz\u00e1gos Rehabilit\u00e1ci\u00f3s Int\u00e9zet<br \/>\n\u2022 Dr. Tenk Mikl\u00f3sn\u00e9 dr. Zsebe Andrea d\u00e9k\u00e1n, Pet\u0151 Andr\u00e1s Kar<br \/>\n\u2022 Dr. D\u00e9nes Zolt\u00e1n tansz\u00e9kvezet\u0151, orvosigazgat\u00f3, Orsz\u00e1gos Orvosi Rehabilit\u00e1ci\u00f3s Int\u00e9zet<br \/>\n\u2022 Dr. Kullmann Lajos professor emeritus, az Orsz\u00e1gos Orvosi Rehabilit\u00e1ci\u00f3s Int\u00e9zet kor\u00e1bbi f\u0151igazgat\u00f3ja<\/p>\n<p>K\u00e9rj\u00fck, r\u00e9szv\u00e9teli sz\u00e1nd\u00e9kukat okt\u00f3ber 2-\u00e1n 15 \u00f3r\u00e1ig a hirek@semmelweis-univ.hu c\u00edmen jelezz\u00e9k!<\/p>\n","protected":false},"excerpt":{"rendered":"<p>Az \u00faj szervezeti egys\u00e9g a Semmelweis Egyetem alap\u00edt\u00e1s\u00e1nak 250. jubileumi \u00e9v\u00e9ben kezdi meg a m\u0171k\u00f6d\u00e9s\u00e9t. A Rehabilit\u00e1ci\u00f3s Medicina Tansz\u00e9k l\u00e9trehoz\u00e1sa az egyetem orvosk\u00e9pz\u00e9s\u00e9t \u00e9rint\u0151 kurrikulomreform szerves r\u00e9sze, melynek k\u00f6sz\u00f6nhet\u0151en 2020-t\u00f3l az \u00f6t\u00f6d\u00e9ves blokkgyakorlatok k\u00f6z\u00f6tt elindulhat a rehabilit\u00e1ci\u00f3s medicina, mint k\u00f6telez\u0151 tant\u00e1rgy. Az \u00faj szervezeti egys\u00e9g az Orsz\u00e1gos Orvosi Rehabilit\u00e1ci\u00f3s Int\u00e9zet (OORI) b\u00e1zis\u00e1n egy \u00faj, modern &hellip;<\/p>\n","protected":false},"author":101405,"featured_media":16355,"comment_status":"closed","ping_status":"closed","sticky":false,"template":"","format":"standard","meta":{"_acf_changed":false,"footnotes":""},"categories":[5],"tags":[733],"class_list":["post-96974","post","type-post","status-publish","format-standard","has-post-thumbnail","hentry","category-cikkek","tag-meghivo"],"acf":[],"_links":{"self":[{"href":"https:\/\/semmelweis.hu\/mediasarok\/wp-json\/wp\/v2\/posts\/96974","targetHints":{"allow":["GET"]}}],"collection":[{"href":"https:\/\/semmelweis.hu\/mediasarok\/wp-json\/wp\/v2\/posts"}],"about":[{"href":"https:\/\/semmelweis.hu\/mediasarok\/wp-json\/wp\/v2\/types\/post"}],"author":[{"embeddable":true,"href":"https:\/\/semmelweis.hu\/mediasarok\/wp-json\/wp\/v2\/users\/101405"}],"replies":[{"embeddable":true,"href":"https:\/\/semmelweis.hu\/mediasarok\/wp-json\/wp\/v2\/comments?post=96974"}],"version-history":[{"count":5,"href":"https:\/\/semmelweis.hu\/mediasarok\/wp-json\/wp\/v2\/posts\/96974\/revisions"}],"predecessor-version":[{"id":96979,"href":"https:\/\/semmelweis.hu\/mediasarok\/wp-json\/wp\/v2\/posts\/96974\/revisions\/96979"}],"wp:featuredmedia":[{"embeddable":true,"href":"https:\/\/semmelweis.hu\/mediasarok\/wp-json\/wp\/v2\/media\/16355"}],"wp:attachment":[{"href":"https:\/\/semmelweis.hu\/mediasarok\/wp-json\/wp\/v2\/media?parent=96974"}],"wp:term":[{"taxonomy":"category","embeddable":true,"href":"https:\/\/semmelweis.hu\/mediasarok\/wp-json\/wp\/v2\/categories?post=96974"},{"taxonomy":"post_tag","embeddable":true,"href":"https:\/\/semmelweis.hu\/mediasarok\/wp-json\/wp\/v2\/tags?post=96974"}],"curies":[{"name":"wp","href":"https:\/\/api.w.org\/{rel}","templated":true}]}}