{"id":96290,"date":"2019-09-06T14:43:48","date_gmt":"2019-09-06T12:43:48","guid":{"rendered":"http:\/\/semmelweis.hu\/mediasarok\/?p=96290"},"modified":"2019-09-06T15:06:06","modified_gmt":"2019-09-06T13:06:06","slug":"megkezdodott-a-250-eves-semmelweis-egyetem-jubileumi-taneve","status":"publish","type":"post","link":"https:\/\/semmelweis.hu\/mediasarok\/2019\/09\/06\/megkezdodott-a-250-eves-semmelweis-egyetem-jubileumi-taneve\/","title":{"rendered":"Megkezd\u0151d\u00f6tt a 250 \u00e9ves Semmelweis Egyetem jubileumi tan\u00e9ve"},"content":{"rendered":"<p>\u00d6sszesen 3302 els\u0151\u00e9ves hallgat\u00f3 kezdheti meg tanulm\u00e1nyait a 2019\/2020-as tan\u00e9vben az id\u00e9n 250 \u00e9ves Semmelweis Egyetem hat kar\u00e1n. A M\u0171v\u00e9szetek Palot\u00e1j\u00e1ban tartott \u00fcnnep\u00e9lyes tan\u00e9vnyit\u00f3n a trad\u00edci\u00f3knak megfelel\u0151en a hallgat\u00f3k az egyik legfontosabb egyetemi tiszts\u00e9gjelv\u00e9nyre, a jogarra tettek esk\u00fct. A jubileum tisztelet\u00e9re az M 3-as metr\u00f3 Klinik\u00e1k \u00e1llom\u00e1sa a Semmelweis Egyetem \u2013 Klinik\u00e1k nevet viseli majd.<\/p>\n<p><a href=\"https:\/\/semmelweis.hu\/mediasarok\/files\/2019\/09\/RS100053_ADZ_20190906_0164-scr.jpg\"><img loading=\"lazy\" decoding=\"async\" class=\"alignleft wp-image-96297\" src=\"https:\/\/semmelweis.hu\/mediasarok\/files\/2019\/09\/RS100053_ADZ_20190906_0164-scr.jpg\" alt=\"\" width=\"400\" height=\"267\" srcset=\"https:\/\/semmelweis.hu\/mediasarok\/files\/2019\/09\/RS100053_ADZ_20190906_0164-scr.jpg 950w, https:\/\/semmelweis.hu\/mediasarok\/files\/2019\/09\/RS100053_ADZ_20190906_0164-scr-300x200.jpg 300w, https:\/\/semmelweis.hu\/mediasarok\/files\/2019\/09\/RS100053_ADZ_20190906_0164-scr-768x512.jpg 768w, https:\/\/semmelweis.hu\/mediasarok\/files\/2019\/09\/RS100053_ADZ_20190906_0164-scr-450x300.jpg 450w\" sizes=\"auto, (max-width: 400px) 100vw, 400px\" \/><\/a>A Semmelweis Egyetem v\u00e9djegy \u00e9s m\u00e1rkan\u00e9v, amely a legmagasabb min\u0151s\u00e9g\u0171 oktat\u00e1si \u00e9s tudom\u00e1nyos teljes\u00edtm\u00e9ny \u00e9s gy\u00f3gy\u00edt\u00f3 szolg\u00e1lat jelk\u00e9p\u00e9v\u00e9 v\u00e1lt \u2013 fogalmazott a jubileumi tan\u00e9vnyit\u00f3n mondott besz\u00e9d\u00e9ben Dr. Palkovics L\u00e1szl\u00f3 innov\u00e1ci\u00f3s \u00e9s technol\u00f3giai miniszter. \u201eEzt azok a nemzetk\u00f6zi rangsorok is bizony\u00edtj\u00e1k, amelyek alapj\u00e1n a hazai egyetemek k\u00f6z\u00fcl rendre az els\u0151 helyen szerepel a Semmelweis Tudom\u00e1nyegyetem\u201d \u2013 mutatott r\u00e1, hozz\u00e1t\u00e9ve, hogy ezzel p\u00e1rhuzamosan az egyetemi klinik\u00e1kat is nagym\u00e9rt\u00e9k\u0171 bizalom \u00f6vezi. Dr. Palkovics L\u00e1szl\u00f3 \u00fagy v\u00e9lte, mindez egy kiv\u00e1l\u00f3 alap a tov\u00e1bbi fejl\u0151d\u00e9s gyors\u00edt\u00e1s\u00e1ra. A semmelweisi \u00f6r\u00f6ks\u00e9gre \u00e9s alapokra \u00e9p\u00edtve a korm\u00e1ny t\u00e1mogat\u00e1s\u00e1val egy komplex \u00e9s \u00e1tfog\u00f3 strat\u00e9giai fejleszt\u00e9s \u2013 a Semmelweis XXI. Fejleszt\u00e9si Projekt \u2013 keret\u00e9ben fogjuk a tudom\u00e1nyegyetemet a 21. sz\u00e1zadi elv\u00e1r\u00e1soknak megfelel\u0151 szintre emelni \u2013 jelentette ki. Hozz\u00e1tette: az id\u00e9n janu\u00e1rban elkezdett projekt, valamint a fels\u0151oktat\u00e1si fejleszt\u00e9si program tov\u00e1bbi elemeinek megval\u00f3s\u00edt\u00e1sa elengedhetetlen annak a c\u00e9lnak az el\u00e9r\u00e9s\u00e9hez, hogy a vil\u00e1g TOP 100 egyeteme k\u00f6z\u00e9 ker\u00fclj\u00f6n a Semmelweis. Az \u00e1tfog\u00f3 fejleszt\u00e9s lehet\u0151v\u00e9 teszi az oktat\u00e1s, kutat\u00e1s \u00e9s innov\u00e1ci\u00f3, betegell\u00e1t\u00e1s h\u00e1rmas egys\u00e9g mindegyik elem\u00e9nek meger\u0151s\u00edt\u00e9s\u00e9t \u2013 mutatott r\u00e1.<\/p>\n<p>\u201eAz int\u00e9zm\u00e9nyek egym\u00e1s k\u00f6z\u00f6tti kooper\u00e1ci\u00f3ja, tov\u00e1bb\u00e1 a kutat\u00e1si h\u00e1l\u00f3zatokkal \u00e9s a v\u00e1llalatokkal t\u00f6rt\u00e9n\u0151 hazai \u00e9s nemzetk\u00f6zi szint\u0171 szoros egy\u00fcttm\u0171k\u00f6d\u00e9s kulcsfontoss\u00e1g\u00fa ahhoz, hogy egyr\u00e9szt n\u00f6velj\u00fck az oktat\u00e1s sz\u00ednvonal\u00e1t \u00e9s versenyk\u00e9pess\u00e9g\u00e9t, m\u00e1sr\u00e9szt megsokszorozzuk az eg\u00e9szs\u00e9g\u00fcgyi \u00e9s gy\u00f3gyszeripari fejleszt\u00e9seket \u00e9s innov\u00e1ci\u00f3t\u201d \u2013 jelentette ki a miniszter. Elmondta: Magyarorsz\u00e1g gazdas\u00e1gi versenyk\u00e9pess\u00e9g\u00e9nek n\u00f6vel\u00e9se \u00e9rdek\u00e9ben a 2018-2022 k\u00f6z\u00f6tti id\u0151szakban a fels\u0151oktat\u00e1si \u00f6kosziszt\u00e9ma r\u00e9sztvev\u0151ivel k\u00f6z\u00f6sen k\u00edv\u00e1nj\u00e1k tov\u00e1bbfejleszteni a fels\u0151oktat\u00e1st. A c\u00e9l, hogy nemzetk\u00f6zi szinten l\u00e1that\u00f3v\u00e1 v\u00e1ljanak a tudom\u00e1nyegyetemek, \u00e9s er\u0151s\u00f6dj\u00f6n ezen int\u00e9zm\u00e9nyek eur\u00f3pai egy\u00fcttm\u0171k\u00f6d\u00e9se. A c\u00e9lok el\u00e9r\u00e9s\u00e9hez tov\u00e1bb kell egyszer\u0171s\u00edteni a m\u0171k\u00f6d\u00e9st, meg kell tal\u00e1lnunk a legmegfelel\u0151bb fenntart\u00f3i modelleket \u2013 mutatott r\u00e1.<\/p>\n<p>\u201eA magyar \u00e9s az eur\u00f3pai orvos- \u00e9s eg\u00e9szs\u00e9gtudom\u00e1nyi oktat\u00e1s, kutat\u00e1s \u00e9s gy\u00f3gy\u00edt\u00e1s tekintet\u00e9ben t\u00f6rt\u00e9nelmi jelent\u0151s\u00e9g\u0171ek ezek a pillanatok\u201d \u2013 mondta Dr. Merkely B\u00e9la rektor a jubileumi tan\u00e9vet megnyit\u00f3 besz\u00e9d\u00e9ben. Eml\u00e9keztetett arra, hogy a 2019\/20-as akad\u00e9miai \u00e9vvel nemcsak az egyetem alap\u00edt\u00e1s\u00e1nak 250 \u00e9ves \u00e9vfordul\u00f3ja el\u0151tt tisztelg\u00fcnk, hanem a szervezett orvosk\u00e9pz\u00e9s hazai elindul\u00e1s\u00e1ra is eml\u00e9kez\u00fcnk. A rektor r\u00e1mutatott: 250 \u00e9v alatt \u00e9p\u00fclt \u00e9s v\u00e1lt azz\u00e1 az egyetem, amilyennek ma ismerj\u00fck: hazai \u00e9s nemzetk\u00f6zi szinten is kiemelked\u0151 fels\u0151oktat\u00e1si int\u00e9zm\u00e9nny\u00e9, az orvos- \u00e9s eg\u00e9szs\u00e9gtudom\u00e1nyi oktat\u00e1s, innov\u00e1ci\u00f3 \u00e9s gy\u00f3gy\u00edt\u00f3 ell\u00e1t\u00e1s b\u00fcszke z\u00e1szl\u00f3shaj\u00f3j\u00e1v\u00e1, ahol a magyarorsz\u00e1gi orvostudom\u00e1nyi hallgat\u00f3k 36 sz\u00e1zal\u00e9ka, az eg\u00e9szs\u00e9gtudom\u00e1nyi hallgat\u00f3k 35 sz\u00e1zal\u00e9ka, a k\u00fclf\u00f6ldi hallgat\u00f3k 34 sz\u00e1zal\u00e9ka, \u00f6sszesen k\u00f6zel 11 000 hallgat\u00f3 j\u00e1r.<\/p>\n<p>A rektor sz\u00f3lt els\u0151dleges c\u00e9lkit\u0171z\u00e9s\u00e9r\u0151l, hogy a k\u00f6vetkez\u0151 t\u00edz \u00e9vben a nemzetk\u00f6zi rangsorokban a legjobb sz\u00e1z, szakter\u00fclet\u00e9n Eur\u00f3pa legjobb \u00f6t gy\u00f3gy\u00edt\u00f3 fels\u0151oktat\u00e1si int\u00e9zm\u00e9nye k\u00f6z\u00e9 ker\u00fclj\u00f6n az egyetem, amely \u2013 mint eml\u00e9keztetett \u2013 a Semmelweis XXI. Fejleszt\u00e9si Programnak k\u00f6sz\u00f6nhet\u0151en is hatalmas fejleszt\u00e9sek el\u0151tt \u00e1ll. Kit\u00e9rt arra, hogy a gyakorlati oktat\u00e1st el\u0151t\u00e9rbe helyez\u0151 \u00faj kurrikulum a jubileumi tan\u00e9vben l\u00e9p \u00e9letbe, \u00edgy m\u00e1r az \u00faj els\u0151\u00e9ves hallgat\u00f3k is r\u00e9szesei lesznek.\u00a0<\/p>\n<p>\u201eBudapest v\u00e1rja \u00e9s sz\u00edvesen l\u00e1tja a tud\u00e1st \u00e9p\u00edt\u0151 fiatalokat\u201d \u2013 emelte ki besz\u00e9d\u00e9ben Tarl\u00f3s Istv\u00e1n, Budapest f\u0151polg\u00e1rmestere. A nagy el\u0151d\u00f6k munk\u00e1ss\u00e1ga azt p\u00e9ld\u00e1zza, hogy a hagyom\u00e1ny, a tud\u00e1s, a szakmai al\u00e1zat \u00e9s az ezeken alapul\u00f3 szakadatlan fejl\u0151d\u00e9s alapozz\u00e1k meg az orvosk\u00e9pz\u00e9s ir\u00e1nyvonalait \u2013 v\u00e9lekedett.<\/p>\n<p><a href=\"https:\/\/semmelweis.hu\/mediasarok\/files\/2019\/09\/RS100041_ADZ_20190906_0021-scr.jpg\"><img loading=\"lazy\" decoding=\"async\" class=\"alignright wp-image-96294\" src=\"https:\/\/semmelweis.hu\/mediasarok\/files\/2019\/09\/RS100041_ADZ_20190906_0021-scr.jpg\" alt=\"\" width=\"400\" height=\"267\" srcset=\"https:\/\/semmelweis.hu\/mediasarok\/files\/2019\/09\/RS100041_ADZ_20190906_0021-scr.jpg 950w, https:\/\/semmelweis.hu\/mediasarok\/files\/2019\/09\/RS100041_ADZ_20190906_0021-scr-300x200.jpg 300w, https:\/\/semmelweis.hu\/mediasarok\/files\/2019\/09\/RS100041_ADZ_20190906_0021-scr-768x512.jpg 768w, https:\/\/semmelweis.hu\/mediasarok\/files\/2019\/09\/RS100041_ADZ_20190906_0021-scr-450x300.jpg 450w\" sizes=\"auto, (max-width: 400px) 100vw, 400px\" \/><\/a>Bejelentette: a Semmelweis Egyetem alap\u00edt\u00e1s\u00e1nak 250. \u00e9vfordul\u00f3ja alkalm\u00e1b\u00f3l a f\u0151v\u00e1ros \u00e9s az egyetem \u00fagy d\u00f6nt\u00f6tt, meg\u00faj\u00edtj\u00e1k a 2011-ben k\u00f6t\u00f6tt egy\u00fcttm\u0171k\u00f6d\u00e9si meg\u00e1llapod\u00e1sukat. Az \u00faj szerz\u0151d\u00e9s Budapest sz\u00ednvonal\u00e1nak el\u0151remenetel\u00e9t \u00e9s a Semmelweis Egyetem m\u0171k\u00f6d\u00e9s\u00e9nek seg\u00edt\u00e9s\u00e9t egyar\u00e1nt szolg\u00e1lja. Az egyetem sokoldal\u00fa \u00e9s magas sz\u00ednvonal\u00fa szakmai ismereteivel, oktat\u00e1si m\u00f3dszertan\u00e1val a j\u00f6v\u0151ben is seg\u00edts\u00e9get ny\u00fajt a F\u0151v\u00e1rosi \u00d6nkorm\u00e1nyzat terveinek, programjainak kidolgoz\u00e1s\u00e1hoz, az \u00f6nkorm\u00e1nyzat pedig a lakoss\u00e1gi szolg\u00e1ltat\u00e1sok ter\u00e9n szerzett tapasztalataival, inform\u00e1ci\u00f3ival \u00e9s kiterjedt kapcsolatrendszer\u00e9vel seg\u00edti a Semmelweis Egyetemet \u2013 r\u00e9szletezte Tarl\u00f3s Istv\u00e1n. Mint fogalmazott, a meg\u00faj\u00edtott meg\u00e1llapod\u00e1ssal a gyakorlati egy\u00fcttm\u0171k\u00f6d\u00e9sen, a partners\u00e9gen t\u00fal Budapest \u00d6nkorm\u00e1nyzata a Semmelweis Egyetem ir\u00e1nti elismer\u00e9s\u00e9t is kifejez\u00e9sre k\u00edv\u00e1nja juttatni. A jubileum tisztelet\u00e9re az M 3-as metr\u00f3 Klinik\u00e1k \u00e1llom\u00e1sa a Semmelweis Egyetem \u2013 Klinik\u00e1k nevet viseli majd.<\/p>\n<p>Dr. Tarl\u00f3s Istv\u00e1n \u00e9s Dr. Merkely B\u00e9la a tan\u00e9vnyit\u00f3 \u00fcnnep\u00e9lyes keretei k\u00f6z\u00f6tt \u00edrt\u00e1k al\u00e1 az egy\u00fcttm\u0171k\u00f6d\u00e9si meg\u00e1llapod\u00e1st.\u00a0<\/p>\n<p>A besz\u00e9deket a hallgat\u00f3k fogadalomt\u00e9tele k\u00f6vette h\u00e1rom nyelven, magyarul, angolul \u00e9s n\u00e9met\u00fcl.<\/p>\n<p>A Magyar Nemzeti Bank (MNB) a Semmelweis Egyetem alap\u00edt\u00e1s\u00e1nak 250. \u00e9vfordul\u00f3ja alkalm\u00e1b\u00f3l ez\u00fcst \u00e9s sz\u00ednesf\u00e9m eml\u00e9k\u00e9rm\u00e9ket bocs\u00e1tott ki az \u00fcnneps\u00e9gen. Dr. Patai Mih\u00e1ly, az MNB aleln\u00f6ke elmondta: a Semmelweis Egyetem megnevez\u00e9s\u0171 10 000 Ft n\u00e9v\u00e9rt\u00e9k\u0171 ez\u00fcst eml\u00e9k\u00e9rm\u00e9t \u00e9s annak 2000 Ft-os sz\u00ednesf\u00e9m v\u00e1ltozat\u00e1t Szab\u00f3 Vir\u00e1g szobr\u00e1szm\u0171v\u00e9sz tervezte. Az eml\u00e9k\u00e9rm\u00e9k korl\u00e1tozott p\u00e9ld\u00e1nysz\u00e1mban jelennek meg: maxim\u00e1lisan 5-5000 darab k\u00e9sz\u00edthet\u0151 bel\u0151l\u00fck.<\/p>\n<p>A jubileumi tan\u00e9vnyit\u00f3n az egyetem 250 \u00e9ves trad\u00edci\u00f3ja el\u0151tt tisztelegve, az eredeti, muze\u00e1lis jelent\u0151s\u00e9g\u0171 egyetemi tiszts\u00e9gjelv\u00e9nyeket ker\u00fcltek a sz\u00ednpadra. A hallgat\u00f3k az el\u0151dint\u00e9zm\u00e9nynek sz\u00e1m\u00edt\u00f3 Nagyszombati Egyetem orvoskara sz\u00e1m\u00e1ra 1772-ben k\u00e9sz\u00edttetett eredeti jogarra tettek esk\u00fct, a rektor pedig az eredeti orvoskari l\u00e1ncot viselte, amelyet I. Ferenc 1819-ben aj\u00e1nd\u00e9kozott a Pestre k\u00f6lt\u00f6z\u00f6tt egyetem sz\u00e1m\u00e1ra.<\/p>\n<p>A 2019\/20-as tan\u00e9vben \u00f6sszesen 3302 els\u0151\u00e9ves hallgat\u00f3 kezdi meg tanulm\u00e1nyait a hat karon, k\u00f6zt\u00fck 875-en az angol \u00e9s a n\u00e9met nyelv\u0171 programban tanulnak majd.<\/p>\n<p>Fot\u00f3: Adri\u00e1n Zolt\u00e1n \u2013 Semmelweis Egyetem<\/p>\n","protected":false},"excerpt":{"rendered":"<p>\u00d6sszesen 3302 els\u0151\u00e9ves hallgat\u00f3 kezdheti meg tanulm\u00e1nyait a 2019\/2020-as tan\u00e9vben az id\u00e9n 250 \u00e9ves Semmelweis Egyetem hat kar\u00e1n. A M\u0171v\u00e9szetek Palot\u00e1j\u00e1ban tartott \u00fcnnep\u00e9lyes tan\u00e9vnyit\u00f3n a trad\u00edci\u00f3knak megfelel\u0151en a hallgat\u00f3k az egyik legfontosabb egyetemi tiszts\u00e9gjelv\u00e9nyre, a jogarra tettek esk\u00fct. A jubileum tisztelet\u00e9re az M 3-as metr\u00f3 Klinik\u00e1k \u00e1llom\u00e1sa a Semmelweis Egyetem \u2013 Klinik\u00e1k nevet viseli majd. &hellip;<\/p>\n","protected":false},"author":101405,"featured_media":96291,"comment_status":"closed","ping_status":"closed","sticky":false,"template":"","format":"standard","meta":{"_acf_changed":false,"footnotes":""},"categories":[5],"tags":[734],"class_list":["post-96290","post","type-post","status-publish","format-standard","has-post-thumbnail","hentry","category-cikkek","tag-kozlemeny"],"acf":[],"_links":{"self":[{"href":"https:\/\/semmelweis.hu\/mediasarok\/wp-json\/wp\/v2\/posts\/96290","targetHints":{"allow":["GET"]}}],"collection":[{"href":"https:\/\/semmelweis.hu\/mediasarok\/wp-json\/wp\/v2\/posts"}],"about":[{"href":"https:\/\/semmelweis.hu\/mediasarok\/wp-json\/wp\/v2\/types\/post"}],"author":[{"embeddable":true,"href":"https:\/\/semmelweis.hu\/mediasarok\/wp-json\/wp\/v2\/users\/101405"}],"replies":[{"embeddable":true,"href":"https:\/\/semmelweis.hu\/mediasarok\/wp-json\/wp\/v2\/comments?post=96290"}],"version-history":[{"count":10,"href":"https:\/\/semmelweis.hu\/mediasarok\/wp-json\/wp\/v2\/posts\/96290\/revisions"}],"predecessor-version":[{"id":96303,"href":"https:\/\/semmelweis.hu\/mediasarok\/wp-json\/wp\/v2\/posts\/96290\/revisions\/96303"}],"wp:featuredmedia":[{"embeddable":true,"href":"https:\/\/semmelweis.hu\/mediasarok\/wp-json\/wp\/v2\/media\/96291"}],"wp:attachment":[{"href":"https:\/\/semmelweis.hu\/mediasarok\/wp-json\/wp\/v2\/media?parent=96290"}],"wp:term":[{"taxonomy":"category","embeddable":true,"href":"https:\/\/semmelweis.hu\/mediasarok\/wp-json\/wp\/v2\/categories?post=96290"},{"taxonomy":"post_tag","embeddable":true,"href":"https:\/\/semmelweis.hu\/mediasarok\/wp-json\/wp\/v2\/tags?post=96290"}],"curies":[{"name":"wp","href":"https:\/\/api.w.org\/{rel}","templated":true}]}}