{"id":95918,"date":"2019-08-26T07:00:21","date_gmt":"2019-08-26T05:00:21","guid":{"rendered":"http:\/\/semmelweis.hu\/mediasarok\/?p=95918"},"modified":"2019-11-12T06:59:29","modified_gmt":"2019-11-12T05:59:29","slug":"meghivo-semmelweis-egeszseg-napok-sajtotajekoztato","status":"publish","type":"post","link":"https:\/\/semmelweis.hu\/mediasarok\/2019\/08\/26\/meghivo-semmelweis-egeszseg-napok-sajtotajekoztato\/","title":{"rendered":"MEGH\u00cdV\u00d3: Semmelweis Eg\u00e9szs\u00e9g Napok sajt\u00f3t\u00e1j\u00e9koztat\u00f3"},"content":{"rendered":"<p>Ingyenes, n\u00e9peg\u00e9szs\u00e9g\u00fcgyi tematik\u00e1j\u00fa eg\u00e9szs\u00e9gmeg\u0151rz\u00e9si programokkal \u00fcnnepeli alap\u00edt\u00e1s\u00e1nak 250. \u00e9vfordul\u00f3j\u00e1t a Semmelweis Egyetem. 2019 szeptembere \u00e9s 2020 j\u00faniusa k\u00f6z\u00f6tt \u00f6sszesen t\u00edz alkalommal v\u00e1rj\u00e1k a Semmelweis Eg\u00e9szs\u00e9g Napok szervez\u0151i a nagyk\u00f6z\u00f6ns\u00e9get az interakt\u00edv, sz\u0171r\u00e9seket, bemutat\u00f3kat, prevenci\u00f3s el\u0151ad\u00e1sokat tartalmaz\u00f3 programsorozatra. A p\u00e9nteki, illetve szombati alkalmakon az \u00e9rdekl\u0151d\u0151k a kulissz\u00e1k m\u00f6g\u00e9 is bepillanthatnak, a t\u00f6bbi k\u00f6z\u00f6tt t\u00e1rlatvezet\u00e9sen vehetnek r\u00e9szt a mintegy 250 \u00e9ve m\u0171k\u00f6d\u0151 Anat\u00f3miai Int\u00e9zet m\u00fazeum\u00e1ban, de olyan \u2013 m\u00e1skor kiz\u00e1r\u00f3lag a szakma sz\u00e1m\u00e1ra el\u00e9rhet\u0151 \u2013 helysz\u00ednek is megny\u00edlnak el\u0151tt\u00fck, mint a klinik\u00e1k m\u0171t\u0151i, az igazs\u00e1g\u00fcgyi orvosszak\u00e9rt\u0151k munkahelye, vagy a rektori iroda.<\/p>\n<p><strong>Helysz\u00edn:<\/strong> Anat\u00f3miai M\u00fazeum, 1094 Budapest, T\u0171zolt\u00f3 u. 58.<br \/>\n<strong>Id\u0151pont:<\/strong> 2019. 08. 29. (cs\u00fct\u00f6rt\u00f6k) 13:00<\/p>\n<p><strong>A sajt\u00f3t\u00e1j\u00e9koztat\u00f3 programja:<\/strong><br \/>\n13:00 \u2013 13.05 Dr. Merkely B\u00e9la, a Semmelweis Egyetem rektora: a Semmelweis Eg\u00e9szs\u00e9g Napok \u00e9s a jubileumi \u00e9v<\/p>\n<p>13:05- 13.10 Dr. R\u00e9thelyi J\u00e1nos, a Semmelweis Egyetem Pszichi\u00e1triai \u00e9s Pszichoter\u00e1pi\u00e1s Klinik\u00e1j\u00e1nak igazgat\u00f3ja: Az els\u0151 program, a szeptemberi Ment\u00e1lhigi\u00e9n\u00e9s nap bemutat\u00e1sa<br \/>\n\u2026\u2026.<br \/>\n13:10 \u2013 14.00 Komplex \u00e1llapotfelm\u00e9r\u00e9s az \u00fajs\u00e1g\u00edr\u00f3knak: v\u00e9rcukor, v\u00e9rnyom\u00e1s, koleszterinszint m\u00e9r\u00e9s, test\u00f6sszet\u00e9tel analiz\u00e1l\u00e1s InBody k\u00e9sz\u00fcl\u00e9kkel, dietetikai tan\u00e1csad\u00e1s.<\/p>\n<p><strong>K\u00e9rj\u00fck, r\u00e9szv\u00e9teli sz\u00e1nd\u00e9kukat \u00e9s a sz\u0171r\u00e9sen val\u00f3 r\u00e9szv\u00e9teli ig\u00e9ny\u00fcket\u00a0 augusztus 28-\u00e1n 10 \u00f3r\u00e1ig a hirek@semmelweis-univ.hu c\u00edmen jelezz\u00e9k!<\/strong><\/p>\n<p>A sajt\u00f3t\u00e1j\u00e9koztat\u00f3t k\u00f6vet\u0151en interj\u00fak \u00e9s v\u00e1g\u00f3k\u00e9pek k\u00e9sz\u00edthet\u0151k az Anat\u00f3miai M\u00fazeumban. Tov\u00e1bbi inform\u00e1ci\u00f3t ugyanezen a c\u00edmen k\u00e9rhetnek.<\/p>\n","protected":false},"excerpt":{"rendered":"<p>Ingyenes, n\u00e9peg\u00e9szs\u00e9g\u00fcgyi tematik\u00e1j\u00fa eg\u00e9szs\u00e9gmeg\u0151rz\u00e9si programokkal \u00fcnnepeli alap\u00edt\u00e1s\u00e1nak 250. \u00e9vfordul\u00f3j\u00e1t a Semmelweis Egyetem. 2019 szeptembere \u00e9s 2020 j\u00faniusa k\u00f6z\u00f6tt \u00f6sszesen t\u00edz alkalommal v\u00e1rj\u00e1k a Semmelweis Eg\u00e9szs\u00e9g Napok szervez\u0151i a nagyk\u00f6z\u00f6ns\u00e9get az interakt\u00edv, sz\u0171r\u00e9seket, bemutat\u00f3kat, prevenci\u00f3s el\u0151ad\u00e1sokat tartalmaz\u00f3 programsorozatra. A p\u00e9nteki, illetve szombati alkalmakon az \u00e9rdekl\u0151d\u0151k a kulissz\u00e1k m\u00f6g\u00e9 is bepillanthatnak, a t\u00f6bbi k\u00f6z\u00f6tt t\u00e1rlatvezet\u00e9sen vehetnek r\u00e9szt &hellip;<\/p>\n","protected":false},"author":101610,"featured_media":16355,"comment_status":"closed","ping_status":"closed","sticky":false,"template":"","format":"standard","meta":{"_acf_changed":false,"footnotes":""},"categories":[5],"tags":[733,744],"class_list":["post-95918","post","type-post","status-publish","format-standard","has-post-thumbnail","hentry","category-cikkek","tag-meghivo","tag-semmelweis-egeszseg-napok"],"acf":[],"_links":{"self":[{"href":"https:\/\/semmelweis.hu\/mediasarok\/wp-json\/wp\/v2\/posts\/95918","targetHints":{"allow":["GET"]}}],"collection":[{"href":"https:\/\/semmelweis.hu\/mediasarok\/wp-json\/wp\/v2\/posts"}],"about":[{"href":"https:\/\/semmelweis.hu\/mediasarok\/wp-json\/wp\/v2\/types\/post"}],"author":[{"embeddable":true,"href":"https:\/\/semmelweis.hu\/mediasarok\/wp-json\/wp\/v2\/users\/101610"}],"replies":[{"embeddable":true,"href":"https:\/\/semmelweis.hu\/mediasarok\/wp-json\/wp\/v2\/comments?post=95918"}],"version-history":[{"count":4,"href":"https:\/\/semmelweis.hu\/mediasarok\/wp-json\/wp\/v2\/posts\/95918\/revisions"}],"predecessor-version":[{"id":95922,"href":"https:\/\/semmelweis.hu\/mediasarok\/wp-json\/wp\/v2\/posts\/95918\/revisions\/95922"}],"wp:featuredmedia":[{"embeddable":true,"href":"https:\/\/semmelweis.hu\/mediasarok\/wp-json\/wp\/v2\/media\/16355"}],"wp:attachment":[{"href":"https:\/\/semmelweis.hu\/mediasarok\/wp-json\/wp\/v2\/media?parent=95918"}],"wp:term":[{"taxonomy":"category","embeddable":true,"href":"https:\/\/semmelweis.hu\/mediasarok\/wp-json\/wp\/v2\/categories?post=95918"},{"taxonomy":"post_tag","embeddable":true,"href":"https:\/\/semmelweis.hu\/mediasarok\/wp-json\/wp\/v2\/tags?post=95918"}],"curies":[{"name":"wp","href":"https:\/\/api.w.org\/{rel}","templated":true}]}}