{"id":92701,"date":"2019-05-11T16:19:35","date_gmt":"2019-05-11T14:19:35","guid":{"rendered":"http:\/\/semmelweis.hu\/mediasarok\/?p=92701"},"modified":"2019-05-11T17:34:25","modified_gmt":"2019-05-11T15:34:25","slug":"lakossagi-nepegeszsegugyi-szureseket-vegeznek-szeptembertol-a-semmelweis-egyetemen-hallgatoi","status":"publish","type":"post","link":"https:\/\/semmelweis.hu\/mediasarok\/2019\/05\/11\/lakossagi-nepegeszsegugyi-szureseket-vegeznek-szeptembertol-a-semmelweis-egyetemen-hallgatoi\/","title":{"rendered":"Lakoss\u00e1gi n\u00e9peg\u00e9szs\u00e9g\u00fcgyi sz\u0171r\u00e9seket v\u00e9geznek szeptembert\u0151l a Semmelweis Egyetemen hallgat\u00f3i"},"content":{"rendered":"<p>Tanulm\u00e1nyi kredit pontot kapnak \u0151szt\u0151l azon orvostanhallgat\u00f3k, akik tant\u00e1rgyi keretek k\u00f6z\u00f6tt megval\u00f3sul\u00f3 eg\u00e9szs\u00e9gfejleszt\u00e9si tev\u00e9kenys\u00e9get, sz\u0171r\u00e9seket v\u00e9geznek. A Semmelweis Egyetem Szen\u00e1tus\u00e1nak id\u00e9n febru\u00e1ri \u00fcl\u00e9s\u00e9n megalap\u00edtott Semmelweis Eg\u00e9szs\u00e9gfejleszt\u00e9si K\u00f6zpont \u00e9s a N\u00e9peg\u00e9szs\u00e9g\u00fcgyi Int\u00e9zet egy\u00fcttm\u0171k\u00f6d\u00e9s\u00e9ben indul\u00f3 tant\u00e1rgy a meg\u00fajul\u00f3 curriculum reform fontos elem\u00e9t k\u00e9pezi. A k\u00f6telez\u0151 kurzus c\u00e9lja az eg\u00e9szs\u00e9gmeg\u0151rz\u00e9shez, n\u00e9peg\u00e9szs\u00e9g\u00fcgyi sz\u0171r\u00e9sekhez kapcsol\u00f3d\u00f3 gyakorlati ismeretek \u00e1tad\u00e1sa.<\/p>\n<p><a href=\"https:\/\/semmelweis.hu\/mediasarok\/files\/2019\/05\/RS94651_ka-20190511-IMG_5028-scr.jpg\"><img loading=\"lazy\" decoding=\"async\" class=\"alignright wp-image-92707\" src=\"https:\/\/semmelweis.hu\/mediasarok\/files\/2019\/05\/RS94651_ka-20190511-IMG_5028-scr-200x300.jpg\" alt=\"\" width=\"220\" height=\"330\" srcset=\"https:\/\/semmelweis.hu\/mediasarok\/files\/2019\/05\/RS94651_ka-20190511-IMG_5028-scr-200x300.jpg 200w, https:\/\/semmelweis.hu\/mediasarok\/files\/2019\/05\/RS94651_ka-20190511-IMG_5028-scr.jpg 500w\" sizes=\"auto, (max-width: 220px) 100vw, 220px\" \/><\/a>A 2019. \u0151sz\u00e9vel kezd\u0151d\u0151 jubileumi \u00e9vben a gyakorlati k\u00e9pz\u00e9st el\u0151t\u00e9rbe helyezve \u00faj\u00edtjuk meg a magyar orvosk\u00e9pz\u00e9st, melynek k\u00f6sz\u00f6nhet\u0151en a beteg\u00e1gy mell\u00e9 m\u00e1r jelent\u0151s gyakorlati tapasztalattal \u00e9rkeznek meg a fiatal orvosok \u2013 fogalmazott Dr. Merkely B\u00e9la az egyetemi curriculummal kapcsolatban szervezett sajt\u00f3t\u00e1j\u00e9koztat\u00f3n. A rektor elmondta, a fejlett orsz\u00e1gokhoz hasonl\u00f3an haz\u00e1nkra is jellemz\u0151ek az olyan n\u00e9peg\u00e9szs\u00e9g\u00fcgyi probl\u00e9m\u00e1k, mint az eg\u00e9szs\u00e9gtelen \u00e9letm\u00f3d, a sz\u00edv-\u00e9rrendszeri vagy ak\u00e1r a daganatos megbeteged\u00e9sek. \u00c9pp ez\u00e9rt az orvosok k\u00e9pz\u00e9se sor\u00e1n is sz\u00fcks\u00e9ges az eg\u00e9szs\u00e9gmeg\u0151rz\u00e9shez, n\u00e9peg\u00e9szs\u00e9g\u00fcgyi sz\u0171r\u00e9sekhez kapcsol\u00f3d\u00f3 gyakorlati ismeretek elsaj\u00e1t\u00edt\u00e1sa, vagyis a prevenci\u00f3s f\u00f3kusz\u00fa szeml\u00e9letform\u00e1l\u00e1s \u2013 hangs\u00falyozta.<\/p>\n<p>A c\u00e9l sikeres megval\u00f3s\u00edt\u00e1sa \u00e9rdek\u00e9ben az \u0151szt\u0151l indul\u00f3 curriculum reformban tanulm\u00e1nyi k\u00e9t kredit pontot kapnak a hallgat\u00f3k az\u00e9rt, hogy tant\u00e1rgyi keretek k\u00f6z\u00f6tt megval\u00f3sul\u00f3 eg\u00e9szs\u00e9gfejleszt\u00e9si tev\u00e9kenys\u00e9get, prevenci\u00f3s oktat\u00e1st \u00e9s sz\u0171r\u00e9seket v\u00e9gezzenek. Dr. Merkely B\u00e9la elmondta, ennek k\u00f6sz\u00f6nhet\u0151en gyarapodnak a hallgat\u00f3k gyakorlati ismeretei, a lakoss\u00e1gnak pedig b\u0151v\u00fcl a n\u00e9peg\u00e9szs\u00e9g\u00fcgyi sz\u0171r\u00e9sekhez val\u00f3 hozz\u00e1f\u00e9rhet\u0151s\u00e9ge. A rektor hozz\u00e1tette, mivel egy orvosk\u00e9pz\u00e9ssel foglalkoz\u00f3 egyetemnek feladata a hallgat\u00f3k eg\u00e9szs\u00e9gre nevel\u00e9se is, ez\u00e9rt hasonl\u00f3an az iskol\u00e1khoz, az \u0151szt\u0151l meg\u00fajul\u00f3 curriculumban minden karon \u00e9s \u00e9vfolyamon tant\u00e1rgyk\u00e9nt vezetik be a rendszeres a testnevel\u00e9st.<\/p>\n<p><a href=\"https:\/\/semmelweis.hu\/mediasarok\/files\/2019\/05\/RS94657_ka-20190511-IMG_5057-scr.jpg\"><img loading=\"lazy\" decoding=\"async\" class=\"alignleft wp-image-92710\" src=\"https:\/\/semmelweis.hu\/mediasarok\/files\/2019\/05\/RS94657_ka-20190511-IMG_5057-scr-200x300.jpg\" alt=\"\" width=\"220\" height=\"330\" srcset=\"https:\/\/semmelweis.hu\/mediasarok\/files\/2019\/05\/RS94657_ka-20190511-IMG_5057-scr-200x300.jpg 200w, https:\/\/semmelweis.hu\/mediasarok\/files\/2019\/05\/RS94657_ka-20190511-IMG_5057-scr.jpg 500w\" sizes=\"auto, (max-width: 220px) 100vw, 220px\" \/><\/a>Dr. Merkely B\u00e9la kiemelte, mivel a Semmelweis Egyetem j\u00f3 p\u00e9ld\u00e1val is szeretne el\u0151l j\u00e1rni, ez\u00e9rt a j\u00f6v\u0151ben nemcsak a betegell\u00e1t\u00e1sban, de a lakoss\u00e1g eg\u00e9szs\u00e9gmeg\u0151rz\u00e9sben is vezet\u0151 szerepet k\u00edv\u00e1n bet\u00f6lteni. Az egyetem Szen\u00e1tusa ezen elhat\u00e1roz\u00e1s ment\u00e9n id\u00e9n febru\u00e1rban l\u00e9trehozta a Semmelweis Eg\u00e9szs\u00e9gfejleszt\u00e9si K\u00f6zpontot, melynek c\u00e9lja az eg\u00e9szs\u00e9gmeg\u0151rz\u00e9s korszer\u0171 szervezeti kereteinek megteremt\u00e9se.<\/p>\n<p>M\u00f3dszertani k\u00f6zpontk\u00e9nt seg\u00edteni k\u00edv\u00e1njuk egyr\u00e9szt a lakoss\u00e1g eg\u00e9szs\u00e9gi \u00e1llapot\u00e1nak a javul\u00e1s\u00e1t, m\u00e1sr\u00e9szt az egyetemi hallgat\u00f3k prevenci\u00f3s f\u00f3kusz\u00fa szeml\u00e9letb\u0151v\u00edt\u00e9s\u00e9t, gyakorlati k\u00e9szs\u00e9geik fejl\u0151d\u00e9s\u00e9t \u2013 fogalmazott Dr. Papp Magor. A Semmelweis Eg\u00e9szs\u00e9gfejleszt\u00e9si K\u00f6zpont vezet\u0151je elmondta, c\u00e9ljuk, hogy olyan j\u00f3 gyakorlatokat k\u00edn\u00e1ljanak a magyar lakoss\u00e1g, illetve az egyetemi polg\u00e1rok sz\u00e1m\u00e1ra, amik lehet\u0151v\u00e9 teszik az eg\u00e9szs\u00e9gben elt\u00f6lt\u00f6tt \u00e9veik n\u00f6vel\u00e9s\u00e9t. Az \u0151szt\u0151l indul\u00f3 \u00faj tant\u00e1rgyat szeretn\u00e9k minden orvostanhallgat\u00f3 sz\u00e1m\u00e1ra hozz\u00e1f\u00e9rhet\u0151v\u00e9 tenni, egyr\u00e9szt a gyakorlati k\u00e9pz\u00e9s meger\u0151s\u00edt\u00e9s\u00e9nek \u00e9rdek\u00e9ben, m\u00e1sr\u00e9szt azzal a nem titkolt sz\u00e1nd\u00e9kkal, hogy a prevenci\u00f3s f\u00f3kusz\u00fa oktat\u00e1snak k\u00f6sz\u00f6nhet\u0151en az orvostanhallgat\u00f3k mindennapjaiba be\u00e9p\u00fclj\u00f6n az eg\u00e9szs\u00e9ges \u00e9letvitel. Mint fogalmazott, a szeml\u00e9letform\u00e1l\u00e1ssal \u00e9s a gyakorlati k\u00e9szs\u00e9gek er\u0151s\u00edt\u00e9s\u00e9vel az egyetem k\u00f6zvetlen\u00fcl hozz\u00e1 tud j\u00e1rulni a magyar lakoss\u00e1g eg\u00e9szs\u00e9gi \u00e1llapot\u00e1nak jav\u00edt\u00e1s\u00e1hoz, hiszen a sz\u0171r\u00e9seket munkahelyeken, iskol\u00e1kban, eg\u00e9szs\u00e9g\u00fcgyi int\u00e9zm\u00e9nyekben tervezik megval\u00f3s\u00edtani.<\/p>\n<p>Fot\u00f3: Kov\u00e1cs Attila &#8211; Semmelweis Egyetem<\/p>\n","protected":false},"excerpt":{"rendered":"<p>Tanulm\u00e1nyi kredit pontot kapnak \u0151szt\u0151l azon orvostanhallgat\u00f3k, akik tant\u00e1rgyi keretek k\u00f6z\u00f6tt megval\u00f3sul\u00f3 eg\u00e9szs\u00e9gfejleszt\u00e9si tev\u00e9kenys\u00e9get, sz\u0171r\u00e9seket v\u00e9geznek. A Semmelweis Egyetem Szen\u00e1tus\u00e1nak id\u00e9n febru\u00e1ri \u00fcl\u00e9s\u00e9n megalap\u00edtott Semmelweis Eg\u00e9szs\u00e9gfejleszt\u00e9si K\u00f6zpont \u00e9s a N\u00e9peg\u00e9szs\u00e9g\u00fcgyi Int\u00e9zet egy\u00fcttm\u0171k\u00f6d\u00e9s\u00e9ben indul\u00f3 tant\u00e1rgy a meg\u00fajul\u00f3 curriculum reform fontos elem\u00e9t k\u00e9pezi. A k\u00f6telez\u0151 kurzus c\u00e9lja az eg\u00e9szs\u00e9gmeg\u0151rz\u00e9shez, n\u00e9peg\u00e9szs\u00e9g\u00fcgyi sz\u0171r\u00e9sekhez kapcsol\u00f3d\u00f3 gyakorlati ismeretek \u00e1tad\u00e1sa. <a href=\"https:\/\/semmelweis.hu\/mediasarok\/files\/2019\/05\/RS94651_ka-20190511-IMG_5028-scr.jpg\"><\/a> A 2019. &hellip;<\/p>\n","protected":false},"author":101405,"featured_media":92706,"comment_status":"closed","ping_status":"closed","sticky":false,"template":"","format":"standard","meta":{"_acf_changed":false,"footnotes":""},"categories":[5],"tags":[734],"class_list":["post-92701","post","type-post","status-publish","format-standard","has-post-thumbnail","hentry","category-cikkek","tag-kozlemeny"],"acf":[],"_links":{"self":[{"href":"https:\/\/semmelweis.hu\/mediasarok\/wp-json\/wp\/v2\/posts\/92701","targetHints":{"allow":["GET"]}}],"collection":[{"href":"https:\/\/semmelweis.hu\/mediasarok\/wp-json\/wp\/v2\/posts"}],"about":[{"href":"https:\/\/semmelweis.hu\/mediasarok\/wp-json\/wp\/v2\/types\/post"}],"author":[{"embeddable":true,"href":"https:\/\/semmelweis.hu\/mediasarok\/wp-json\/wp\/v2\/users\/101405"}],"replies":[{"embeddable":true,"href":"https:\/\/semmelweis.hu\/mediasarok\/wp-json\/wp\/v2\/comments?post=92701"}],"version-history":[{"count":10,"href":"https:\/\/semmelweis.hu\/mediasarok\/wp-json\/wp\/v2\/posts\/92701\/revisions"}],"predecessor-version":[{"id":92716,"href":"https:\/\/semmelweis.hu\/mediasarok\/wp-json\/wp\/v2\/posts\/92701\/revisions\/92716"}],"wp:featuredmedia":[{"embeddable":true,"href":"https:\/\/semmelweis.hu\/mediasarok\/wp-json\/wp\/v2\/media\/92706"}],"wp:attachment":[{"href":"https:\/\/semmelweis.hu\/mediasarok\/wp-json\/wp\/v2\/media?parent=92701"}],"wp:term":[{"taxonomy":"category","embeddable":true,"href":"https:\/\/semmelweis.hu\/mediasarok\/wp-json\/wp\/v2\/categories?post=92701"},{"taxonomy":"post_tag","embeddable":true,"href":"https:\/\/semmelweis.hu\/mediasarok\/wp-json\/wp\/v2\/tags?post=92701"}],"curies":[{"name":"wp","href":"https:\/\/api.w.org\/{rel}","templated":true}]}}