{"id":92415,"date":"2019-04-30T16:19:25","date_gmt":"2019-04-30T14:19:25","guid":{"rendered":"http:\/\/semmelweis.hu\/mediasarok\/?p=92415"},"modified":"2019-04-30T16:50:26","modified_gmt":"2019-04-30T14:50:26","slug":"kozlemeny-meg-az-iden-elkezdodik-az-egeszsegipari-biotechnologiai-tudaspark-kialakitasa","status":"publish","type":"post","link":"https:\/\/semmelweis.hu\/mediasarok\/2019\/04\/30\/kozlemeny-meg-az-iden-elkezdodik-az-egeszsegipari-biotechnologiai-tudaspark-kialakitasa\/","title":{"rendered":"K\u00f6zlem\u00e9ny: M\u00e9g az id\u00e9n elkezd\u0151dik az Eg\u00e9szs\u00e9gipari-Biotechnol\u00f3giai Tud\u00e1spark kialak\u00edt\u00e1sa"},"content":{"rendered":"<p>Inform\u00e1ci\u00f3s f\u00f3rum keret\u00e9ben mutatt\u00e1k be az Eg\u00e9szs\u00e9gipari-Biotechnol\u00f3giai Science Parkban megval\u00f3s\u00edtani k\u00edv\u00e1nt kutat\u00e1s-fejleszt\u00e9si \u00e9s szolg\u00e1ltat\u00e1si terveket az Innov\u00e1ci\u00f3s \u00e9s Technol\u00f3giai Miniszt\u00e9riumnak, valamint vezet\u0151 eg\u00e9szs\u00e9g- \u00e9s gy\u00f3gyszeripari c\u00e9gek k\u00e9pvisel\u0151inek. A Semmelweis Egyetem, a Nemzeti K\u00f6zszolg\u00e1lati Egyetem \u00e9s a P\u00e1zm\u00e1ny P\u00e9ter Katolikus Egyetem, valamint J\u00f3zsefv\u00e1ros polg\u00e1rmestere <a href=\"https:\/\/semmelweis.hu\/hirek\/2019\/03\/25\/egeszsegipari-biotechnologiai-tudasparkot-hoz-letre-harom-egyetem-jozsefvarosban\/\">2019. m\u00e1rcius 25-\u00e9n \u00edrt al\u00e1 sz\u00e1nd\u00e9knyilatkozatot<\/a> k\u00f6z\u00f6s tud\u00e1spark l\u00e9trehoz\u00e1s\u00e1r\u00f3l. A rendezv\u00e9ny az ipari ig\u00e9nyek, valamint az egyetemi \u00e9s ipari kapcsolatrendszer jelenlegi helyzet\u00e9r\u0151l sz\u00f3l\u00f3 kerekasztal-besz\u00e9lget\u00e9ssel z\u00e1rult.<\/p>\n<p><a href=\"https:\/\/semmelweis.hu\/mediasarok\/files\/2019\/04\/RS93785_IMG_1113-scr.jpg\"><img loading=\"lazy\" decoding=\"async\" class=\"alignright wp-image-92420\" src=\"https:\/\/semmelweis.hu\/mediasarok\/files\/2019\/04\/RS93785_IMG_1113-scr-200x300.jpg\" alt=\"\" width=\"230\" height=\"345\" srcset=\"https:\/\/semmelweis.hu\/mediasarok\/files\/2019\/04\/RS93785_IMG_1113-scr-200x300.jpg 200w, https:\/\/semmelweis.hu\/mediasarok\/files\/2019\/04\/RS93785_IMG_1113-scr.jpg 500w\" sizes=\"auto, (max-width: 230px) 100vw, 230px\" \/><\/a>A Semmelweis Szalonban tartott inform\u00e1ci\u00f3s f\u00f3rumon Dr. Ferdinandy P\u00e9ter, a Semmelweis Egyetem tudom\u00e1nyos \u00e9s innov\u00e1ci\u00f3s rektorhelyettese k\u00f6sz\u00f6nt\u00f6tte a r\u00e9sztvev\u0151ket, majd \u00e1tadta a sz\u00f3t <strong>Dr. Lengyel Gy\u00f6rgyi<\/strong> miniszteri biztosnak. Az Innov\u00e1ci\u00f3s \u00e9s Technol\u00f3giai Miniszt\u00e9rium miniszteri biztosa eml\u00e9keztetett, a korm\u00e1ny Magyarorsz\u00e1g versenyk\u00e9pess\u00e9g\u00e9nek n\u00f6vel\u00e9se, a kutat\u00e1s-fejleszt\u00e9si tev\u00e9kenys\u00e9g fokoz\u00e1sa, a kapcsol\u00f3d\u00f3 kutat\u00e1si infrastrukt\u00fara fejleszt\u00e9se \u00e9rdek\u00e9ben h\u00e1romszint\u0171 h\u00e1l\u00f3zati strukt\u00far\u00e1r\u00f3l d\u00f6nt\u00f6tt. Mint mondta, a l\u00e9trej\u00f6v\u0151 Eg\u00e9szs\u00e9gipari-Biotechnol\u00f3giai Tud\u00e1spark olyan tudom\u00e1nyos \u00e9s innov\u00e1ci\u00f3s park, amely nemcsak meger\u0151s\u00edti a hazai fels\u0151oktat\u00e1s gyakorlati, ipark\u00f6zeli kutat\u00e1sait, hanem az eg\u00e9szs\u00e9gipari, gy\u00f3gyszeripari szerepl\u0151kkel egy\u00fcttm\u0171k\u00f6dve hoz majd l\u00e9tre a v\u00e1rakoz\u00e1sok szerint nemzetk\u00f6zi sikereket is el\u00e9r\u0151 innov\u00e1ci\u00f3kat.<\/p>\n<p><strong>Dr. Merkely B\u00e9la<\/strong>, a Semmelweis Egyetem rektora k\u00f6sz\u00f6nt\u0151j\u00e9ben kifejtette, a XXI. sz\u00e1zad kih\u00edv\u00e1sai megk\u00f6vetelik az egyetemek vezet\u0151it\u0151l, hogy int\u00e9zm\u00e9nyeiket k\u00f6zel\u00edts\u00e9k az iparhoz, a piac gazdas\u00e1gi ig\u00e9nyeihez. A Science Park csak k\u00f6z\u00f6s munk\u00e1nk eredm\u00e9nyek\u00e9nt lehet sikeres, ez\u00e9rt a mai nappal kezdj\u00fck meg a k\u00f6z\u00f6s munk\u00e1t \u00e9s induljunk el azon az \u00faton, amelynek a v\u00e9g\u00e9n egy olyan meghat\u00e1roz\u00f3 int\u00e9zm\u00e9ny sziluettje l\u00e1tszik, ami az eg\u00e9szs\u00e9gipar, gy\u00f3gyszeripar \u00e9s az orvos- eg\u00e9szs\u00e9g\u00fcgyi oktat\u00e1s-k\u00e9pz\u00e9s-kutat\u00e1s ter\u00fclet\u00e9n meg fogja hat\u00e1rozni haz\u00e1nkban az elk\u00f6vetkez\u0151 \u00e9vtizedeket \u2013 fogalmazott a rektor. Hozz\u00e1tette: a tud\u00e1spark seg\u00edteni fogja az egyetemi tud\u00e1sb\u00e1zison alapul\u00f3, kisebb, koncentr\u00e1lt, technol\u00f3gia-intenz\u00edv v\u00e1llalatok l\u00e9trej\u00f6tt\u00e9t. A sikeres innov\u00e1ci\u00f3s \u00f6kosziszt\u00e9ma \u00faj munkahelyeket teremtve t\u00e1mogatja a kis- \u00e9s k\u00f6z\u00e9pv\u00e1llalkoz\u00e1sok, a nagyv\u00e1llalatok, valamint az egyetemek k\u00f6z\u00f6tti hat\u00e9kony tud\u00e1s- \u00e9s munkaer\u0151\u00e1raml\u00e1st.<\/p>\n<p>A k\u00f6sz\u00f6nt\u0151ket k\u00f6vet\u0151en a Science Park koncepci\u00f3j\u00e1t <strong>Dr. Ferdinandy P\u00e9ter<\/strong> mutatta be a megh\u00edvottaknak. A tudom\u00e1nyos \u00e9s innov\u00e1ci\u00f3s rektorhelyettes el\u0151ad\u00e1s\u00e1ban ismertette a park szakmai programj\u00e1t, mely a mesters\u00e9ges intelligencia ment\u00e9n kialak\u00edtott n\u00e9gy pill\u00e9rre: a bioimaging, a bionika, a digitalis biomarker, valamint a transzl\u00e1ci\u00f3s biotechnol\u00f3gia ter\u00fclet\u00e9t \u00e9rint\u0151 kutat\u00e1sokra \u00e9p\u00fcl. Hangs\u00falyozta, a h\u00e1rom egyetem sz\u00e1nd\u00e9ka, hogy a j\u00f6v\u0151ben az ipari szerepl\u0151kkel egy\u00fcttm\u0171k\u00f6d\u00e9sben, a piaci ig\u00e9nyeknek megfelel\u0151 szolg\u00e1ltat\u00e1si portf\u00f3li\u00f3 j\u00f6jj\u00f6n l\u00e9tre a tud\u00e1sparkban, ami a tervek szerint 5-6 \u00e9v m\u00falva \u00fczleti v\u00e1llalkoz\u00e1sk\u00e9nt, rent\u00e1bilis m\u00f3don \u00fczemelne.<\/p>\n<p><a href=\"https:\/\/semmelweis.hu\/mediasarok\/files\/2019\/04\/RS93759_IMG_1233-scr.jpg\"><img loading=\"lazy\" decoding=\"async\" class=\"alignleft wp-image-92425\" src=\"https:\/\/semmelweis.hu\/mediasarok\/files\/2019\/04\/RS93759_IMG_1233-scr.jpg\" alt=\"\" width=\"350\" height=\"233\" srcset=\"https:\/\/semmelweis.hu\/mediasarok\/files\/2019\/04\/RS93759_IMG_1233-scr.jpg 950w, https:\/\/semmelweis.hu\/mediasarok\/files\/2019\/04\/RS93759_IMG_1233-scr-300x200.jpg 300w, https:\/\/semmelweis.hu\/mediasarok\/files\/2019\/04\/RS93759_IMG_1233-scr-768x512.jpg 768w, https:\/\/semmelweis.hu\/mediasarok\/files\/2019\/04\/RS93759_IMG_1233-scr-450x300.jpg 450w\" sizes=\"auto, (max-width: 350px) 100vw, 350px\" \/><\/a>Dr. Ferdinandy P\u00e9ter\u00a0<a href=\"https:\/\/semmelweis.hu\/hirek\/files\/2019\/04\/SE-SCIPARK-koncepcio-2019apr29-final.pdf\">prezent\u00e1ci\u00f3j\u00e1ban<\/a> r\u00e9szletesen ismertette a Science Park infrastruktur\u00e1lis \u00e9s szakmai h\u00e1tter\u00e9t. Elmondta, \u00faj \u00e9p\u00fcletek is \u00e9p\u00fclnek majd, de term\u00e9szetesen az egyetemek megl\u00e9v\u0151 egys\u00e9geit is bevonj\u00e1k a szakmai h\u00e1tt\u00e9rbe. A tudom\u00e1nyos \u00e9s innov\u00e1ci\u00f3s rektorhelyettes kiemelte, a Semmelweis Egyetem jelenleg fejleszt\u00e9s alatt \u00e1ll\u00f3 H\u0151gyes-Sch\u00f6pf-Merei Gy\u00f3gyszerkutat\u00e1si Centrum, \u00e9s a m\u00e1r tervez\u00e9s alatt \u00e1ll\u00f3 Transzl\u00e1ci\u00f3s Orvostechnol\u00f3giai K\u00f6zpont is szinergikusan t\u00e1mogatj\u00e1k a tud\u00e1sparkot.<\/p>\n<p>Az egyetem tudom\u00e1nyos \u00e9s innov\u00e1ci\u00f3s rektorhelyettese az \u00fctemez\u00e9sr\u0151l sz\u00f3lva elmondta, a tervek szerint id\u00e9n elk\u00e9sz\u00fcl a Science Park megval\u00f3s\u00edthat\u00f3s\u00e1gi tanulm\u00e1nya, emellett kidolgozz\u00e1k az egys\u00e9ges m\u0171k\u00f6dtet\u00e9si \u00e9s szab\u00e1lyoz\u00e1si keretrendszert. 2020-ban elindulhat az \u00e9p\u00edtkez\u00e9s els\u0151 \u00fcteme, 2021-ben a m\u00e1sodik \u00fctem, \u00e9s v\u00e1rhat\u00f3an 2022-ben teljes \u00fczemben m\u0171k\u00f6dik majd a tud\u00e1spark.<\/p>\n<p>A rendezv\u00e9ny az ipari ig\u00e9nyek, valamint az egyetemi \u00e9s ipari kapcsolatrendszer jelenlegi helyzet\u00e9nek kerekasztal jelleg\u0171 megbesz\u00e9l\u00e9s\u00e9vel folytat\u00f3dott. A besz\u00e9lget\u00e9st moder\u00e1lta Dr. Szigeti Gyula, a Semmelweis Egyetem Tudom\u00e1nyos \u00e9s Rektorhelyettesi Iroda kutat\u00e1s-fejleszt\u00e9si szak\u00e9rt\u0151je.<\/p>\n","protected":false},"excerpt":{"rendered":"<p>Inform\u00e1ci\u00f3s f\u00f3rum keret\u00e9ben mutatt\u00e1k be az Eg\u00e9szs\u00e9gipari-Biotechnol\u00f3giai Science Parkban megval\u00f3s\u00edtani k\u00edv\u00e1nt kutat\u00e1s-fejleszt\u00e9si \u00e9s szolg\u00e1ltat\u00e1si terveket az Innov\u00e1ci\u00f3s \u00e9s Technol\u00f3giai Miniszt\u00e9riumnak, valamint vezet\u0151 eg\u00e9szs\u00e9g- \u00e9s gy\u00f3gyszeripari c\u00e9gek k\u00e9pvisel\u0151inek. A Semmelweis Egyetem, a Nemzeti K\u00f6zszolg\u00e1lati Egyetem \u00e9s a P\u00e1zm\u00e1ny P\u00e9ter Katolikus Egyetem, valamint J\u00f3zsefv\u00e1ros polg\u00e1rmestere <a href=\"https:\/\/semmelweis.hu\/hirek\/2019\/03\/25\/egeszsegipari-biotechnologiai-tudasparkot-hoz-letre-harom-egyetem-jozsefvarosban\/\">2019. m\u00e1rcius 25-\u00e9n \u00edrt al\u00e1 sz\u00e1nd\u00e9knyilatkozatot<\/a> k\u00f6z\u00f6s tud\u00e1spark l\u00e9trehoz\u00e1s\u00e1r\u00f3l. A rendezv\u00e9ny az ipari ig\u00e9nyek, valamint az egyetemi \u00e9s &hellip;<\/p>\n","protected":false},"author":101405,"featured_media":92419,"comment_status":"closed","ping_status":"closed","sticky":false,"template":"","format":"standard","meta":{"_acf_changed":false,"footnotes":""},"categories":[5],"tags":[734],"class_list":["post-92415","post","type-post","status-publish","format-standard","has-post-thumbnail","hentry","category-cikkek","tag-kozlemeny"],"acf":[],"_links":{"self":[{"href":"https:\/\/semmelweis.hu\/mediasarok\/wp-json\/wp\/v2\/posts\/92415","targetHints":{"allow":["GET"]}}],"collection":[{"href":"https:\/\/semmelweis.hu\/mediasarok\/wp-json\/wp\/v2\/posts"}],"about":[{"href":"https:\/\/semmelweis.hu\/mediasarok\/wp-json\/wp\/v2\/types\/post"}],"author":[{"embeddable":true,"href":"https:\/\/semmelweis.hu\/mediasarok\/wp-json\/wp\/v2\/users\/101405"}],"replies":[{"embeddable":true,"href":"https:\/\/semmelweis.hu\/mediasarok\/wp-json\/wp\/v2\/comments?post=92415"}],"version-history":[{"count":10,"href":"https:\/\/semmelweis.hu\/mediasarok\/wp-json\/wp\/v2\/posts\/92415\/revisions"}],"predecessor-version":[{"id":92434,"href":"https:\/\/semmelweis.hu\/mediasarok\/wp-json\/wp\/v2\/posts\/92415\/revisions\/92434"}],"wp:featuredmedia":[{"embeddable":true,"href":"https:\/\/semmelweis.hu\/mediasarok\/wp-json\/wp\/v2\/media\/92419"}],"wp:attachment":[{"href":"https:\/\/semmelweis.hu\/mediasarok\/wp-json\/wp\/v2\/media?parent=92415"}],"wp:term":[{"taxonomy":"category","embeddable":true,"href":"https:\/\/semmelweis.hu\/mediasarok\/wp-json\/wp\/v2\/categories?post=92415"},{"taxonomy":"post_tag","embeddable":true,"href":"https:\/\/semmelweis.hu\/mediasarok\/wp-json\/wp\/v2\/tags?post=92415"}],"curies":[{"name":"wp","href":"https:\/\/api.w.org\/{rel}","templated":true}]}}