{"id":92304,"date":"2019-04-26T08:06:58","date_gmt":"2019-04-26T06:06:58","guid":{"rendered":"http:\/\/semmelweis.hu\/mediasarok\/?p=92304"},"modified":"2019-05-21T12:04:10","modified_gmt":"2019-05-21T10:04:10","slug":"kozlemeny-2019-aprilis-26","status":"publish","type":"post","link":"https:\/\/semmelweis.hu\/mediasarok\/2019\/04\/26\/kozlemeny-2019-aprilis-26\/","title":{"rendered":"K\u00f6zlem\u00e9ny, 2019. \u00e1prilis 26."},"content":{"rendered":"<p>A Semmelweis Egyetem Szem\u00e9szeti Klinik\u00e1j\u00e1ra 2019. \u00e1prilis 18-\u00e1n, cs\u00fct\u00f6rt\u00f6k\u00f6n d\u00e9lut\u00e1n \u00e9rkez\u0151, balesetet szenvedett gyermeket az int\u00e9zm\u00e9nyben soron k\u00edv\u00fcl, a szakma szab\u00e1lyainak megfelel\u0151en ell\u00e1tt\u00e1k, f\u00fcggetlen\u00fcl att\u00f3l, hogy ezen a napon a klinika nem volt a s\u00fcrg\u0151ss\u00e9gi \u00fcgyeletre kijel\u00f6lt f\u0151v\u00e1rosi int\u00e9zm\u00e9nyek k\u00f6z\u00f6tt. A Szem\u00e9szeti Klinika kedd, szerda, p\u00e9ntek \u00e9s szombati napokon l\u00e1tja el ezt a feladatot. A h\u00e9t t\u00f6bbi napj\u00e1n a protokoll szerint kiz\u00e1r\u00f3lag az \u00fcgyeletes int\u00e9zm\u00e9nyek \u00e1ltal megvizsg\u00e1lt, \u00e9s tov\u00e1bbutalt legs\u00falyosabb \u00e1llapot\u00fa 18 \u00e9v alatti p\u00e1cienseket fogadja.<\/p>\n<p>Az \u00fcgyeletes szakorvos a folyamatban l\u00e9v\u0151 t\u00f6bbi beteg vizsg\u00e1lat\u00e1t megszak\u00edtva, azonnal megkezdte a gyermek kivizsg\u00e1l\u00e1s\u00e1t. A szakmai elveket maxim\u00e1lisan figyelembe v\u00e9ve ultrahang \u00e9s CT vizsg\u00e1latot v\u00e9gzett, melyek egy\u00e9rtelm\u0171en bizony\u00edtott\u00e1k, hogy l\u00e1t\u00e1st vesz\u00e9lyeztet\u0151 perfor\u00e1l\u00f3 s\u00e9r\u00fcl\u00e9s nem \u00e1ll fenn, illetve idegentest sincs a szemben. B\u00e1r az egyetem ter\u00fclet\u00e9n 0-24-ben m\u0171k\u00f6dik gyermek aneszteziol\u00f3giai ell\u00e1t\u00e1s, mivel s\u00fcrg\u0151ss\u00e9gi m\u0171t\u00e9tre nem volt sz\u00fcks\u00e9g, a szem\u00e9szeti beavatkoz\u00e1st m\u00e1snapra t\u0171zt\u00e9k ki. A sz\u00fcl\u0151k minderr\u0151l teljes k\u00f6r\u0171 sz\u00f3beli t\u00e1j\u00e9koztat\u00e1st kaptak az \u00fcgyeletes orvost\u00f3l.<br \/>\nA h\u00fasv\u00e9t p\u00e9nteken t\u00f6rt\u00e9nt beavatkoz\u00e1s sor\u00e1n szaruh\u00e1rtya s\u00e9r\u00fcl\u00e9s \u00e9s k\u00f6t\u0151h\u00e1rtya seb l\u00e1tszott, amelyet a szakorvos ell\u00e1tott. Mivel a gyermek alusz\u00e9kony volt, a m\u0171t\u00e9tet k\u00f6vet\u0151en az egyetem egyik gyermekklinik\u00e1j\u00e1ra sz\u00e1ll\u00edtott\u00e1k megfigyel\u00e9sre, az\u00f3ta m\u00e1r elhagyhatta a klinik\u00e1t, \u00e9s k\u00e9tszer t\u00e9rt vissza kontrollvizsg\u00e1latra a szem\u00e9szetre.<\/p>\n<p>A fent nevezett eset mellett \u00e1prilis 18-\u00e1n, cs\u00fct\u00f6rt\u00f6k\u00f6n 24 m\u0171t\u00e9t zajlott a Semmelweis Egyetem Szem\u00e9szeti Klinik\u00e1j\u00e1n, \u00e1prilis 19-\u00e9n, nagyp\u00e9nteken, az ambulanci\u00e1n 93 beteg fordult meg, \u00e9s hat s\u00fcrg\u0151ss\u00e9gi m\u0171t\u00e9tet v\u00e9gzett a seb\u00e9sz team \u00fcgyeletese.\u00a0\u00a0<\/p>\n","protected":false},"excerpt":{"rendered":"<p>A Semmelweis Egyetem Szem\u00e9szeti Klinik\u00e1j\u00e1ra 2019. \u00e1prilis 18-\u00e1n, cs\u00fct\u00f6rt\u00f6k\u00f6n d\u00e9lut\u00e1n \u00e9rkez\u0151, balesetet szenvedett gyermeket az int\u00e9zm\u00e9nyben soron k\u00edv\u00fcl, a szakma szab\u00e1lyainak megfelel\u0151en ell\u00e1tt\u00e1k, f\u00fcggetlen\u00fcl att\u00f3l, hogy ezen a napon a klinika nem volt a s\u00fcrg\u0151ss\u00e9gi \u00fcgyeletre kijel\u00f6lt f\u0151v\u00e1rosi int\u00e9zm\u00e9nyek k\u00f6z\u00f6tt. A Szem\u00e9szeti Klinika kedd, szerda, p\u00e9ntek \u00e9s szombati napokon l\u00e1tja el ezt a feladatot. A &hellip;<\/p>\n","protected":false},"author":13,"featured_media":0,"comment_status":"closed","ping_status":"closed","sticky":false,"template":"","format":"standard","meta":{"_acf_changed":false,"footnotes":""},"categories":[5],"tags":[734],"class_list":["post-92304","post","type-post","status-publish","format-standard","hentry","category-cikkek","tag-kozlemeny"],"acf":[],"_links":{"self":[{"href":"https:\/\/semmelweis.hu\/mediasarok\/wp-json\/wp\/v2\/posts\/92304","targetHints":{"allow":["GET"]}}],"collection":[{"href":"https:\/\/semmelweis.hu\/mediasarok\/wp-json\/wp\/v2\/posts"}],"about":[{"href":"https:\/\/semmelweis.hu\/mediasarok\/wp-json\/wp\/v2\/types\/post"}],"author":[{"embeddable":true,"href":"https:\/\/semmelweis.hu\/mediasarok\/wp-json\/wp\/v2\/users\/13"}],"replies":[{"embeddable":true,"href":"https:\/\/semmelweis.hu\/mediasarok\/wp-json\/wp\/v2\/comments?post=92304"}],"version-history":[{"count":4,"href":"https:\/\/semmelweis.hu\/mediasarok\/wp-json\/wp\/v2\/posts\/92304\/revisions"}],"predecessor-version":[{"id":92320,"href":"https:\/\/semmelweis.hu\/mediasarok\/wp-json\/wp\/v2\/posts\/92304\/revisions\/92320"}],"wp:attachment":[{"href":"https:\/\/semmelweis.hu\/mediasarok\/wp-json\/wp\/v2\/media?parent=92304"}],"wp:term":[{"taxonomy":"category","embeddable":true,"href":"https:\/\/semmelweis.hu\/mediasarok\/wp-json\/wp\/v2\/categories?post=92304"},{"taxonomy":"post_tag","embeddable":true,"href":"https:\/\/semmelweis.hu\/mediasarok\/wp-json\/wp\/v2\/tags?post=92304"}],"curies":[{"name":"wp","href":"https:\/\/api.w.org\/{rel}","templated":true}]}}