{"id":88595,"date":"2018-11-16T13:07:10","date_gmt":"2018-11-16T12:07:10","guid":{"rendered":"http:\/\/semmelweis.hu\/mediasarok\/?p=88595"},"modified":"2019-05-21T14:42:30","modified_gmt":"2019-05-21T12:42:30","slug":"nyolc-professzor-kapott-diszdoktori-cimet-a-doctor-honoris-causa-unnepsegen","status":"publish","type":"post","link":"https:\/\/semmelweis.hu\/mediasarok\/2018\/11\/16\/nyolc-professzor-kapott-diszdoktori-cimet-a-doctor-honoris-causa-unnepsegen\/","title":{"rendered":"Nyolc professzor kapott d\u00edszdoktori c\u00edmet a Doctor Honoris Causa \u00fcnneps\u00e9gen"},"content":{"rendered":"<p>\u00dajabb nyolc kiemelked\u0151, az egyetemmel kapcsolatot \u00e1pol\u00f3, nemzetk\u00f6zi h\u00edr\u0171 professzor vehette \u00e1t a Semmelweis Egyetem d\u00edszdoktori c\u00edm\u00e9t. A Szalonban megtartott esem\u00e9nyt Dr. Merkely B\u00e9la rektor nyitotta meg. Mint eml\u00e9keztetett, 1967 \u00f3ta imm\u00e1r 44. alkalommal adom\u00e1nyoz az egyetem d\u00edszdoktori c\u00edmeket a karok felterjeszt\u00e9sei alapj\u00e1n.<\/p>\n<p>Az \u00c1ltal\u00e1nos Orvostudom\u00e1nyi Kar felterjeszt\u00e9s\u00e9re ebben az \u00e9vben n\u00e9gyen kaptak d\u00edszdoktori c\u00edmet. A d\u00edjazottak laud\u00e1ci\u00f3j\u00e1t Dr. Hunyady L\u00e1szl\u00f3 d\u00e9k\u00e1n ismertette.<\/p>\n<p>Dr. Piotr L. Chlosta a krakk\u00f3i Jagell\u00f3 Egyetem Urol\u00f3giai Int\u00e9zet\u00e9nek vezet\u0151je, valamint a Lengyel Urol\u00f3giai T\u00e1rsas\u00e1g eln\u00f6ke. \u0150 volt az els\u0151 urol\u00f3gus seb\u00e9sz, aki laparoszk\u00f3pos elj\u00e1r\u00e1ssal hajtott v\u00e9gre mesters\u00e9ges h\u00fagycs\u0151z\u00e1r\u00f3-izom be\u00fcltet\u00e9st egy f\u00e9rfin. A krakk\u00f3i egyetemen minim\u00e1lisan invaz\u00edv m\u00f3dszereket vezetett be az uro-onkol\u00f3gia ter\u00fclet\u00e9n, \u00e9s l\u00e9trehozta az int\u00e9zm\u00e9ny teljes k\u00f6r\u0171 urol\u00f3giai k\u00f6zpontj\u00e1t. 2012 \u00f3ta a Semmelweis Egyetem Urol\u00f3giai Klinik\u00e1j\u00e1val egy\u00fcttm\u0171k\u00f6d\u00e9sben seg\u00edti a Magyar-Lengyel Tudom\u00e1nyos Gy\u0171l\u00e9s megszervez\u00e9s\u00e9t az USA-ban tartand\u00f3 \u00e9ves urol\u00f3gus rendezv\u00e9nyen. Sz\u00e1mos tudom\u00e1nyos publik\u00e1ci\u00f3nak a szerz\u0151je, valamint h\u00e1rom nemzetk\u00f6zileg publik\u00e1lt k\u00f6nyvet is \u00edrt, melyek k\u00f6z\u00fcl az egyik a Semmelweis Egyetem Urol\u00f3giai Klinik\u00e1j\u00e1val egy\u00fcttm\u0171k\u00f6d\u00e9sben sz\u00fcletett.<\/p>\n<p>Dr. Sahin-T\u00f3th Mikl\u00f3s nemzetk\u00f6zileg elismert transzl\u00e1ci\u00f3s kutat\u00f3, szakter\u00fclete a pankreatitisz vizsg\u00e1lata. Jelenleg a Bostoni Egyetem exokrin rendelleness\u00e9geket kutat\u00f3 k\u00f6zpontj\u00e1nak a vezet\u0151je. T\u00f6bb meghat\u00e1roz\u00f3 felfedez\u00e9s is f\u0171z\u0151dik a nev\u00e9hez, p\u00e9ld\u00e1ul a hasny\u00e1lmirigy em\u00e9szt\u0151enzimeinek jellemz\u00e9se vagy a kr\u00f3nikus pankreatitisz genetikai rizik\u00f3faktorai kapcs\u00e1n. T\u00f6bb mint 15 \u00e9ve szoros egy\u00fcttm\u0171k\u00f6d\u00e9s f\u0171zi a Semmelweis Egyetem Orvosi Vegytani, Molekul\u00e1ris Biol\u00f3giai \u00e9s Patobiok\u00e9miai Int\u00e9zet\u00e9hez, ennek r\u00e9szek\u00e9nt nyolc fiatal egyetemi kutat\u00f3nak adott lehet\u0151s\u00e9get, hogy bostoni laborj\u00e1ban dolgozzon \u00e9s kutasson. A munka eredm\u00e9nyek\u00e9pp 30 publik\u00e1ci\u00f3 sz\u00fcletett a Semmelweis Egyetem ott j\u00e1rt di\u00e1kjaival \u00e9s kutat\u00f3ival k\u00f6z\u00f6sen.<\/p>\n<p>Dr. Scott David Solomon vil\u00e1gh\u00edr\u0171 kardiol\u00f3gus, a Harvard Orvosi Egyetem doktora, Edward D. Frohlich tiszteletbeli tansz\u00e9kvezet\u0151. F\u0151 kutat\u00e1si ter\u00fcletei t\u00f6bbek k\u00f6z\u00f6tt a sz\u00edvizomk\u00e1rosod\u00e1st k\u00f6vet\u0151 struktur\u00e1lis vagy funkcion\u00e1lis v\u00e1ltoz\u00e1sok, a kr\u00f3nikus sz\u00edvel\u00e9gtelens\u00e9gben szenved\u0151 betegek rizik\u00f3faktorainak cs\u00f6kkent\u00e9se, \u00e9s a nem kardiovaszkul\u00e1ris ter\u00e1pi\u00e1k sz\u00edv- \u00e9s \u00e9rrendszerre gyakorolt hat\u00e1sa. Az els\u0151k k\u00f6z\u00f6tt haszn\u00e1lt kardiol\u00f3giai k\u00e9palkot\u00f3 elj\u00e1r\u00e1sokat kardiol\u00f3giai gy\u00f3gyszerek \u00e9s eszk\u00f6z\u00f6k fejleszt\u00e9s\u00e9hez, illetve klinikai vizsg\u00e1latokban. A Semmelweis Egyetem V\u00e1rosmajori Sz\u00edv- \u00e9s \u00c9rgy\u00f3gy\u00e1szati Klinik\u00e1val folytatott egy\u00fcttm\u0171k\u00f6d\u00e9se t\u00f6bb mint egy \u00e9vtizede tart, ami alatt 14 k\u00f6z\u00f6s publik\u00e1ci\u00f3 sz\u00fcletett a sz\u00edvel\u00e9gtelens\u00e9g gy\u00f3gyszeres \u00e9s eszk\u00f6z\u00f6s kezel\u00e9s\u00e9r\u0151l, a klinik\u00e1t pedig h\u00e1rom m\u00e9rf\u00f6ldk\u0151nek sz\u00e1m\u00edt\u00f3 vizsg\u00e1lat\u00e1ba is bevonta.<\/p>\n<p>Dr. Maria Antonietta Stazi genetikai epidemiol\u00f3gus a r\u00f3mai Istituto Superiore di Sanit\u00e1ban, valamint az Olaszorsz\u00e1gi Ikerregiszter alap\u00edt\u00f3ja \u00e9s vezet\u0151je. Kutat\u00e1sai f\u0151k\u00e9nt a kardiovaszkul\u00e1ris betegs\u00e9gek, a pszichikai \u00e9s pszichi\u00e1triai jellemz\u0151k genetikai j\u00e1rv\u00e1nytan\u00e1ra f\u00f3kusz\u00e1lnak, \u00e9s r\u00e9szt vett t\u00f6bb olyan nemzetk\u00f6zi kutat\u00e1sban is, amik a genetikai \u00e9s k\u00f6rnyezeti faktorok szerep\u00e9t vizsg\u00e1lt\u00e1k a k\u00f6zeg\u00e9szs\u00e9g\u00fcgyben. Az ut\u00f3bbi t\u00edz \u00e9vben akt\u00edvan k\u00f6zrem\u0171k\u00f6d\u00f6tt a Semmelweis Egyetem Radiol\u00f3giai Klinik\u00e1j\u00e1val \u00e9s a Magyar Ikerregiszterrel projektek szervez\u00e9s\u00e9ben, elemz\u00e9s\u00e9ben \u00e9s publik\u00e1ci\u00f3j\u00e1ban. Ennek eredm\u00e9nyek\u00e9pp az egyetem t\u00f6bb m\u00e1s klinik\u00e1j\u00e1nak a kutat\u00f3ja is r\u00e9szt tudott venni nemzetk\u00f6zi projektekben, a Radiol\u00f3giai Klinika t\u00f6bb mint 15 TDK-s hallgat\u00f3ja k\u00e9sz\u00edtett el\u0151ad\u00e1st \u00e9s szakdolgozatot a vizsg\u00e1lt t\u00e9m\u00e1kban.<\/p>\n<p>A Gy\u00f3gyszer\u00e9sztudom\u00e1nyi Kar \u00e1ltal felterjesztett k\u00e9t d\u00edszdoktort Dr. Zelk\u00f3 Rom\u00e1na d\u00e9k\u00e1n m\u00e9ltatta.<\/p>\n<p>Dr. Daan J. A. Crommelin a biogy\u00f3gyszerek professzora az Utrechti Egyetem Gy\u00f3gyszertani Tansz\u00e9k\u00e9n. Kiterjedt publik\u00e1ci\u00f3s tev\u00e9kenys\u00e9get folytat, f\u0151leg a biotech-alap\u00fa gy\u00f3gyszerek \u00fajfajta hat\u00f3anyag-c\u00e9lbajuttat\u00f3 m\u00f3dszereit vizsg\u00e1lja, t\u00f6bb vezet\u0151 szakmai foly\u00f3irat szerkeszt\u0151bizotts\u00e1g\u00e1nak is tagja volt. Nemzetk\u00f6zi konferenci\u00e1k rendszeres r\u00e9sztvev\u0151je, a Budapesten rendezett nemzetk\u00f6zi gy\u00f3gyszerszimp\u00f3ziumok (SRACD) el\u0151ad\u00f3ja, \u00e9s r\u00e9szt vett a tan\u00e1csad\u00f3 bizotts\u00e1g munk\u00e1j\u00e1ban is. Tudom\u00e1nyos tev\u00e9kenys\u00e9g\u00e9n t\u00fal kock\u00e1zati t\u0151kebefektet\u0151 c\u00e9geknek is tan\u00e1csot ny\u00fajt, valamint b\u00edr\u00f3s\u00e1gi szak\u00e9rt\u0151k\u00e9nt szerepel szabadalmi \u00fcgyekben.<\/p>\n<p>Dr. Olavi Pelkonen a finnorsz\u00e1gi Oulu Egyetem farmakol\u00f3giai professzora. T\u00f6bb mint 400 cikket publik\u00e1lt nemzetk\u00f6zi kiadv\u00e1nyokban, f\u0151leg a gy\u00f3gyszerek \u00e9s karcinog\u00e9nek metabolizmus\u00e1nak a k\u00fcl\u00f6nb\u00f6z\u0151 aspektusair\u00f3l, k\u00fcl\u00f6n\u00f6sen ami a citokr\u00f3m P450 enzimeket \u00e9rinti. T\u00f6bb finn orsz\u00e1gos d\u00edjat kapott oktat\u00f3-kutat\u00f3 munk\u00e1ja elismer\u00e9sek\u00e9nt. 2010-es nyugd\u00edjba vonul\u00e1sa \u00f3ta kutat\u00f3i munk\u00e1j\u00e1t nemzetk\u00f6zi \u00e9s uni\u00f3s szinten is folytatta, valamint szak\u00e9rt\u0151k\u00e9nt r\u00e9szt vesz t\u00f6bb uni\u00f3s \u00e9s nemzetk\u00f6zi \u00fcgyn\u00f6ks\u00e9g munk\u00e1j\u00e1ban, jelenleg az Eur\u00f3pai \u00c9lelmiszerbiztons\u00e1gi Hat\u00f3s\u00e1g (EFSA) tudom\u00e1nyos panelj\u00e1nak a tagja.<\/p>\n<p>Az Eg\u00e9szs\u00e9gtudom\u00e1nyi Kar \u00e1ltal felterjesztett d\u00edszdoktort Dr. Nagy Zolt\u00e1n Zsolt d\u00e9k\u00e1n mutatta be.<\/p>\n<p>Dr. Xu Jianguang a Shanghai University of Traditional Chinese Medicine (Shanghai TCM) eln\u00f6ke. Belgy\u00f3gy\u00e1szk\u00e9nt v\u00e9gzett, kor\u00e1bban a Fudan Egyetemhez tartoz\u00f3 Huashuan k\u00f3rh\u00e1z igazgat\u00f3helyettese, majd k\u00e9s\u0151bb igazgat\u00f3ja volt, jelenleg pedig a k\u00f3rh\u00e1z k\u00e9zseb\u00e9szeti int\u00e9zet\u00e9nek a professzora. Publik\u00e1ci\u00f3i f\u0151k\u00e9nt a k\u00e9zseb\u00e9szettel, valamint a hagyom\u00e1nyos k\u00ednai orvosl\u00e1sban haszn\u00e1lt formul\u00e1k tudom\u00e1nyos elemz\u00e9s\u00e9vel foglalkoznak. Vil\u00e1gszerte t\u00f6bb neves int\u00e9zm\u00e9nyben oktatott \u00e9s kutatott, t\u00f6bbek k\u00f6z\u00f6tt Hawaii-on, Los Angelesben, Hongkongban valamint a Harvardon. A Shanghai TCM k\u00e9pviselet\u00e9ben 2016-ban egy\u00fcttm\u0171k\u00f6d\u00e9st \u00edrt al\u00e1 a Semmelweis Egyetemmel, melynek c\u00e9lja t\u00f6bbek k\u00f6z\u00f6tt hallgat\u00f3i \u00e9s oktat\u00f3i csereprogramok ind\u00edt\u00e1sa.<\/p>\n<p>A Doktori Iskola \u00e1ltal felterjesztett d\u00edszdoktor laud\u00e1ci\u00f3j\u00e1t Dr. T\u00edm\u00e1r J\u00f3zsef, a Doktori Tan\u00e1cs eln\u00f6ke ismertette.<\/p>\n<p>Dr. Stefan Offermanns a Max Planck Sz\u00edv- \u00e9s T\u00fcd\u0151kutat\u00f3 Int\u00e9zet vezet\u0151je, a frankfurti Goethe Egyetem farmakol\u00f3giai professzora. Karrierje els\u0151 k\u00e9t \u00e9vtized\u00e9ben kutat\u00e1s\u00e1nak f\u00f3kusz\u00e1ban a G-protein kapcsolt receptorok (GPCR-k) \u00e9s sejtk\u00f6zi jel\u00e1tviteli \u00fatvonalaik \u00e1lltak. Jelenlegi tudom\u00e1nyos munk\u00e1ja k\u00f6zpontj\u00e1ban az \u201e\u00e1rva\u201d GPCR-ek fiziol\u00f3giai \u00e9s farmakol\u00f3giai ligandjainak az azonos\u00edt\u00e1sa, a kardiovaszkul\u00e1ris rendszerben l\u00e9v\u0151 mechatranszdukci\u00f3s mechanizmusok elemz\u00e9se, valamint a tumorsejtek \u00e1tt\u00e9telk\u00e9pz\u00e9s\u00e9t \u00e9s lappang\u00e1s\u00e1t megalapoz\u00f3 m\u0171k\u00f6d\u00e9si rendszerek \u00e1llnak. Az ut\u00f3bbi 16 \u00e9vben a Semmelweis Egyetem Klinikai K\u00eds\u00e9rleti Kutat\u00f3 Int\u00e9zet\u00e9nek 6 PhD hallgat\u00f3ja \u00e9s posztdoktori kutat\u00f3ja vehetett r\u00e9szt a kutat\u00f3csoportj\u00e1nak munk\u00e1j\u00e1ban, mely 7 publik\u00e1ci\u00f3t eredm\u00e9nyezett neves foly\u00f3iratokban.<\/p>\n<p>A laud\u00e1ci\u00f3kat k\u00f6vet\u0151en Dr. Merkely B\u00e9la, Dr. Hunyady L\u00e1szl\u00f3, Dr. Zelk\u00f3 Rom\u00e1na, Dr. Nagy Zolt\u00e1n Zsolt, valamint Dr. T\u00edm\u00e1r J\u00f3zsef adta \u00e1t a d\u00edszdoktori c\u00edmr\u0151l sz\u00f3l\u00f3 oklevelet \u00e9s st\u00f3l\u00e1t a d\u00edjazottaknak, majd a frissen avatott d\u00edszdoktorok sz\u00f3ltak.<\/p>\n<p>Dr. Merkely B\u00e9la z\u00e1rszav\u00e1ban kiemelte, b\u00edzik benne, hogy a d\u00edjazottak a j\u00f6v\u0151ben is folytatj\u00e1k egy\u00fcttm\u0171k\u00f6d\u00e9s\u00fcket az egyetem munkat\u00e1rsaival \u00e9s seg\u00edtik terjeszteni a Semmelweis Egyetem j\u00f3 h\u00edrnev\u00e9t vil\u00e1gszerte.<\/p>\n<p>Fot\u00f3: Kov\u00e1cs Attila \u2013 Semmelweis Egyetem<\/p>\n","protected":false},"excerpt":{"rendered":"<p>\u00dajabb nyolc kiemelked\u0151, az egyetemmel kapcsolatot \u00e1pol\u00f3, nemzetk\u00f6zi h\u00edr\u0171 professzor vehette \u00e1t a Semmelweis Egyetem d\u00edszdoktori c\u00edm\u00e9t. A Szalonban megtartott esem\u00e9nyt Dr. Merkely B\u00e9la rektor nyitotta meg. Mint eml\u00e9keztetett, 1967 \u00f3ta imm\u00e1r 44. alkalommal adom\u00e1nyoz az egyetem d\u00edszdoktori c\u00edmeket a karok felterjeszt\u00e9sei alapj\u00e1n. Az \u00c1ltal\u00e1nos Orvostudom\u00e1nyi Kar felterjeszt\u00e9s\u00e9re ebben az \u00e9vben n\u00e9gyen kaptak d\u00edszdoktori c\u00edmet. &hellip;<\/p>\n","protected":false},"author":101405,"featured_media":88596,"comment_status":"closed","ping_status":"closed","sticky":false,"template":"","format":"standard","meta":{"_acf_changed":false,"footnotes":""},"categories":[5],"tags":[734],"class_list":["post-88595","post","type-post","status-publish","format-standard","has-post-thumbnail","hentry","category-cikkek","tag-kozlemeny"],"acf":[],"_links":{"self":[{"href":"https:\/\/semmelweis.hu\/mediasarok\/wp-json\/wp\/v2\/posts\/88595","targetHints":{"allow":["GET"]}}],"collection":[{"href":"https:\/\/semmelweis.hu\/mediasarok\/wp-json\/wp\/v2\/posts"}],"about":[{"href":"https:\/\/semmelweis.hu\/mediasarok\/wp-json\/wp\/v2\/types\/post"}],"author":[{"embeddable":true,"href":"https:\/\/semmelweis.hu\/mediasarok\/wp-json\/wp\/v2\/users\/101405"}],"replies":[{"embeddable":true,"href":"https:\/\/semmelweis.hu\/mediasarok\/wp-json\/wp\/v2\/comments?post=88595"}],"version-history":[{"count":1,"href":"https:\/\/semmelweis.hu\/mediasarok\/wp-json\/wp\/v2\/posts\/88595\/revisions"}],"predecessor-version":[{"id":88597,"href":"https:\/\/semmelweis.hu\/mediasarok\/wp-json\/wp\/v2\/posts\/88595\/revisions\/88597"}],"wp:featuredmedia":[{"embeddable":true,"href":"https:\/\/semmelweis.hu\/mediasarok\/wp-json\/wp\/v2\/media\/88596"}],"wp:attachment":[{"href":"https:\/\/semmelweis.hu\/mediasarok\/wp-json\/wp\/v2\/media?parent=88595"}],"wp:term":[{"taxonomy":"category","embeddable":true,"href":"https:\/\/semmelweis.hu\/mediasarok\/wp-json\/wp\/v2\/categories?post=88595"},{"taxonomy":"post_tag","embeddable":true,"href":"https:\/\/semmelweis.hu\/mediasarok\/wp-json\/wp\/v2\/tags?post=88595"}],"curies":[{"name":"wp","href":"https:\/\/api.w.org\/{rel}","templated":true}]}}