{"id":87954,"date":"2018-10-21T20:51:22","date_gmt":"2018-10-21T18:51:22","guid":{"rendered":"http:\/\/semmelweis.hu\/mediasarok\/?p=87954"},"modified":"2019-05-21T12:56:54","modified_gmt":"2019-05-21T10:56:54","slug":"kozlemeny-2018-10-21","status":"publish","type":"post","link":"https:\/\/semmelweis.hu\/mediasarok\/2018\/10\/21\/kozlemeny-2018-10-21\/","title":{"rendered":"K\u00f6zlem\u00e9ny, 2018. 10. 21."},"content":{"rendered":"<p>A Semmelweis Egyetem Uzsoki K\u00f3rh\u00e1zban m\u0171k\u00f6d\u0151 Traumatol\u00f3giai Tansz\u00e9ke, illetve a gyakorlat helysz\u00edne, a k\u00f3rh\u00e1z Ortop\u00e9d-Traumatol\u00f3gai Oszt\u00e1lya a hallgat\u00f3kt\u00f3l a jogszab\u00e1lyokban el\u0151\u00edrt vizsg\u00e1latokat k\u00e9ri. Ahogy az a tansz\u00e9k t\u00e1j\u00e9koztat\u00f3j\u00e1ban szerepel: \u201ea hallgat\u00f3k a foglalkoz\u00e1s-eg\u00e9szs\u00e9g\u00fcgyi vizsg\u00e1latot az \u00e1ltaluk v\u00e1lasztott int\u00e9zm\u00e9nyekben v\u00e9geztethetik el\u201d. Ugyanakkor a t\u00e1j\u00e9koztat\u00f3 lehets\u00e9ges szolg\u00e1ltat\u00f3k\u00e9nt megnevezte az Uzsoki K\u00f3rh\u00e1z foglalkoz\u00e1s-eg\u00e9szs\u00e9g\u00fcgyi szolg\u00e1lat\u00e1t.\u00a0 Az egyetem rektora bels\u0151 vizsg\u00e1latot ind\u00edtott a helyzet alaposabb megismer\u00e9se \u00e9rdek\u00e9ben, a t\u00e1j\u00e9koztat\u00f3t pedig m\u00f3dos\u00edtja a Tansz\u00e9k.<\/p>\n<p>A foglalkoz\u00e1s-eg\u00e9szs\u00e9g\u00fcgyi vizsg\u00e1latok elj\u00e1r\u00e1srendje az egyetem \u00faj rektor\u00e1nak kezdem\u00e9nyez\u00e9s\u00e9re jelenleg \u00e1talak\u00edt\u00e1s alatt van, annak megfelel\u0151en, hogy a vizsg\u00e1latok finansz\u00edroz\u00e1s\u00e1t az egyetem \u00e1llja.<\/p>\n<p>Ennek els\u0151 l\u00e9p\u00e9sek\u00e9nt az egyetem Klinikai K\u00f6zpontja az id\u00e9n dolgozott ki \u00faj rendszert az els\u0151\u00e9vesek sz\u00e1m\u00e1ra, melynek keret\u00e9ben az egyetem h\u00e1l\u00f3zat\u00e1n bel\u00fcl t\u00e9r\u00edt\u00e9smentesen vettek r\u00e9szt a hallgat\u00f3k a k\u00f6telez\u0151 orvosi vizsg\u00e1latokon. Ezt a k\u00f6vetkez\u0151kben kiterjeszti az egyetem a t\u00f6bbi \u00e9vfolyamra is.\u00a0<\/p>\n","protected":false},"excerpt":{"rendered":"<p>A Semmelweis Egyetem Uzsoki K\u00f3rh\u00e1zban m\u0171k\u00f6d\u0151 Traumatol\u00f3giai Tansz\u00e9ke, illetve a gyakorlat helysz\u00edne, a k\u00f3rh\u00e1z Ortop\u00e9d-Traumatol\u00f3gai Oszt\u00e1lya a hallgat\u00f3kt\u00f3l a jogszab\u00e1lyokban el\u0151\u00edrt vizsg\u00e1latokat k\u00e9ri. Ahogy az a tansz\u00e9k t\u00e1j\u00e9koztat\u00f3j\u00e1ban szerepel: \u201ea hallgat\u00f3k a foglalkoz\u00e1s-eg\u00e9szs\u00e9g\u00fcgyi vizsg\u00e1latot az \u00e1ltaluk v\u00e1lasztott int\u00e9zm\u00e9nyekben v\u00e9geztethetik el\u201d. Ugyanakkor a t\u00e1j\u00e9koztat\u00f3 lehets\u00e9ges szolg\u00e1ltat\u00f3k\u00e9nt megnevezte az Uzsoki K\u00f3rh\u00e1z foglalkoz\u00e1s-eg\u00e9szs\u00e9g\u00fcgyi szolg\u00e1lat\u00e1t.\u00a0 Az egyetem rektora bels\u0151 &hellip;<\/p>\n","protected":false},"author":13,"featured_media":0,"comment_status":"closed","ping_status":"closed","sticky":false,"template":"","format":"standard","meta":{"_acf_changed":false,"footnotes":""},"categories":[5],"tags":[734],"class_list":["post-87954","post","type-post","status-publish","format-standard","hentry","category-cikkek","tag-kozlemeny"],"acf":[],"_links":{"self":[{"href":"https:\/\/semmelweis.hu\/mediasarok\/wp-json\/wp\/v2\/posts\/87954","targetHints":{"allow":["GET"]}}],"collection":[{"href":"https:\/\/semmelweis.hu\/mediasarok\/wp-json\/wp\/v2\/posts"}],"about":[{"href":"https:\/\/semmelweis.hu\/mediasarok\/wp-json\/wp\/v2\/types\/post"}],"author":[{"embeddable":true,"href":"https:\/\/semmelweis.hu\/mediasarok\/wp-json\/wp\/v2\/users\/13"}],"replies":[{"embeddable":true,"href":"https:\/\/semmelweis.hu\/mediasarok\/wp-json\/wp\/v2\/comments?post=87954"}],"version-history":[{"count":1,"href":"https:\/\/semmelweis.hu\/mediasarok\/wp-json\/wp\/v2\/posts\/87954\/revisions"}],"predecessor-version":[{"id":87955,"href":"https:\/\/semmelweis.hu\/mediasarok\/wp-json\/wp\/v2\/posts\/87954\/revisions\/87955"}],"wp:attachment":[{"href":"https:\/\/semmelweis.hu\/mediasarok\/wp-json\/wp\/v2\/media?parent=87954"}],"wp:term":[{"taxonomy":"category","embeddable":true,"href":"https:\/\/semmelweis.hu\/mediasarok\/wp-json\/wp\/v2\/categories?post=87954"},{"taxonomy":"post_tag","embeddable":true,"href":"https:\/\/semmelweis.hu\/mediasarok\/wp-json\/wp\/v2\/tags?post=87954"}],"curies":[{"name":"wp","href":"https:\/\/api.w.org\/{rel}","templated":true}]}}