{"id":8284,"date":"2011-09-08T16:11:46","date_gmt":"2011-09-08T14:11:46","guid":{"rendered":"http:\/\/mediasarok.sote.hu\/multimedia\/kepek\/se-nato-skill-centrum\/"},"modified":"2020-03-31T12:21:26","modified_gmt":"2020-03-31T10:21:26","slug":"se-nato-skill-centrum","status":"publish","type":"post","link":"https:\/\/semmelweis.hu\/mediasarok\/2011\/09\/08\/se-nato-skill-centrum\/","title":{"rendered":"SE NATO Skill Centrum"},"content":{"rendered":"<p>Eg\u00e9sz Eur\u00f3p\u00e1ban kereste, v\u00e9g\u00fcl Magyarorsz\u00e1gon, a f\u0151v\u00e1rosi Semmelweis Egyetemen tal\u00e1lta meg a NATO azt a civil int\u00e9zm\u00e9nyt, ahol a katon\u00e1i eg\u00e9szs\u00e9g\u00fcgyi kik\u00e9pz\u00e9st kaphatnak. Egyed\u00fcl\u00e1ll\u00f3 skill- \u00e9s szimul\u00e1ci\u00f3s laborban gyakorolhatnak a Semmelweis Egyetem orvostanhallgat\u00f3i. fot\u00f3: attekovacs.com<\/p>\n\r\n        [slb_exclude]\r\n        <div class=\"row galeria-wrapper mx-0 h-auto\">\r\n            <div class=\"col-9 pl-0 pr-2\">\r\n            <span class=\"gallery-item frame\">\r\n\t\t\t\t<div class=\"galeria-left-img\"><a href=\"https:\/\/semmelweis.hu\/mediasarok\/files\/2011\/09\/20110901-img_1374.jpg\"><img src=https:\/\/semmelweis.hu\/mediasarok\/files\/2011\/09\/20110901-img_1374.jpg  \r\n                            alt=\"Dr. Frit\u00faz G\u00e1bor\" \r\n                            class=\"attachment-sote-gallery-big size-sote-gallery-big\" \r\n                            srcset=\"https:\/\/semmelweis.hu\/mediasarok\/files\/2011\/09\/20110901-img_1374-200x300.jpg 200w, https:\/\/semmelweis.hu\/mediasarok\/files\/2011\/09\/20110901-img_1374.jpg 600w\" ><\/a><\/div>\r\n            <\/span>\r\n\r\n            <\/div>\r\n\r\n\t\t\t<div class=\"col-3 pl-0 pr-0\">\r\n\t\t\t\t<div class=\"galeria-right-img d-flex justify-content-between flex-column h-100 w-100 px-0 mx-0 \">\r\n                <div class=\"galeria-box\">\r\n\t\t\t\t\t<h3 class=\"galeria-title\">Gal\u00e9ria<\/h3>\r\n\t\t\t\t\t<div class=\"galeria-subtitle\">\r\n\r\n\t\t\t\t\t\t<div class=\"galeria-page-counter\"><span>12<\/span>k\u00e9p<\/div>\r\n                    <\/div> <\/div>\r\n                    <span class=\"gallery-item frame d-none d-md-flex\">\r\n\t\t\t\t\t<div class=\"galeria-small-img mt-0\"><a href=\"https:\/\/semmelweis.hu\/mediasarok\/files\/2011\/09\/20110901-img_1363.jpg\"><img src=https:\/\/semmelweis.hu\/mediasarok\/files\/2011\/09\/20110901-img_1363.jpg \r\n                                alt=\"Nato - Skill Centrum gyakorlat\"  \r\n                                class=\"attachment-sote-gallery-small size-sote-gallery-small\" \r\n                                srcset=\"https:\/\/semmelweis.hu\/mediasarok\/files\/2011\/09\/20110901-img_1363-300x235.jpg 300w, https:\/\/semmelweis.hu\/mediasarok\/files\/2011\/09\/20110901-img_1363-381x300.jpg 381w, https:\/\/semmelweis.hu\/mediasarok\/files\/2011\/09\/20110901-img_1363.jpg 900w\" ><\/a><\/div>\r\n                    <\/span>\r\n                    <span class=\"gallery-item frame d-none d-md-flex\">\r\n\t\t\t\t\t<div class=\"galeria-small-img mt-0\"><a href=\"https:\/\/semmelweis.hu\/mediasarok\/files\/2011\/09\/20110901-img_1324.jpg\"><img src=https:\/\/semmelweis.hu\/mediasarok\/files\/2011\/09\/20110901-img_1324.jpg \r\n                                alt=\"Nato - Skill Centrum gyakorlat\" \r\n                                class=\"attachment-sote-gallery-small size-sote-gallery-small\" \r\n                                srcset=\"https:\/\/semmelweis.hu\/mediasarok\/files\/2011\/09\/20110901-img_1324-300x279.jpg 300w, https:\/\/semmelweis.hu\/mediasarok\/files\/2011\/09\/20110901-img_1324-322x300.jpg 322w, https:\/\/semmelweis.hu\/mediasarok\/files\/2011\/09\/20110901-img_1324.jpg 900w\" ><\/a><\/div>\r\n                    <\/span>\r\n\r\n                <\/div>\r\n\r\n            <\/div>\r\n\r\n            <span class=\"gallery-item\"><div class=\"hidden\"><a href=\"https:\/\/semmelweis.hu\/mediasarok\/files\/2011\/09\/20110901-img_1271.jpg\">\r\n        <img src=https:\/\/semmelweis.hu\/mediasarok\/files\/2011\/09\/20110901-img_1271.jpg alt=\"Nato - Skill Centrum gyakorlat\" class=\"attachment-sote-gallery-big size-sote-gallery-big\" srcset=\"https:\/\/semmelweis.hu\/mediasarok\/files\/2011\/09\/20110901-img_1271-300x235.jpg 300w, https:\/\/semmelweis.hu\/mediasarok\/files\/2011\/09\/20110901-img_1271-381x300.jpg 381w, https:\/\/semmelweis.hu\/mediasarok\/files\/2011\/09\/20110901-img_1271.jpg 900w\" >\r\n        <\/a><\/div><\/span><span class=\"gallery-item\"><div class=\"hidden\"><a href=\"https:\/\/semmelweis.hu\/mediasarok\/files\/2011\/09\/20110901-aneszteziologia_katonak_img_1244.jpg\">\r\n        <img src=https:\/\/semmelweis.hu\/mediasarok\/files\/2011\/09\/20110901-aneszteziologia_katonak_img_1244.jpg alt=\"Nato - Skill Centrum gyakorlat\" class=\"attachment-sote-gallery-big size-sote-gallery-big\" srcset=\"https:\/\/semmelweis.hu\/mediasarok\/files\/2011\/09\/20110901-aneszteziologia_katonak_img_1244-300x200.jpg 300w, https:\/\/semmelweis.hu\/mediasarok\/files\/2011\/09\/20110901-aneszteziologia_katonak_img_1244-450x300.jpg 450w, https:\/\/semmelweis.hu\/mediasarok\/files\/2011\/09\/20110901-aneszteziologia_katonak_img_1244.jpg 900w\" >\r\n        <\/a><\/div><\/span><span class=\"gallery-item\"><div class=\"hidden\"><a href=\"https:\/\/semmelweis.hu\/mediasarok\/files\/2011\/09\/se_katonak_sajtotajekoztato_20110908-img_2500.jpg\">\r\n        <img src=https:\/\/semmelweis.hu\/mediasarok\/files\/2011\/09\/se_katonak_sajtotajekoztato_20110908-img_2500.jpg alt=\"Dr. Th. Harbaum \u00e9s Dr. Tulassay Tivadar\" class=\"attachment-sote-gallery-big size-sote-gallery-big\" srcset=\"https:\/\/semmelweis.hu\/mediasarok\/files\/2011\/09\/se_katonak_sajtotajekoztato_20110908-img_2500-300x212.jpg 300w, https:\/\/semmelweis.hu\/mediasarok\/files\/2011\/09\/se_katonak_sajtotajekoztato_20110908-img_2500-424x300.jpg 424w, https:\/\/semmelweis.hu\/mediasarok\/files\/2011\/09\/se_katonak_sajtotajekoztato_20110908-img_2500.jpg 900w\" >\r\n        <\/a><\/div><\/span><span class=\"gallery-item\"><div class=\"hidden\"><a href=\"https:\/\/semmelweis.hu\/mediasarok\/files\/2011\/09\/se_katonak_sajtotajekoztato_20110908-img_2492.jpg\">\r\n        <img src=https:\/\/semmelweis.hu\/mediasarok\/files\/2011\/09\/se_katonak_sajtotajekoztato_20110908-img_2492.jpg alt=\"Dr. Kopcs\u00f3 Istv\u00e1n \u00e9s Dr. Tulassay Tivadar\" class=\"attachment-sote-gallery-big size-sote-gallery-big\" srcset=\"https:\/\/semmelweis.hu\/mediasarok\/files\/2011\/09\/se_katonak_sajtotajekoztato_20110908-img_2492-300x201.jpg 300w, https:\/\/semmelweis.hu\/mediasarok\/files\/2011\/09\/se_katonak_sajtotajekoztato_20110908-img_2492-446x300.jpg 446w, https:\/\/semmelweis.hu\/mediasarok\/files\/2011\/09\/se_katonak_sajtotajekoztato_20110908-img_2492.jpg 900w\" >\r\n        <\/a><\/div><\/span><span class=\"gallery-item\"><div class=\"hidden\"><a href=\"https:\/\/semmelweis.hu\/mediasarok\/files\/2011\/09\/se_katonak_sajtotajekoztato_20110908-img_2469.jpg\">\r\n        <img src=https:\/\/semmelweis.hu\/mediasarok\/files\/2011\/09\/se_katonak_sajtotajekoztato_20110908-img_2469.jpg alt=\"Dr. Th. Harbaum\" class=\"attachment-sote-gallery-big size-sote-gallery-big\" srcset=\"https:\/\/semmelweis.hu\/mediasarok\/files\/2011\/09\/se_katonak_sajtotajekoztato_20110908-img_2469-231x300.jpg 231w, https:\/\/semmelweis.hu\/mediasarok\/files\/2011\/09\/se_katonak_sajtotajekoztato_20110908-img_2469.jpg 695w\" >\r\n        <\/a><\/div><\/span><span class=\"gallery-item\"><div class=\"hidden\"><a href=\"https:\/\/semmelweis.hu\/mediasarok\/files\/2011\/09\/se_katonak_sajtotajekoztato_20110908-img_2416.jpg\">\r\n        <img src=https:\/\/semmelweis.hu\/mediasarok\/files\/2011\/09\/se_katonak_sajtotajekoztato_20110908-img_2416.jpg alt=\"Dr. Kopcs\u00f3 Istv\u00e1n \u00e9s Dr. Tulassay Tivadar\" class=\"attachment-sote-gallery-big size-sote-gallery-big\" srcset=\"https:\/\/semmelweis.hu\/mediasarok\/files\/2011\/09\/se_katonak_sajtotajekoztato_20110908-img_2416-300x209.jpg 300w, https:\/\/semmelweis.hu\/mediasarok\/files\/2011\/09\/se_katonak_sajtotajekoztato_20110908-img_2416-430x300.jpg 430w, https:\/\/semmelweis.hu\/mediasarok\/files\/2011\/09\/se_katonak_sajtotajekoztato_20110908-img_2416.jpg 900w\" >\r\n        <\/a><\/div><\/span><span class=\"gallery-item\"><div class=\"hidden\"><a href=\"https:\/\/semmelweis.hu\/mediasarok\/files\/2011\/09\/img_2273.jpg\">\r\n        <img src=https:\/\/semmelweis.hu\/mediasarok\/files\/2011\/09\/img_2273.jpg alt=\"Dr. Kopcs\u00f3 Istv\u00e1n \u00e9s Dr. Tulassay Tivadar\" class=\"attachment-sote-gallery-big size-sote-gallery-big\" srcset=\"https:\/\/semmelweis.hu\/mediasarok\/files\/2011\/09\/img_2273-300x200.jpg 300w, https:\/\/semmelweis.hu\/mediasarok\/files\/2011\/09\/img_2273-1024x682.jpg 1024w, https:\/\/semmelweis.hu\/mediasarok\/files\/2011\/09\/img_2273-450x300.jpg 450w\" >\r\n        <\/a><\/div><\/span><span class=\"gallery-item\"><div class=\"hidden\"><a href=\"https:\/\/semmelweis.hu\/mediasarok\/files\/2011\/09\/img_2265.jpg\">\r\n        <img src=https:\/\/semmelweis.hu\/mediasarok\/files\/2011\/09\/img_2265.jpg alt=\"Dr. Kopcs\u00f3 Istv\u00e1n \u00e9s Dr. Tulassay Tivadar\" class=\"attachment-sote-gallery-big size-sote-gallery-big\" srcset=\"https:\/\/semmelweis.hu\/mediasarok\/files\/2011\/09\/img_2265-300x200.jpg 300w, https:\/\/semmelweis.hu\/mediasarok\/files\/2011\/09\/img_2265-1024x682.jpg 1024w, https:\/\/semmelweis.hu\/mediasarok\/files\/2011\/09\/img_2265-450x300.jpg 450w\" >\r\n        <\/a><\/div><\/span><span class=\"gallery-item\"><div class=\"hidden\"><a href=\"https:\/\/semmelweis.hu\/mediasarok\/files\/2011\/09\/img_2247.jpg\">\r\n        <img src=https:\/\/semmelweis.hu\/mediasarok\/files\/2011\/09\/img_2247.jpg alt=\"SE NATO Skill Centrum sajt\u00f3t\u00e1j\u00e9koztat\u00f3\" class=\"attachment-sote-gallery-big size-sote-gallery-big\" srcset=\"https:\/\/semmelweis.hu\/mediasarok\/files\/2011\/09\/img_2247-300x200.jpg 300w, https:\/\/semmelweis.hu\/mediasarok\/files\/2011\/09\/img_2247-1024x682.jpg 1024w, https:\/\/semmelweis.hu\/mediasarok\/files\/2011\/09\/img_2247-450x300.jpg 450w\" >\r\n        <\/a><\/div><\/span>\r\n            <\/div>\r\n\r\n            [\/slb_exclude]\r\n\t\n","protected":false},"excerpt":{"rendered":"<p>Eg\u00e9sz Eur\u00f3p\u00e1ban kereste, v\u00e9g\u00fcl Magyarorsz\u00e1gon, a f\u0151v\u00e1rosi Semmelweis Egyetemen tal\u00e1lta meg a NATO azt a civil int\u00e9zm\u00e9nyt, ahol a katon\u00e1i eg\u00e9szs\u00e9g\u00fcgyi kik\u00e9pz\u00e9st kaphatnak. Egyed\u00fcl\u00e1ll\u00f3 skill- \u00e9s szimul\u00e1ci\u00f3s laborban gyakorolhatnak a Semmelweis Egyetem orvostanhallgat\u00f3i. fot\u00f3: attekovacs.com<\/p>\n","protected":false},"author":155,"featured_media":39471,"comment_status":"closed","ping_status":"open","sticky":false,"template":"","format":"standard","meta":{"_acf_changed":false,"footnotes":""},"categories":[413],"tags":[728],"class_list":["post-8284","post","type-post","status-publish","format-standard","has-post-thumbnail","hentry","category-galeria","tag-pozitiv"],"acf":[],"_links":{"self":[{"href":"https:\/\/semmelweis.hu\/mediasarok\/wp-json\/wp\/v2\/posts\/8284","targetHints":{"allow":["GET"]}}],"collection":[{"href":"https:\/\/semmelweis.hu\/mediasarok\/wp-json\/wp\/v2\/posts"}],"about":[{"href":"https:\/\/semmelweis.hu\/mediasarok\/wp-json\/wp\/v2\/types\/post"}],"author":[{"embeddable":true,"href":"https:\/\/semmelweis.hu\/mediasarok\/wp-json\/wp\/v2\/users\/155"}],"replies":[{"embeddable":true,"href":"https:\/\/semmelweis.hu\/mediasarok\/wp-json\/wp\/v2\/comments?post=8284"}],"version-history":[{"count":5,"href":"https:\/\/semmelweis.hu\/mediasarok\/wp-json\/wp\/v2\/posts\/8284\/revisions"}],"predecessor-version":[{"id":94188,"href":"https:\/\/semmelweis.hu\/mediasarok\/wp-json\/wp\/v2\/posts\/8284\/revisions\/94188"}],"wp:featuredmedia":[{"embeddable":true,"href":"https:\/\/semmelweis.hu\/mediasarok\/wp-json\/wp\/v2\/media\/39471"}],"wp:attachment":[{"href":"https:\/\/semmelweis.hu\/mediasarok\/wp-json\/wp\/v2\/media?parent=8284"}],"wp:term":[{"taxonomy":"category","embeddable":true,"href":"https:\/\/semmelweis.hu\/mediasarok\/wp-json\/wp\/v2\/categories?post=8284"},{"taxonomy":"post_tag","embeddable":true,"href":"https:\/\/semmelweis.hu\/mediasarok\/wp-json\/wp\/v2\/tags?post=8284"}],"curies":[{"name":"wp","href":"https:\/\/api.w.org\/{rel}","templated":true}]}}