{"id":82087,"date":"2017-12-11T15:27:13","date_gmt":"2017-12-11T14:27:13","guid":{"rendered":"http:\/\/semmelweis.hu\/mediasarok\/?p=82087"},"modified":"2019-05-21T13:34:50","modified_gmt":"2019-05-21T11:34:50","slug":"kozlemeny-2017-12-11","status":"publish","type":"post","link":"https:\/\/semmelweis.hu\/mediasarok\/2017\/12\/11\/kozlemeny-2017-12-11\/","title":{"rendered":"K\u00d6ZLEM\u00c9NY &#8211; 2017.12.11."},"content":{"rendered":"<p>T\u00f6bb sajt\u00f3org\u00e1numban megjelent h\u00edrrel ellent\u00e9tben a Semmelweis Egyetem nem tervezi mag\u00e1nklinika alap\u00edt\u00e1s\u00e1t. A f\u00e9lre\u00e9rt\u00e9s oka az lehet, hogy az egyetem el\u0151k\u00e9sz\u00edt\u00e9s alatt \u00e1ll\u00f3 terveiben fejleszt\u00e9si lehet\u0151s\u00e9gk\u00e9nt felmer\u00fclt az eg\u00e9szs\u00e9g\u00fcgyi turisztikai szolg\u00e1ltat\u00e1sok fejleszt\u00e9se k\u00fclf\u00f6ldi betegek sz\u00e1m\u00e1ra. A k\u00e9rd\u00e9s tov\u00e1bbi el\u0151k\u00e9sz\u00edt\u00e9st ig\u00e9nyel, az \u00fcgyben d\u00f6nt\u00e9s m\u00e9g nem sz\u00fcletett.<\/p>\n","protected":false},"excerpt":{"rendered":"<p>T\u00f6bb sajt\u00f3org\u00e1numban megjelent h\u00edrrel ellent\u00e9tben a Semmelweis Egyetem nem tervezi mag\u00e1nklinika alap\u00edt\u00e1s\u00e1t. A f\u00e9lre\u00e9rt\u00e9s oka az lehet, hogy az egyetem el\u0151k\u00e9sz\u00edt\u00e9s alatt \u00e1ll\u00f3 terveiben fejleszt\u00e9si lehet\u0151s\u00e9gk\u00e9nt felmer\u00fclt az eg\u00e9szs\u00e9g\u00fcgyi turisztikai szolg\u00e1ltat\u00e1sok fejleszt\u00e9se k\u00fclf\u00f6ldi betegek sz\u00e1m\u00e1ra. A k\u00e9rd\u00e9s tov\u00e1bbi el\u0151k\u00e9sz\u00edt\u00e9st ig\u00e9nyel, az \u00fcgyben d\u00f6nt\u00e9s m\u00e9g nem sz\u00fcletett.<\/p>\n","protected":false},"author":101026,"featured_media":0,"comment_status":"closed","ping_status":"closed","sticky":false,"template":"","format":"standard","meta":{"_acf_changed":false,"footnotes":""},"categories":[5],"tags":[734],"class_list":["post-82087","post","type-post","status-publish","format-standard","hentry","category-cikkek","tag-kozlemeny"],"acf":[],"_links":{"self":[{"href":"https:\/\/semmelweis.hu\/mediasarok\/wp-json\/wp\/v2\/posts\/82087","targetHints":{"allow":["GET"]}}],"collection":[{"href":"https:\/\/semmelweis.hu\/mediasarok\/wp-json\/wp\/v2\/posts"}],"about":[{"href":"https:\/\/semmelweis.hu\/mediasarok\/wp-json\/wp\/v2\/types\/post"}],"author":[{"embeddable":true,"href":"https:\/\/semmelweis.hu\/mediasarok\/wp-json\/wp\/v2\/users\/101026"}],"replies":[{"embeddable":true,"href":"https:\/\/semmelweis.hu\/mediasarok\/wp-json\/wp\/v2\/comments?post=82087"}],"version-history":[{"count":1,"href":"https:\/\/semmelweis.hu\/mediasarok\/wp-json\/wp\/v2\/posts\/82087\/revisions"}],"predecessor-version":[{"id":82088,"href":"https:\/\/semmelweis.hu\/mediasarok\/wp-json\/wp\/v2\/posts\/82087\/revisions\/82088"}],"wp:attachment":[{"href":"https:\/\/semmelweis.hu\/mediasarok\/wp-json\/wp\/v2\/media?parent=82087"}],"wp:term":[{"taxonomy":"category","embeddable":true,"href":"https:\/\/semmelweis.hu\/mediasarok\/wp-json\/wp\/v2\/categories?post=82087"},{"taxonomy":"post_tag","embeddable":true,"href":"https:\/\/semmelweis.hu\/mediasarok\/wp-json\/wp\/v2\/tags?post=82087"}],"curies":[{"name":"wp","href":"https:\/\/api.w.org\/{rel}","templated":true}]}}