{"id":72856,"date":"2017-01-11T12:23:51","date_gmt":"2017-01-11T11:23:51","guid":{"rendered":"http:\/\/semmelweis.hu\/mediasarok\/?p=72856"},"modified":"2019-05-21T14:16:12","modified_gmt":"2019-05-21T12:16:12","slug":"meghivo-a-koranyi-projekt-europai-unios-szakaszanak-zarounnepsege","status":"publish","type":"post","link":"https:\/\/semmelweis.hu\/mediasarok\/2017\/01\/11\/meghivo-a-koranyi-projekt-europai-unios-szakaszanak-zarounnepsege\/","title":{"rendered":"Megh\u00edv\u00f3 &#8211; A Kor\u00e1nyi projekt eur\u00f3pai uni\u00f3s szakasz\u00e1nak z\u00e1r\u00f3\u00fcnneps\u00e9ge"},"content":{"rendered":"<p><strong>Helysz\u00edn:<\/strong> Semmelweis Egyetem K\u00f6zponti Betegell\u00e1t\u00f3 \u00c9p\u00fclet, 1082 Budapest \u00dcll\u0151i \u00fat 78.<\/p>\n<p><strong>D\u00e1tum:\u00a0<\/strong>2017. janu\u00e1r 12. (cs\u00fct\u00f6rt\u00f6k), 10:00<\/p>\n<p><embed src=\"https:\/\/semmelweis.hu\/mediasarok\/files\/2017\/01\/Koranyi-atado_sajtomeghivo.pdf\" width=\"670\" height=\"1000\"><\/embed><\/p>\n","protected":false},"excerpt":{"rendered":"<p>Helysz\u00edn: Semmelweis Egyetem K\u00f6zponti Betegell\u00e1t\u00f3 \u00c9p\u00fclet, 1082 Budapest \u00dcll\u0151i \u00fat 78.<br \/>\nD\u00e1tum:\u00a02017. janu\u00e1r 12. (cs\u00fct\u00f6rt\u00f6k), 10:00<\/p>\n","protected":false},"author":101132,"featured_media":72860,"comment_status":"closed","ping_status":"closed","sticky":false,"template":"","format":"standard","meta":{"_acf_changed":false,"footnotes":""},"categories":[5],"tags":[733],"class_list":["post-72856","post","type-post","status-publish","format-standard","has-post-thumbnail","hentry","category-cikkek","tag-meghivo"],"acf":[],"_links":{"self":[{"href":"https:\/\/semmelweis.hu\/mediasarok\/wp-json\/wp\/v2\/posts\/72856","targetHints":{"allow":["GET"]}}],"collection":[{"href":"https:\/\/semmelweis.hu\/mediasarok\/wp-json\/wp\/v2\/posts"}],"about":[{"href":"https:\/\/semmelweis.hu\/mediasarok\/wp-json\/wp\/v2\/types\/post"}],"author":[{"embeddable":true,"href":"https:\/\/semmelweis.hu\/mediasarok\/wp-json\/wp\/v2\/users\/101132"}],"replies":[{"embeddable":true,"href":"https:\/\/semmelweis.hu\/mediasarok\/wp-json\/wp\/v2\/comments?post=72856"}],"version-history":[{"count":8,"href":"https:\/\/semmelweis.hu\/mediasarok\/wp-json\/wp\/v2\/posts\/72856\/revisions"}],"predecessor-version":[{"id":92972,"href":"https:\/\/semmelweis.hu\/mediasarok\/wp-json\/wp\/v2\/posts\/72856\/revisions\/92972"}],"wp:featuredmedia":[{"embeddable":true,"href":"https:\/\/semmelweis.hu\/mediasarok\/wp-json\/wp\/v2\/media\/72860"}],"wp:attachment":[{"href":"https:\/\/semmelweis.hu\/mediasarok\/wp-json\/wp\/v2\/media?parent=72856"}],"wp:term":[{"taxonomy":"category","embeddable":true,"href":"https:\/\/semmelweis.hu\/mediasarok\/wp-json\/wp\/v2\/categories?post=72856"},{"taxonomy":"post_tag","embeddable":true,"href":"https:\/\/semmelweis.hu\/mediasarok\/wp-json\/wp\/v2\/tags?post=72856"}],"curies":[{"name":"wp","href":"https:\/\/api.w.org\/{rel}","templated":true}]}}