{"id":72471,"date":"2016-12-30T08:47:29","date_gmt":"2016-12-30T07:47:29","guid":{"rendered":"http:\/\/semmelweis.hu\/mediasarok\/?p=72471"},"modified":"2019-05-21T14:17:42","modified_gmt":"2019-05-21T12:17:42","slug":"meghivo-huszonot-eve-vegeztek-el-az-elso-sikeres-szivtranszplantaciot-magyarorszagon","status":"publish","type":"post","link":"https:\/\/semmelweis.hu\/mediasarok\/2016\/12\/30\/meghivo-huszonot-eve-vegeztek-el-az-elso-sikeres-szivtranszplantaciot-magyarorszagon\/","title":{"rendered":"MEGH\u00cdV\u00d3 &#8211; Huszon\u00f6t \u00e9ve v\u00e9gezt\u00e9k el az els\u0151 sikeres sz\u00edvtranszplant\u00e1ci\u00f3t Magyarorsz\u00e1gon"},"content":{"rendered":"<p>\u00a025 \u00e9ve kapott \u00faj sz\u00edvet az els\u0151 sikeres sz\u00edvtranszplant\u00e1ci\u00f3n \u00e1tesett beteg Magyarorsz\u00e1gon. Schwartz S\u00e1ndor az\u00f3ta is j\u00f3l van, \u00e9s a jubileumot \u00fajj\u00e1sz\u00fclet\u00e9se helysz\u00edn\u00e9n, a Semmelweis Egyetem V\u00e1rosmajori Sz\u00edv- \u00e9s \u00c9rgy\u00f3gy\u00e1szati Klinik\u00e1j\u00e1n \u00fcnnepli.<\/p>\n<p>1992. janu\u00e1r 3-\u00e1n a tavaly elhunyt Dr. Szab\u00f3 Zolt\u00e1n sz\u00edvseb\u00e9sz professzor vezet\u00e9s\u00e9vel v\u00e9gezt\u00e9k az els\u0151 sikeres magyarorsz\u00e1gi sz\u00edv\u00e1t\u00fcltet\u00e9st. Az\u00f3ta t\u00f6bb mint 400 beteg kapott \u00faj sz\u00edvet a klinik\u00e1n, amely Eur\u00f3p\u00e1ban a 2-3., m\u00edg vil\u00e1gviszonylatban is a 10-15. helyen szerepel a sz\u00edvtranszplant\u00e1ci\u00f3s centrumok k\u00f6z\u00f6tt.<\/p>\n<p>Az elm\u00falt \u00e9vekben sz\u00edvel\u00e9gtelens\u00e9gi intenz\u00edv oszt\u00e1lyt alak\u00edtottak ki, elindult a m\u0171sz\u00edv program, mindezeknek, valamint az Eurotransplanthoz t\u00f6rt\u00e9nt csatlakoz\u00e1snak is k\u00f6sz\u00f6nhet\u0151en 2012-ben megk\u00e9tszerez\u0151d\u00f6tt, m\u00edg 2015-ben megh\u00e1romszoroz\u00f3dott a transzplant\u00e1ci\u00f3k sz\u00e1ma a klinik\u00e1n. Tov\u00e1bbi eredm\u00e9ny, hogy ma m\u00e1r a beavatkoz\u00e1son \u00e1tesett betegek t\u00f6bb mint 80 sz\u00e1zal\u00e9ka \u00e9li t\u00fal a m\u0171t\u00e9t ut\u00e1ni els\u0151 \u00e9vet.<\/p>\n<p>A Semmelweis Egyetem elk\u00f6telezett a szervtranszplant\u00e1ci\u00f3 (sz\u00edv-, m\u00e1j-, vese-, t\u00fcd\u0151transzplant\u00e1nt\u00e1ci\u00f3) tov\u00e1bbi fejleszt\u00e9s\u00e9ben. 2017-ben gyors\u00edtani k\u00edv\u00e1njuk a betegek v\u00e1r\u00f3list\u00e1ra ker\u00fcl\u00e9s\u00e9t, valamint a sikeres \u00e1t\u00fcltet\u00e9st k\u00f6vet\u0151en tov\u00e1bb jav\u00edtani a transzplant\u00e1lt betegek ut\u00e1nk\u00f6vet\u00e9s\u00e9t. Ez\u00e9rt egy 1 milli\u00e1rd forintos fejleszt\u00e9si programot dolgozott ki a Klinikai K\u00f6zpont, amely egy \u00e9ven bel\u00fcl megval\u00f3sul.<\/p>\n<p>Az \u00e9vfordul\u00f3 alkalm\u00e1b\u00f3l a Semmelweis Egyetem sajt\u00f3t\u00e1j\u00e9koztat\u00f3t tart, amelyre tisztelettel v\u00e1rjuk \u00d6nt is.<\/p>\n<p>\u00a0<strong><u>Program:<\/p>\n<p><\/u><\/strong>&#8211; Dr. \u00d3nodi-Sz\u0171cs Zolt\u00e1n, az Emberi Er\u0151forr\u00e1sok Miniszt\u00e9rium\u00e1nak eg\u00e9szs\u00e9g\u00fcgy\u00e9rt felel\u0151s <br \/>\n\u00e1llamtitk\u00e1ra<\/p>\n<p>&#8211; \u00a0Prof. Dr. Merkely B\u00e9la, a Semmelweis Egyetem klinikai rektorhelyettese, a \u00a0V\u00e1rosmajori Sz\u00edv- \u00e9s \u00c9rgy\u00f3gy\u00e1szati Klinika igazgat\u00f3ja &#8211; A sz\u00edv\u00e1t\u00fcltet\u00e9s helyzete haz\u00e1nkban<\/p>\n<p>&#8211; Dr. Szabolcs Zolt\u00e1n, a HTX V\u00e1r\u00f3lista Bizotts\u00e1g eln\u00f6ke \u2013 A v\u00e1r\u00f3lista helyzet alakul\u00e1sa az Eurotransplanthoz t\u00f6rt\u00e9nt csatlakoz\u00e1s t\u00fckr\u00e9ben<\/p>\n<p>&#8211; Mih\u00e1ly S\u00e1ndor, az Orsz\u00e1gos V\u00e9rell\u00e1t\u00f3 Szolg\u00e1lat Szervkoordin\u00e1ci\u00f3s Irod\u00e1j\u00e1nak igazgat\u00f3ja \u2013 Don\u00e1ci\u00f3s aktivit\u00e1s jav\u00edt\u00e1s\u00e1nak lehet\u0151s\u00e9gei<\/p>\n<p>&#8211; Schwartz S\u00e1ndor, az els\u0151 magyar sz\u00edv\u00e1t\u00fcltetett<\/p>\n<p><strong><u>Id\u0151pont \u00e9s helysz\u00edn:<\/u><\/strong><\/p>\n<ol start=\"2017\">\n<li>janu\u00e1r 3. 11:00, V\u00e1rosmajori Sz\u00edv- \u00e9s \u00c9rgy\u00f3gy\u00e1szati Klinika, El\u0151ad\u00f3terem \u2013 1122 Budapest, Ga\u00e1l J\u00f3zsef. u. 9-11.<\/li>\n<\/ol>\n<p>R\u00e9szv\u00e9teli sz\u00e1nd\u00e9k\u00e1t a <a href=\"mailto:hirek@semmelweis-univ.hu\">hirek@semmelweis-univ.hu<\/a> c\u00edmen jelezheti 2017. janu\u00e1r 2-\u00e1n 18 \u00f3r\u00e1ig.<\/p>\n","protected":false},"excerpt":{"rendered":"<p>\u00a025 \u00e9ve kapott \u00faj sz\u00edvet az els\u0151 sikeres sz\u00edvtranszplant\u00e1ci\u00f3n \u00e1tesett beteg Magyarorsz\u00e1gon. Schwartz S\u00e1ndor az\u00f3ta is j\u00f3l van, \u00e9s a jubileumot \u00fajj\u00e1sz\u00fclet\u00e9se helysz\u00edn\u00e9n, a Semmelweis Egyetem V\u00e1rosmajori Sz\u00edv- \u00e9s \u00c9rgy\u00f3gy\u00e1szati Klinik\u00e1j\u00e1n \u00fcnnepli. 1992. janu\u00e1r 3-\u00e1n a tavaly elhunyt Dr. Szab\u00f3 Zolt\u00e1n sz\u00edvseb\u00e9sz professzor vezet\u00e9s\u00e9vel v\u00e9gezt\u00e9k az els\u0151 sikeres magyarorsz\u00e1gi sz\u00edv\u00e1t\u00fcltet\u00e9st. Az\u00f3ta t\u00f6bb mint 400 beteg &hellip;<\/p>\n","protected":false},"author":101026,"featured_media":68384,"comment_status":"closed","ping_status":"closed","sticky":false,"template":"","format":"standard","meta":{"_acf_changed":false,"footnotes":""},"categories":[5],"tags":[733],"class_list":["post-72471","post","type-post","status-publish","format-standard","has-post-thumbnail","hentry","category-cikkek","tag-meghivo"],"acf":[],"_links":{"self":[{"href":"https:\/\/semmelweis.hu\/mediasarok\/wp-json\/wp\/v2\/posts\/72471","targetHints":{"allow":["GET"]}}],"collection":[{"href":"https:\/\/semmelweis.hu\/mediasarok\/wp-json\/wp\/v2\/posts"}],"about":[{"href":"https:\/\/semmelweis.hu\/mediasarok\/wp-json\/wp\/v2\/types\/post"}],"author":[{"embeddable":true,"href":"https:\/\/semmelweis.hu\/mediasarok\/wp-json\/wp\/v2\/users\/101026"}],"replies":[{"embeddable":true,"href":"https:\/\/semmelweis.hu\/mediasarok\/wp-json\/wp\/v2\/comments?post=72471"}],"version-history":[{"count":6,"href":"https:\/\/semmelweis.hu\/mediasarok\/wp-json\/wp\/v2\/posts\/72471\/revisions"}],"predecessor-version":[{"id":92973,"href":"https:\/\/semmelweis.hu\/mediasarok\/wp-json\/wp\/v2\/posts\/72471\/revisions\/92973"}],"wp:featuredmedia":[{"embeddable":true,"href":"https:\/\/semmelweis.hu\/mediasarok\/wp-json\/wp\/v2\/media\/68384"}],"wp:attachment":[{"href":"https:\/\/semmelweis.hu\/mediasarok\/wp-json\/wp\/v2\/media?parent=72471"}],"wp:term":[{"taxonomy":"category","embeddable":true,"href":"https:\/\/semmelweis.hu\/mediasarok\/wp-json\/wp\/v2\/categories?post=72471"},{"taxonomy":"post_tag","embeddable":true,"href":"https:\/\/semmelweis.hu\/mediasarok\/wp-json\/wp\/v2\/tags?post=72471"}],"curies":[{"name":"wp","href":"https:\/\/api.w.org\/{rel}","templated":true}]}}