{"id":70529,"date":"2016-11-08T14:20:19","date_gmt":"2016-11-08T13:20:19","guid":{"rendered":"http:\/\/semmelweis.hu\/mediasarok\/?p=70529"},"modified":"2019-05-23T10:43:19","modified_gmt":"2019-05-23T08:43:19","slug":"dr-stefan-w-hell-nobel-dijas-tudos-a-semmelweis-budapest-award-idei-dijazottja","status":"publish","type":"post","link":"https:\/\/semmelweis.hu\/mediasarok\/2016\/11\/08\/dr-stefan-w-hell-nobel-dijas-tudos-a-semmelweis-budapest-award-idei-dijazottja\/","title":{"rendered":"Dr. Stefan W. Hell Nobel-d\u00edjas tud\u00f3s a Semmelweis Budapest Award idei d\u00edjazottja"},"content":{"rendered":"<p>A nanoszk\u00f3pia \u00e9s a nagyfelbont\u00e1s\u00fa orvosbiol\u00f3giai k\u00e9palkot\u00e1s vil\u00e1gh\u00edr\u0171 tud\u00f3sa, Dr. Stefan W. Hell a Semmelweis Budapest Award 2016. \u00e9vi d\u00edjazottja. A Semmelweis Egyetem legnagyobb preszt\u00edzs\u0171, nemzetk\u00f6zi tudom\u00e1nyos elismer\u00e9s\u00e9t Dr. Sz\u00e9l \u00c1goston rektort\u00f3l vehette \u00e1t a Nobel-d\u00edjas tud\u00f3s h\u00e9tf\u0151 este.<\/p>\n<p><a href=\"https:\/\/semmelweis.hu\/mediasarok\/files\/2016\/11\/RS54921_KA-20161107-KA__6778-scr.jpg\"><img loading=\"lazy\" decoding=\"async\" class=\"alignleft size-medium wp-image-70531\" src=\"https:\/\/semmelweis.hu\/mediasarok\/files\/2016\/11\/RS54921_KA-20161107-KA__6778-scr-300x200.jpg\" alt=\"RS54921_KA-20161107-KA__6778-scr\" width=\"300\" height=\"200\" srcset=\"https:\/\/semmelweis.hu\/mediasarok\/files\/2016\/11\/RS54921_KA-20161107-KA__6778-scr-300x200.jpg 300w, https:\/\/semmelweis.hu\/mediasarok\/files\/2016\/11\/RS54921_KA-20161107-KA__6778-scr-768x512.jpg 768w, https:\/\/semmelweis.hu\/mediasarok\/files\/2016\/11\/RS54921_KA-20161107-KA__6778-scr-450x300.jpg 450w, https:\/\/semmelweis.hu\/mediasarok\/files\/2016\/11\/RS54921_KA-20161107-KA__6778-scr.jpg 950w\" sizes=\"auto, (max-width: 300px) 100vw, 300px\" \/><\/a>Dr. Stefan W. Hell az \u00fcnnep\u00e9lyes d\u00edj\u00e1tad\u00f3n hangs\u00falyozta: hatalmas megtiszteltet\u00e9s sz\u00e1m\u00e1ra a Semmelweis Ign\u00e1c nev\u00e9t visel\u0151 elismer\u00e9s. A d\u00edj\u00e1tad\u00f3 alkalm\u00e1b\u00f3l rendezett tudom\u00e1nyos \u00fcl\u00e9sen \u201eOptikai mikroszk\u00f3pia: a felbont\u00e1s forradalma\u201d c\u00edmmel tartott el\u0151ad\u00e1st, melyben ismertette felfedez\u00e9s\u00e9t, melyet 2014-ben megosztott k\u00e9miai Nobel-d\u00edjjal ismertek el, valamint az addig vezet\u0151 utat.<\/p>\n<p>Az aradi sz\u00fclet\u00e9s\u0171 tud\u00f3s a mikroszk\u00f3pos k\u00e9palkot\u00e1s \u00e9vsz\u00e1zados korl\u00e1tait t\u00f6rte \u00e1t felfedez\u00e9s\u00e9vel, neki k\u00f6sz\u00f6nhet\u0151 a szuperfelbont\u00e1s\u00fa nanomikroszk\u00f3pok egy fajt\u00e1ja, mely minden kor\u00e1bbin\u00e1l apr\u00f3bb r\u00e9szleteket tesz l\u00e1that\u00f3v\u00e1 a kutat\u00f3k sz\u00e1m\u00e1ra a sejtek, sz\u00f6vetek vizsg\u00e1lata sor\u00e1n. El\u0151ad\u00e1s\u00e1ban r\u00e9szletesen besz\u00e1molt az \u00fagynevezett felold\u00e1si korl\u00e1t t\u00fall\u00e9p\u00e9s\u00e9t lehet\u0151v\u00e9 t\u00e9v\u0151 felismer\u00e9s\u00e9r\u0151l, melyben speci\u00e1lis floureszcens megold\u00e1sokat felhaszn\u00e1lva ker\u00fclte meg a hull\u00e1moptika t\u00f6rv\u00e9nyeit. A nanoszk\u00f3pia lehet\u0151v\u00e9 teszi, hogy a kutat\u00f3k kit\u00fcntetett molekul\u00e1kat l\u00e1ssanak az \u00e9l\u0151 sejten bel\u00fcl, \u00edgy p\u00e9ld\u00e1ul azt, hogy mik\u00e9nt k\u00e9pz\u0151dnek molekul\u00e1ris kapcsol\u00f3d\u00e1si pontok idegsejtek k\u00f6z\u00f6tt az agyban.<\/p>\n<p>A Semmelweis Egyetem mindig is kiemelt hangs\u00falyt fektetett a mikroszk\u00f3pos \u00e9s orvosi diagnosztikai k\u00e9palkot\u00f3 m\u00f3dszerek alkalmaz\u00e1s\u00e1ra, az ezekkel kapcsolatos kutat\u00e1sra \u00e9s az eszk\u00f6zpark fejleszt\u00e9s\u00e9re. Ez\u00e9rt d\u00f6nt\u00f6tt Szen\u00e1tus 2016-ban egy olyan tud\u00f3s d\u00edjaz\u00e1sa mellett, akinek tal\u00e1lm\u00e1nya ezen a ter\u00fcleten hozott forradalmi v\u00e1ltoz\u00e1st.<\/p>\n<p>Dr. Stefan W. Hell a Max Planck Biofizikai K\u00e9miai Int\u00e9zet nanobiofotonikai r\u00e9szleg\u00e9nek alap\u00edt\u00f3ja \u00e9s igazgat\u00f3ja, a Heidelbergi Egyetem professzora.<\/p>\n<p>A Semmelweis Budapest Award a Semmelweis Egyetem legnagyobb preszt\u00edzs\u0171, nemzetk\u00f6zi tudom\u00e1nyos elismer\u00e9se, melyet 2009-ben alap\u00edtott a Szen\u00e1tus. A d\u00edjat olyan term\u00e9szettudom\u00e1nyi ter\u00fcleten dolgoz\u00f3, nemzetk\u00f6zileg elismert eredm\u00e9nyeket el\u00e9r\u0151 kutat\u00f3k kaphatj\u00e1k, akik munk\u00e1ss\u00e1ga \u00faj utat mutat az \u00e9l\u0151 term\u00e9szet megismer\u00e9s\u00e9hez \u00e9s az emberis\u00e9g jav\u00e1t szolg\u00e1lja. A Semmelweis Budapest Awardot imm\u00e1r hetedszer adj\u00e1k \u00e1t, a kor\u00e1bbi d\u00edjazottak k\u00f6z\u00f6tt volt Jeremy K. Nicholson, Sir George Radda, Dr. Somogyi P\u00e9ter, Dr. Ol\u00e1h Gy\u00f6rgy, Dr. Klein Gy\u00f6rgy \u00e9s Dr. Tomas H\u00f6kfelt.<\/p>\n<p>(A fot\u00f3k nagy felbont\u00e1sban let\u00f6lthet\u0151k a gal\u00e9ri\u00e1b\u00f3l. A fot\u00f3 felhaszn\u00e1l\u00e1sa eset\u00e9n k\u00e9rj\u00fck jel\u00f6lj\u00e9k meg a forr\u00e1st: Semmelweis Egyetem\/Kov\u00e1cs Attila\u00a0<\/p>\n\r\n        [slb_exclude]\r\n        <div class=\"row galeria-wrapper mx-0 h-auto\">\r\n            <div class=\"col-9 pl-0 pr-2\">\r\n            <span class=\"gallery-item frame\">\r\n\t\t\t\t<div class=\"galeria-left-img\"><a href=\"https:\/\/semmelweis.hu\/mediasarok\/files\/2016\/11\/RS54918_KA-20161107-KA__6791.jpg\"><img src=https:\/\/semmelweis.hu\/mediasarok\/files\/2016\/11\/RS54918_KA-20161107-KA__6791.jpg  \r\n                            alt=\"\" \r\n                            class=\"attachment-sote-gallery-big size-sote-gallery-big\" \r\n                            srcset=\"https:\/\/semmelweis.hu\/mediasarok\/files\/2016\/11\/RS54918_KA-20161107-KA__6791-200x300.jpg 200w, https:\/\/semmelweis.hu\/mediasarok\/files\/2016\/11\/RS54918_KA-20161107-KA__6791-768x1152.jpg 768w, https:\/\/semmelweis.hu\/mediasarok\/files\/2016\/11\/RS54918_KA-20161107-KA__6791-683x1024.jpg 683w\" ><\/a><\/div>\r\n            <\/span>\r\n\r\n            <\/div>\r\n\r\n\t\t\t<div class=\"col-3 pl-0 pr-0\">\r\n\t\t\t\t<div class=\"galeria-right-img d-flex justify-content-between flex-column h-100 w-100 px-0 mx-0 \">\r\n                <div class=\"galeria-box\">\r\n\t\t\t\t\t<h3 class=\"galeria-title\">Gal\u00e9ria<\/h3>\r\n\t\t\t\t\t<div class=\"galeria-subtitle\">\r\n\r\n\t\t\t\t\t\t<div class=\"galeria-page-counter\"><span>2<\/span>k\u00e9p<\/div>\r\n                    <\/div> <\/div>\r\n                    <span class=\"gallery-item frame d-none d-md-flex\">\r\n\t\t\t\t\t<div class=\"galeria-small-img mt-0\"><a href=\"https:\/\/semmelweis.hu\/mediasarok\/files\/2016\/11\/RS54921_KA-20161107-KA__6778.jpg\"><img src=https:\/\/semmelweis.hu\/mediasarok\/files\/2016\/11\/RS54921_KA-20161107-KA__6778.jpg \r\n                                alt=\"\"  \r\n                                class=\"attachment-sote-gallery-small size-sote-gallery-small\" \r\n                                srcset=\"https:\/\/semmelweis.hu\/mediasarok\/files\/2016\/11\/RS54921_KA-20161107-KA__6778-300x200.jpg 300w, https:\/\/semmelweis.hu\/mediasarok\/files\/2016\/11\/RS54921_KA-20161107-KA__6778-768x512.jpg 768w, https:\/\/semmelweis.hu\/mediasarok\/files\/2016\/11\/RS54921_KA-20161107-KA__6778-1024x683.jpg 1024w, https:\/\/semmelweis.hu\/mediasarok\/files\/2016\/11\/RS54921_KA-20161107-KA__6778-450x300.jpg 450w\" ><\/a><\/div>\r\n                    <\/span>\r\n                    <span class=\"gallery-item frame d-none d-md-flex\">\r\n\t\t\t\t\t<div class=\"galeria-small-img mt-0\"><img src=https:\/\/semmelweis.hu\/mediasarok\/wp-content\/themes\/se18\/dist\/images\/100x100.svg \r\n                                alt=\"\" \r\n                                class=\"attachment-sote-gallery-small size-sote-gallery-small\" \r\n                                srcset=\"\" ><\/div>\r\n                    <\/span>\r\n\r\n                <\/div>\r\n\r\n            <\/div>\r\n\r\n            \r\n            <\/div>\r\n\r\n            [\/slb_exclude]\r\n\t\n","protected":false},"excerpt":{"rendered":"<p>A nanoszk\u00f3pia \u00e9s a nagyfelbont\u00e1s\u00fa orvosbiol\u00f3giai k\u00e9palkot\u00e1s vil\u00e1gh\u00edr\u0171 tud\u00f3sa, Dr. Stefan W. Hell a Semmelweis Budapest Award 2016. \u00e9vi d\u00edjazottja. A Semmelweis Egyetem legnagyobb preszt\u00edzs\u0171, nemzetk\u00f6zi tudom\u00e1nyos elismer\u00e9s\u00e9t Dr. Sz\u00e9l \u00c1goston rektort\u00f3l vehette \u00e1t a Nobel-d\u00edjas tud\u00f3s h\u00e9tf\u0151 este. <a href=\"https:\/\/semmelweis.hu\/mediasarok\/files\/2016\/11\/RS54921_KA-20161107-KA__6778-scr.jpg\"><\/a> Dr. Stefan W. Hell az \u00fcnnep\u00e9lyes d\u00edj\u00e1tad\u00f3n hangs\u00falyozta: hatalmas megtiszteltet\u00e9s sz\u00e1m\u00e1ra a Semmelweis Ign\u00e1c nev\u00e9t visel\u0151 &hellip;<\/p>\n","protected":false},"author":13,"featured_media":70536,"comment_status":"closed","ping_status":"closed","sticky":false,"template":"","format":"standard","meta":{"_acf_changed":false,"footnotes":""},"categories":[5],"tags":[734],"class_list":["post-70529","post","type-post","status-publish","format-standard","has-post-thumbnail","hentry","category-cikkek","tag-kozlemeny"],"acf":[],"_links":{"self":[{"href":"https:\/\/semmelweis.hu\/mediasarok\/wp-json\/wp\/v2\/posts\/70529","targetHints":{"allow":["GET"]}}],"collection":[{"href":"https:\/\/semmelweis.hu\/mediasarok\/wp-json\/wp\/v2\/posts"}],"about":[{"href":"https:\/\/semmelweis.hu\/mediasarok\/wp-json\/wp\/v2\/types\/post"}],"author":[{"embeddable":true,"href":"https:\/\/semmelweis.hu\/mediasarok\/wp-json\/wp\/v2\/users\/13"}],"replies":[{"embeddable":true,"href":"https:\/\/semmelweis.hu\/mediasarok\/wp-json\/wp\/v2\/comments?post=70529"}],"version-history":[{"count":3,"href":"https:\/\/semmelweis.hu\/mediasarok\/wp-json\/wp\/v2\/posts\/70529\/revisions"}],"predecessor-version":[{"id":70537,"href":"https:\/\/semmelweis.hu\/mediasarok\/wp-json\/wp\/v2\/posts\/70529\/revisions\/70537"}],"wp:featuredmedia":[{"embeddable":true,"href":"https:\/\/semmelweis.hu\/mediasarok\/wp-json\/wp\/v2\/media\/70536"}],"wp:attachment":[{"href":"https:\/\/semmelweis.hu\/mediasarok\/wp-json\/wp\/v2\/media?parent=70529"}],"wp:term":[{"taxonomy":"category","embeddable":true,"href":"https:\/\/semmelweis.hu\/mediasarok\/wp-json\/wp\/v2\/categories?post=70529"},{"taxonomy":"post_tag","embeddable":true,"href":"https:\/\/semmelweis.hu\/mediasarok\/wp-json\/wp\/v2\/tags?post=70529"}],"curies":[{"name":"wp","href":"https:\/\/api.w.org\/{rel}","templated":true}]}}