{"id":6687,"date":"2011-07-06T13:30:05","date_gmt":"2011-07-06T11:30:05","guid":{"rendered":"http:\/\/mediasarok.sote.hu\/multimedia\/kepek\/genomikai-kutatotura-a-semmelweis-egyetemen\/"},"modified":"2020-03-31T12:21:27","modified_gmt":"2020-03-31T10:21:27","slug":"genomikai-kutatotura-a-semmelweis-egyetemen","status":"publish","type":"post","link":"https:\/\/semmelweis.hu\/mediasarok\/2011\/07\/06\/genomikai-kutatotura-a-semmelweis-egyetemen\/","title":{"rendered":"Genomikai kutat\u00f3t\u00fara a Semmelweis Egyetemen"},"content":{"rendered":"<p>Megtal\u00e1lni azokat, akikn\u00e9l biztosan hat\u00e1sos a gy\u00f3gym\u00f3d, azokat, akikn\u00e9l v\u00e1rhat\u00f3 mell\u00e9khat\u00e1s, kider\u00edteni, kik \u00e9s mi\u00e9rt hajlamosak egyes betegs\u00e9gekre \u2013 a Semmelweis Egyetem Molekul\u00e1ris Neurol\u00f3giai Klinikai \u00e9s Kutat\u00e1si K\u00f6zpontban a kutat\u00f3k ezekre a k\u00e9rd\u00e9sekre keresik a v\u00e1laszt. fot\u00f3: D. Kiss Bal\u00e1zs<\/p>\n\r\n        [slb_exclude]\r\n        <div class=\"row galeria-wrapper mx-0 h-auto\">\r\n            <div class=\"col-9 pl-0 pr-2\">\r\n            <span class=\"gallery-item frame\">\r\n\t\t\t\t<div class=\"galeria-left-img\"><a href=\"https:\/\/semmelweis.hu\/mediasarok\/files\/2011\/07\/genomika_sajtotura_mmj1.jpg\"><img src=https:\/\/semmelweis.hu\/mediasarok\/files\/2011\/07\/genomika_sajtotura_mmj1.jpg  \r\n                            alt=\"Dr. Moln\u00e1l M\u00e1ria Judit\" \r\n                            class=\"attachment-sote-gallery-big size-sote-gallery-big\" \r\n                            srcset=\"https:\/\/semmelweis.hu\/mediasarok\/files\/2011\/07\/genomika_sajtotura_mmj1-300x200.jpg 300w, https:\/\/semmelweis.hu\/mediasarok\/files\/2011\/07\/genomika_sajtotura_mmj1-1024x682.jpg 1024w, https:\/\/semmelweis.hu\/mediasarok\/files\/2011\/07\/genomika_sajtotura_mmj1-450x300.jpg 450w, https:\/\/semmelweis.hu\/mediasarok\/files\/2011\/07\/genomika_sajtotura_mmj1.jpg 1752w\" ><\/a><\/div>\r\n            <\/span>\r\n\r\n            <\/div>\r\n\r\n\t\t\t<div class=\"col-3 pl-0 pr-0\">\r\n\t\t\t\t<div class=\"galeria-right-img d-flex justify-content-between flex-column h-100 w-100 px-0 mx-0 \">\r\n                <div class=\"galeria-box\">\r\n\t\t\t\t\t<h3 class=\"galeria-title\">Gal\u00e9ria<\/h3>\r\n\t\t\t\t\t<div class=\"galeria-subtitle\">\r\n\r\n\t\t\t\t\t\t<div class=\"galeria-page-counter\"><span>6<\/span>k\u00e9p<\/div>\r\n                    <\/div> <\/div>\r\n                    <span class=\"gallery-item frame d-none d-md-flex\">\r\n\t\t\t\t\t<div class=\"galeria-small-img mt-0\"><a href=\"https:\/\/semmelweis.hu\/mediasarok\/files\/2011\/07\/genomika_sajtotura5.jpg\"><img src=https:\/\/semmelweis.hu\/mediasarok\/files\/2011\/07\/genomika_sajtotura5.jpg \r\n                                alt=\"Genomikai kutat\u00f3t\u00fara a Semmelweis Egyetemen\"  \r\n                                class=\"attachment-sote-gallery-small size-sote-gallery-small\" \r\n                                srcset=\"https:\/\/semmelweis.hu\/mediasarok\/files\/2011\/07\/genomika_sajtotura5-300x199.jpg 300w, https:\/\/semmelweis.hu\/mediasarok\/files\/2011\/07\/genomika_sajtotura5-450x300.jpg 450w, https:\/\/semmelweis.hu\/mediasarok\/files\/2011\/07\/genomika_sajtotura5.jpg 701w\" ><\/a><\/div>\r\n                    <\/span>\r\n                    <span class=\"gallery-item frame d-none d-md-flex\">\r\n\t\t\t\t\t<div class=\"galeria-small-img mt-0\"><a href=\"https:\/\/semmelweis.hu\/mediasarok\/files\/2011\/07\/genomika_sajtotura4.jpg\"><img src=https:\/\/semmelweis.hu\/mediasarok\/files\/2011\/07\/genomika_sajtotura4.jpg \r\n                                alt=\"Genomikai kutat\u00f3t\u00fara a Semmelweis Egyetemen\" \r\n                                class=\"attachment-sote-gallery-small size-sote-gallery-small\" \r\n                                srcset=\"https:\/\/semmelweis.hu\/mediasarok\/files\/2011\/07\/genomika_sajtotura4-300x199.jpg 300w, https:\/\/semmelweis.hu\/mediasarok\/files\/2011\/07\/genomika_sajtotura4-450x300.jpg 450w, https:\/\/semmelweis.hu\/mediasarok\/files\/2011\/07\/genomika_sajtotura4.jpg 701w\" ><\/a><\/div>\r\n                    <\/span>\r\n\r\n                <\/div>\r\n\r\n            <\/div>\r\n\r\n            <span class=\"gallery-item\"><div class=\"hidden\"><a href=\"https:\/\/semmelweis.hu\/mediasarok\/files\/2011\/07\/genomika_sajtotura3.jpg\">\r\n        <img src=https:\/\/semmelweis.hu\/mediasarok\/files\/2011\/07\/genomika_sajtotura3.jpg alt=\"Genomikai kutat\u00f3t\u00fara a Semmelweis Egyetemen\" class=\"attachment-sote-gallery-big size-sote-gallery-big\" srcset=\"https:\/\/semmelweis.hu\/mediasarok\/files\/2011\/07\/genomika_sajtotura3-300x200.jpg 300w, https:\/\/semmelweis.hu\/mediasarok\/files\/2011\/07\/genomika_sajtotura3-1024x682.jpg 1024w, https:\/\/semmelweis.hu\/mediasarok\/files\/2011\/07\/genomika_sajtotura3-450x300.jpg 450w, https:\/\/semmelweis.hu\/mediasarok\/files\/2011\/07\/genomika_sajtotura3.jpg 1752w\" >\r\n        <\/a><\/div><\/span><span class=\"gallery-item\"><div class=\"hidden\"><a href=\"https:\/\/semmelweis.hu\/mediasarok\/files\/2011\/07\/genomika_sajtotura2.jpg\">\r\n        <img src=https:\/\/semmelweis.hu\/mediasarok\/files\/2011\/07\/genomika_sajtotura2.jpg alt=\"Genomikai kutat\u00f3t\u00fara a Semmelweis Egyetemen\" class=\"attachment-sote-gallery-big size-sote-gallery-big\" srcset=\"https:\/\/semmelweis.hu\/mediasarok\/files\/2011\/07\/genomika_sajtotura2-300x200.jpg 300w, https:\/\/semmelweis.hu\/mediasarok\/files\/2011\/07\/genomika_sajtotura2-1024x682.jpg 1024w, https:\/\/semmelweis.hu\/mediasarok\/files\/2011\/07\/genomika_sajtotura2-450x300.jpg 450w, https:\/\/semmelweis.hu\/mediasarok\/files\/2011\/07\/genomika_sajtotura2.jpg 1752w\" >\r\n        <\/a><\/div><\/span><span class=\"gallery-item\"><div class=\"hidden\"><a href=\"https:\/\/semmelweis.hu\/mediasarok\/files\/2011\/07\/genomika_sajtotura11.jpg\">\r\n        <img src=https:\/\/semmelweis.hu\/mediasarok\/files\/2011\/07\/genomika_sajtotura11.jpg alt=\"Genomikai kutat\u00f3t\u00fara a Semmelweis Egyetemen\" class=\"attachment-sote-gallery-big size-sote-gallery-big\" srcset=\"https:\/\/semmelweis.hu\/mediasarok\/files\/2011\/07\/genomika_sajtotura11-300x200.jpg 300w, https:\/\/semmelweis.hu\/mediasarok\/files\/2011\/07\/genomika_sajtotura11-1024x682.jpg 1024w, https:\/\/semmelweis.hu\/mediasarok\/files\/2011\/07\/genomika_sajtotura11-450x300.jpg 450w, https:\/\/semmelweis.hu\/mediasarok\/files\/2011\/07\/genomika_sajtotura11.jpg 1752w\" >\r\n        <\/a><\/div><\/span>\r\n            <\/div>\r\n\r\n            [\/slb_exclude]\r\n\t\n","protected":false},"excerpt":{"rendered":"<p>Megtal\u00e1lni azokat, akikn\u00e9l biztosan hat\u00e1sos a gy\u00f3gym\u00f3d, azokat, akikn\u00e9l v\u00e1rhat\u00f3 mell\u00e9khat\u00e1s, kider\u00edteni, kik \u00e9s mi\u00e9rt hajlamosak egyes betegs\u00e9gekre \u2013 a Semmelweis Egyetem Molekul\u00e1ris Neurol\u00f3giai Klinikai \u00e9s Kutat\u00e1si K\u00f6zpontban a kutat\u00f3k ezekre a k\u00e9rd\u00e9sekre keresik a v\u00e1laszt. fot\u00f3: D. Kiss Bal\u00e1zs<\/p>\n","protected":false},"author":155,"featured_media":39487,"comment_status":"closed","ping_status":"open","sticky":false,"template":"","format":"standard","meta":{"_acf_changed":false,"footnotes":""},"categories":[413],"tags":[728],"class_list":["post-6687","post","type-post","status-publish","format-standard","has-post-thumbnail","hentry","category-galeria","tag-pozitiv"],"acf":[],"_links":{"self":[{"href":"https:\/\/semmelweis.hu\/mediasarok\/wp-json\/wp\/v2\/posts\/6687","targetHints":{"allow":["GET"]}}],"collection":[{"href":"https:\/\/semmelweis.hu\/mediasarok\/wp-json\/wp\/v2\/posts"}],"about":[{"href":"https:\/\/semmelweis.hu\/mediasarok\/wp-json\/wp\/v2\/types\/post"}],"author":[{"embeddable":true,"href":"https:\/\/semmelweis.hu\/mediasarok\/wp-json\/wp\/v2\/users\/155"}],"replies":[{"embeddable":true,"href":"https:\/\/semmelweis.hu\/mediasarok\/wp-json\/wp\/v2\/comments?post=6687"}],"version-history":[{"count":5,"href":"https:\/\/semmelweis.hu\/mediasarok\/wp-json\/wp\/v2\/posts\/6687\/revisions"}],"predecessor-version":[{"id":94190,"href":"https:\/\/semmelweis.hu\/mediasarok\/wp-json\/wp\/v2\/posts\/6687\/revisions\/94190"}],"wp:featuredmedia":[{"embeddable":true,"href":"https:\/\/semmelweis.hu\/mediasarok\/wp-json\/wp\/v2\/media\/39487"}],"wp:attachment":[{"href":"https:\/\/semmelweis.hu\/mediasarok\/wp-json\/wp\/v2\/media?parent=6687"}],"wp:term":[{"taxonomy":"category","embeddable":true,"href":"https:\/\/semmelweis.hu\/mediasarok\/wp-json\/wp\/v2\/categories?post=6687"},{"taxonomy":"post_tag","embeddable":true,"href":"https:\/\/semmelweis.hu\/mediasarok\/wp-json\/wp\/v2\/tags?post=6687"}],"curies":[{"name":"wp","href":"https:\/\/api.w.org\/{rel}","templated":true}]}}