{"id":64524,"date":"2016-04-07T11:15:43","date_gmt":"2016-04-07T09:15:43","guid":{"rendered":"http:\/\/semmelweis.hu\/mediasarok\/?p=64524"},"modified":"2019-05-23T11:08:21","modified_gmt":"2019-05-23T09:08:21","slug":"kozlemeny-2016-aprilis-7","status":"publish","type":"post","link":"https:\/\/semmelweis.hu\/mediasarok\/2016\/04\/07\/kozlemeny-2016-aprilis-7\/","title":{"rendered":"K\u00f6zlem\u00e9ny, 2016. \u00e1prilis 7."},"content":{"rendered":"<p>Az Index.hu \u00e9rtes\u00fcl\u00e9seivel ellent\u00e9tben nem tiltott\u00e1k meg a gumikeszty\u0171 haszn\u00e1lat\u00e1t az int\u00e9zetben dolgoz\u00f3 orvosoknak, \u00e1pol\u00f3knak, takar\u00edt\u00f3knak \u00e9s egy\u00e9b szakdolgoz\u00f3knak a Semmelweis Egyetem B\u0151r-, Nemik\u00f3rtani \u00e9s B\u0151ronkol\u00f3giai Klinik\u00e1j\u00e1n. A Semmelweis Egyetem az Indexnek 04.06-\u00e1n k\u00fcld\u00f6tt v\u00e1lasz\u00e1ban is jelezte: nincs korl\u00e1toz\u00e1s a v\u00e9d\u0151eszk\u00f6z\u00f6k haszn\u00e1lat\u00e1ban az egyetem egyetlen klinik\u00e1j\u00e1n sem (v\u00e9d\u0151eszk\u00f6z a gumikeszty\u0171 is).<\/p>\n<p>A B\u0151r-, Nemik\u00f3rtani \u00e9s B\u0151ronkol\u00f3giai Klinika egyik \u00e9rtekezlet\u00e9n arra vonatkoz\u00f3an hangzott el egy utas\u00edt\u00e1s, hogy a m\u0171t\u00e9ti haszn\u00e1latra val\u00f3 gumikeszty\u0171t a m\u0171t\u0151ben, m\u00edg a betegvizsg\u00e1latokhoz val\u00f3 egyszer haszn\u00e1latos gumikeszty\u0171t betegvizsg\u00e1latokra haszn\u00e1lj\u00e1k. Mindkett\u0151 v\u00e9d\u0151eszk\u00f6z, de m\u00e1s t\u00edpus\u00faak \u2013 mindez teljes \u00f6sszhangban van az egyetem szab\u00e1lyzataival \u00e9s a WHO aj\u00e1nl\u00e1s\u00e1val is.<\/p>\n<p>A klinik\u00e1ra vonatkoz\u00f3 egy\u00e9ni v\u00e9d\u0151eszk\u00f6z juttat\u00e1si rend is r\u00f6gz\u00edti, hogy az int\u00e9zetben a dolgoz\u00f3knak szab\u00e1lyos v\u00e9d\u0151eszk\u00f6z\u00f6kkel kell rendelkezni\u00fck. \u00c1prilis 4-\u00e9n a B\u0151r-, Nemik\u00f3rtani \u00e9s B\u0151ronkol\u00f3giai Klinik\u00e1n szok\u00e1sos munkav\u00e9delmi ellen\u0151rz\u00e9s t\u00f6rt\u00e9nt, amely kiterjedt arra, hogy a dolgoz\u00f3k rendelkeznek-e v\u00e9d\u0151eszk\u00f6z\u00f6kkel, illetve haszn\u00e1lj\u00e1k-e azokat; az ellen\u0151rz\u00e9s nem \u00e1llap\u00edtott meg hi\u00e1nyoss\u00e1got.<\/p>\n<p>Hat\u00e1rozottan c\u00e1foljuk az Index.hu azon \u00e1ll\u00edt\u00e1s\u00e1t is, hogy az egyetemen a gumikeszty\u0171 hi\u00e1ny\u00e1ban m\u0171t\u00e9tek maradtak el.<\/p>\n","protected":false},"excerpt":{"rendered":"<p>Az Index.hu \u00e9rtes\u00fcl\u00e9seivel ellent\u00e9tben nem tiltott\u00e1k meg a gumikeszty\u0171 haszn\u00e1lat\u00e1t az int\u00e9zetben dolgoz\u00f3 orvosoknak, \u00e1pol\u00f3knak, takar\u00edt\u00f3knak \u00e9s egy\u00e9b szakdolgoz\u00f3knak a Semmelweis Egyetem B\u0151r-, Nemik\u00f3rtani \u00e9s B\u0151ronkol\u00f3giai Klinik\u00e1j\u00e1n. A Semmelweis Egyetem az Indexnek 04.06-\u00e1n k\u00fcld\u00f6tt v\u00e1lasz\u00e1ban is jelezte: nincs korl\u00e1toz\u00e1s a v\u00e9d\u0151eszk\u00f6z\u00f6k haszn\u00e1lat\u00e1ban az egyetem egyetlen klinik\u00e1j\u00e1n sem (v\u00e9d\u0151eszk\u00f6z a gumikeszty\u0171 is). A B\u0151r-, Nemik\u00f3rtani \u00e9s &hellip;<\/p>\n","protected":false},"author":13,"featured_media":0,"comment_status":"closed","ping_status":"closed","sticky":false,"template":"","format":"standard","meta":{"_acf_changed":false,"footnotes":""},"categories":[5],"tags":[734],"class_list":["post-64524","post","type-post","status-publish","format-standard","hentry","category-cikkek","tag-kozlemeny"],"acf":[],"_links":{"self":[{"href":"https:\/\/semmelweis.hu\/mediasarok\/wp-json\/wp\/v2\/posts\/64524","targetHints":{"allow":["GET"]}}],"collection":[{"href":"https:\/\/semmelweis.hu\/mediasarok\/wp-json\/wp\/v2\/posts"}],"about":[{"href":"https:\/\/semmelweis.hu\/mediasarok\/wp-json\/wp\/v2\/types\/post"}],"author":[{"embeddable":true,"href":"https:\/\/semmelweis.hu\/mediasarok\/wp-json\/wp\/v2\/users\/13"}],"replies":[{"embeddable":true,"href":"https:\/\/semmelweis.hu\/mediasarok\/wp-json\/wp\/v2\/comments?post=64524"}],"version-history":[{"count":3,"href":"https:\/\/semmelweis.hu\/mediasarok\/wp-json\/wp\/v2\/posts\/64524\/revisions"}],"predecessor-version":[{"id":93069,"href":"https:\/\/semmelweis.hu\/mediasarok\/wp-json\/wp\/v2\/posts\/64524\/revisions\/93069"}],"wp:attachment":[{"href":"https:\/\/semmelweis.hu\/mediasarok\/wp-json\/wp\/v2\/media?parent=64524"}],"wp:term":[{"taxonomy":"category","embeddable":true,"href":"https:\/\/semmelweis.hu\/mediasarok\/wp-json\/wp\/v2\/categories?post=64524"},{"taxonomy":"post_tag","embeddable":true,"href":"https:\/\/semmelweis.hu\/mediasarok\/wp-json\/wp\/v2\/tags?post=64524"}],"curies":[{"name":"wp","href":"https:\/\/api.w.org\/{rel}","templated":true}]}}