{"id":6411,"date":"2011-06-23T14:58:22","date_gmt":"2011-06-23T13:58:22","guid":{"rendered":"http:\/\/mediasarok.sote.hu\/?p=6411"},"modified":"2025-10-28T10:40:00","modified_gmt":"2025-10-28T09:40:00","slug":"a-stressztol-a-boldogsagig-magatartastudomanyi-napok-a-pozitiv-pszichologia-jegyeben","status":"publish","type":"post","link":"https:\/\/semmelweis.hu\/mediasarok\/2011\/06\/23\/a-stressztol-a-boldogsagig-magatartastudomanyi-napok-a-pozitiv-pszichologia-jegyeben\/","title":{"rendered":"\u201eA stresszt\u0151l a boldogs\u00e1gig\u201d: Magatart\u00e1studom\u00e1nyi napok a pozit\u00edv pszichol\u00f3gia jegy\u00e9ben"},"content":{"rendered":"<p style=\"text-align: justify\">A pozit\u00edv pszichol\u00f3gia jegy\u00e9ben: A stresszt\u0151l a boldogs\u00e1gig c\u00edmmel kedden kezd\u0151d\u00f6tt a budapesti, a szegedi, a p\u00e9csi, \u00e9s a debreceni orvostudom\u00e1nyi egyetem magatart\u00e1studom\u00e1nyi int\u00e9zeteinek \u00e9ves rendezv\u00e9nye G\u00f6d\u00f6ll\u0151n.<\/p>\n<p style=\"text-align: justify\">Dr. Stauder Adrienne, a Semmelweis Egyetem Magatart\u00e1studom\u00e1nyi Int\u00e9zet\u00e9nek egyetemi docense, aki egyben a szervez\u0151bizotts\u00e1g eln\u00f6ke a G\u00f6d\u00f6ll\u0151n tartott sajt\u00f3t\u00e1j\u00e9koztat\u00f3n hangs\u00falyozta: az\u00e9rt fontos ezzel a t\u00e9m\u00e1val az orvosl\u00e1s szintj\u00e9n is foglalkozni, mert a magyarok hajlamosak a negat\u00edv gondolkod\u00e1sra, amellyel saj\u00e1t magunknak okoznak stresszt, feler\u0151s\u00edtik a negat\u00edv hat\u00e1sokat \u00e9s ez hossz\u00fa t\u00e1von tov\u00e1bb rontja az eg\u00e9szs\u00e9gi- \u00e9s a lelki\u00e1llapotukat. Mint mondta, ha az emberek k\u00e9pesek a pozit\u00edv gondolkod\u00e1sra, akkor a neh\u00e9z helyzeteket is jobban kezelik.<\/p>\n<p style=\"text-align: justify\">Stauder Adrienne arr\u00f3l is besz\u00e9lt, hogy a pozit\u00edv gondolkod\u00e1s megtanulhat\u00f3. V\u00e9lem\u00e9nye szerint fontos, hogy az orvosok is meg\u00e9rts\u00e9k ezeket a bonyolult pszichol\u00f3giai mechanizmusokat, \u00e9s az eg\u00e9szs\u00e9g\u00fcgyi szakdolgoz\u00f3kat is fel kell k\u00e9szteni erre.<\/p>\n<p style=\"text-align: justify\">Dr. Barab\u00e1s Katalin, a Szegedi Tudom\u00e1nyegyetem Magatart\u00e1studom\u00e1nyi Int\u00e9zet\u00e9nek vezet\u0151je a sajt\u00f3t\u00e1j\u00e9koztat\u00f3n fontosnak tartotta kiemelni, hogy az \u00e9ves \u00f6sszej\u00f6veteleknek k\u00f6sz\u00f6nhet\u0151en az int\u00e9zetek dolgoz\u00f3i k\u00f6z\u00f6tt bar\u00e1ti h\u00e1l\u00f3 alakult ki, \u00e9s k\u00f6lcs\u00f6n\u00f6sen seg\u00edtik egym\u00e1s munk\u00e1j\u00e1t, egy\u00fcttm\u0171k\u00f6dnek a kutat\u00e1sokban.<\/p>\n<p style=\"text-align: justify\">Az egyetemi docens hozz\u00e1tette: a magatart\u00e1studom\u00e1nyi napok lehet\u0151s\u00e9get adnak a tapasztalatcser\u00e9re, az oktat\u00e1s speci\u00e1lis \u00fcgyeinek az \u00e1ttekint\u00e9s\u00e9re \u00e9s biztons\u00e1gos terepen mutatkozhatnak be eredm\u00e9nyeikkel a fiatal kutat\u00f3k.<\/p>\n<p style=\"text-align: justify\">A pozit\u00edv pszichol\u00f3gia a pszichol\u00f3gia tudom\u00e1ny \u00faj \u00e1ga, amely nem a lelki betegs\u00e9gek, zavarok okait \u00e9s kezel\u00e9s\u00e9t tanulm\u00e1nyozza, hanem a boldogs\u00e1g, az \u00e9rtelmes \u00e9let, a szem\u00e9lyis\u00e9g er\u0151ss\u00e9geinek kutat\u00e1s\u00e1ra helyezi a f\u00f3kuszt. Arra keresi a v\u00e1laszt, hogy egyes emberek mi\u00e9rt k\u00e9pesek m\u00e9g neh\u00e9z \u00e9lethelyzetekben is sikeresen megk\u00fczdeni, megtartani lelki \u00e9s testi egyens\u00falyukat, der\u0171j\u00fcket.<\/p>\n<p style=\"text-align: justify\">A k\u00e9tnapos konferenci\u00e1n t\u00f6bb mint sz\u00e1zan vesznek r\u00e9szt: a budapesti, p\u00e9csi, szegedi \u00e9s debreceni egyetemek orvostudom\u00e1nyi karain oktat\u00f3, kutat\u00f3 szakemberek, valamint a magatart\u00e1sorvosl\u00e1si m\u00f3dszereket a betegell\u00e1t\u00e1sban alkalmaz\u00f3 klinikusok.<\/p>\n<p style=\"text-align: justify\"><strong>Tov\u00e1bbi inform\u00e1ci\u00f3k:<\/strong> <a href=\"http:\/\/www.selyesociety.hu\/\">www.selyesociety.hu<\/a><\/p>\n<p style=\"text-align: justify\"><strong>Kapcsolattart\u00f3:<\/strong> Raduch Csilla, tudom\u00e1nyos titk\u00e1r, radcsi@net.sote.hu, 210-2930\/56127<\/p>\n","protected":false},"excerpt":{"rendered":"<p>A pozit\u00edv pszichol\u00f3gia jegy\u00e9ben: A stresszt\u0151l a boldogs\u00e1gig c\u00edmmel kedden kezd\u0151d\u00f6tt a budapesti, a szegedi, a p\u00e9csi, \u00e9s a debreceni orvostudom\u00e1nyi egyetem magatart\u00e1studom\u00e1nyi int\u00e9zeteinek \u00e9ves rendezv\u00e9nye G\u00f6d\u00f6ll\u0151n. Dr. Stauder Adrienne, a Semmelweis Egyetem Magatart\u00e1studom\u00e1nyi Int\u00e9zet\u00e9nek egyetemi docense, aki egyben a szervez\u0151bizotts\u00e1g eln\u00f6ke a G\u00f6d\u00f6ll\u0151n tartott sajt\u00f3t\u00e1j\u00e9koztat\u00f3n hangs\u00falyozta: az\u00e9rt fontos ezzel a t\u00e9m\u00e1val az orvosl\u00e1s szintj\u00e9n &hellip;<\/p>\n","protected":false},"author":155,"featured_media":0,"comment_status":"closed","ping_status":"open","sticky":false,"template":"","format":"standard","meta":{"_acf_changed":false,"footnotes":""},"categories":[5],"tags":[732],"class_list":["post-6411","post","type-post","status-publish","format-standard","hentry","category-cikkek","tag-temaajanlo"],"acf":[],"_links":{"self":[{"href":"https:\/\/semmelweis.hu\/mediasarok\/wp-json\/wp\/v2\/posts\/6411","targetHints":{"allow":["GET"]}}],"collection":[{"href":"https:\/\/semmelweis.hu\/mediasarok\/wp-json\/wp\/v2\/posts"}],"about":[{"href":"https:\/\/semmelweis.hu\/mediasarok\/wp-json\/wp\/v2\/types\/post"}],"author":[{"embeddable":true,"href":"https:\/\/semmelweis.hu\/mediasarok\/wp-json\/wp\/v2\/users\/155"}],"replies":[{"embeddable":true,"href":"https:\/\/semmelweis.hu\/mediasarok\/wp-json\/wp\/v2\/comments?post=6411"}],"version-history":[{"count":2,"href":"https:\/\/semmelweis.hu\/mediasarok\/wp-json\/wp\/v2\/posts\/6411\/revisions"}],"predecessor-version":[{"id":173261,"href":"https:\/\/semmelweis.hu\/mediasarok\/wp-json\/wp\/v2\/posts\/6411\/revisions\/173261"}],"wp:attachment":[{"href":"https:\/\/semmelweis.hu\/mediasarok\/wp-json\/wp\/v2\/media?parent=6411"}],"wp:term":[{"taxonomy":"category","embeddable":true,"href":"https:\/\/semmelweis.hu\/mediasarok\/wp-json\/wp\/v2\/categories?post=6411"},{"taxonomy":"post_tag","embeddable":true,"href":"https:\/\/semmelweis.hu\/mediasarok\/wp-json\/wp\/v2\/tags?post=6411"}],"curies":[{"name":"wp","href":"https:\/\/api.w.org\/{rel}","templated":true}]}}