{"id":6333,"date":"2011-06-22T12:35:01","date_gmt":"2011-06-22T11:35:01","guid":{"rendered":"http:\/\/mediasarok.sote.hu\/?p=6333"},"modified":"2025-10-28T10:41:43","modified_gmt":"2025-10-28T09:41:43","slug":"tananyagfejlesztes-felsofokon-semmelweis-e-learning-nap-meghivo","status":"publish","type":"post","link":"https:\/\/semmelweis.hu\/mediasarok\/2011\/06\/22\/tananyagfejlesztes-felsofokon-semmelweis-e-learning-nap-meghivo\/","title":{"rendered":"Tananyagfejleszt\u00e9s fels\u0151fokon: Semmelweis e-learning nap (MEGH\u00cdV\u00d3)"},"content":{"rendered":"<p style=\"text-align: justify\">Mesters\u00e9ges Intelligencia Elektronikus Almanach, az \u00e9l\u0151 szervezet \u00f6sszetev\u0151inek elemz\u00e9se, pszichoter\u00e1pi\u00e1s vide\u00f3k sz\u00edn\u00e9szekkel \u2013 n\u00e9h\u00e1ny elem a Semmelweis Egyetem elektronikus tananyagfejleszt\u00e9si projektjeib\u0151l. Ezek c\u00e9lja, hogy a hallgat\u00f3k korszer\u0171, naprak\u00e9sz, tudom\u00e1nyos eredm\u00e9nyekre \u00e9p\u00fcl\u0151, interneten kereszt\u00fcl hozz\u00e1f\u00e9rhet\u0151 ismeretanyaghoz jussanak.<\/p>\n<p style=\"text-align: justify\">A Semmelweis Egyetem Strat\u00e9giai \u00e9s M\u0171k\u00f6d\u00e9sfejleszt\u00e9si F\u0151igazgat\u00f3s\u00e1ga \u2013 a Semmelweis P\u00e1ly\u00e1zati \u00e9s Innov\u00e1ci\u00f3s K\u00f6zponttal k\u00f6z\u00f6sen \u2013 a Semmelweis e-learning napon mutatja be az egyetemen jelenleg fut\u00f3 elektronikus tananyagfejleszt\u00e9si projekteket.<\/p>\n<ul style=\"text-align: justify\">\n<li><strong>id\u0151pont: 2011. j\u00fanius 29. 10 \u00f3ra<\/strong><\/li>\n<li><strong>helysz\u00edn: Elm\u00e9leti Orvostudom\u00e1nyi K\u00f6zpont, H\u00e1ri P\u00e1l terem, (Budapest, IX. T\u0171zolt\u00f3 utca 37-47.)<\/strong><\/li>\n<li><strong>Sajt\u00f3t\u00e1j\u00e9koztat\u00f3, interj\u00fak: 2011. j\u00fanius 29. 13 \u00f3ra<\/strong><\/li>\n<\/ul>\n<p style=\"text-align: justify\">Az inform\u00e1ci\u00f3s nap keret\u00e9ben megismerhetik egyetem t\u00f6bb klinik\u00e1j\u00e1n (F\u00fcl-orr-g\u00e9g\u00e9szeti \u00e9s Fej-nyakseb\u00e9szeti, Neurol\u00f3giai, Pszichi\u00e1triai \u00e9s Pszichoter\u00e1pi\u00e1s, Ortop\u00e9diai, Radiol\u00f3giai \u00e9s Onkoter\u00e1pi\u00e1s) els\u0151 \u00edzben l\u00e9trej\u00f6v\u0151 digit\u00e1lis tananyagok k\u00e9sz\u00edt\u00e9s\u00e9nek folyamat\u00e1t, megtudhatj\u00e1k, mi a \u201eMesters\u00e9ges Intelligencia Elektronikus Almanach\u201d.<\/p>\n<p style=\"text-align: justify\">Az \u00e9l\u0151 szervezet \u00f6sszetev\u0151inek \u00e9s biok\u00e9miai folyamatainak k\u00e9palkot\u00f3 elemz\u00e9s\u00e9r\u0151l sz\u00f3l\u00f3 bemutat\u00f3 mellett \u00edzel\u00edt\u0151t kapunk a leg\u00fajabb tudom\u00e1nyos eredm\u00e9nyekb\u0151l az immunol\u00f3gia, a genetika \u00e9s genomika, a biok\u00e9mia, a fogorvosi anyagtan ter\u00fclet\u00e9n is.<\/p>\n<p style=\"text-align: justify\">Akutat\u00e1sszervez\u00e9ssel \u00e9s innov\u00e1ci\u00f3menedzsmenttel, az innovat\u00edv v\u00e1llalatok alap\u00edt\u00e1s\u00e1val \u00e9s sikeres m\u0171k\u00f6dtet\u00e9s\u00e9vel kapcsolatban jogi, p\u00e9nz\u00fcgyi, p\u00e1ly\u00e1z\u00e1si, v\u00e1llalkoz\u00e1si alapismereteket is biztos\u00edt\u00f3 \u2013 tananyagok k\u00e9sz\u00fclnek.<\/p>\n<p style=\"text-align: justify\">A rendezv\u00e9nyt eddig m\u00e9g nem l\u00e1tott, a pszichoter\u00e1pi\u00e1s oktat\u00e1st seg\u00edt\u0151 vide\u00f3anyagok vet\u00edt\u00e9se z\u00e1rja, melyekben a pszichoterapeut\u00e1k sz\u00edn\u00e9szek seg\u00edts\u00e9g\u00e9vel mutatj\u00e1k be a technik\u00e1kat.<\/p>\n<p style=\"text-align: justify\">A konferenci\u00e1r\u00f3l b\u0151vebb inform\u00e1ci\u00f3, illetve jelentkez\u00e9s: Tak\u00e1cs Vikt\u00f3ria [takacs@palyazat-sote.hu]<\/p>\n<p><strong>A Semmelweis Egyetemen jelenleg zajl\u00f3 digit\u00e1lis tananyagfejleszt\u00e9sek:<\/strong><\/p>\n<ul>\n<li>A Kutat\u00e1sszervez\u00e9s \u00e9s innov\u00e1ci\u00f3menedzsment az eg\u00e9szs\u00e9g- \u00e9s \u00e9lettudom\u00e1nyok ter\u00fclet\u00e9n \u2013 tananyag- \u00e9s tartalomfejleszt\u00e9s (T\u00c1MOP-4.1.2-08\/2\/A\/KMR-2009-0023)<\/li>\n<li>A \u201eKlinikai Modul\u00e1ris \u00e9s Interdiszciplin\u00e1ris, Tananyag- \u00e9s Tartalomfejleszt\u00e9s a Sem-melweis Egyetem \u00d6t Klinik\u00e1j\u00e1n\u201d (T\u00c1MOP-4.1.2-08\/2\/A\/KMR-2009-0019 )<\/li>\n<li>A \u201eMesters\u00e9ges Intelligencia Elektronikus Almanach\u201d (T\u00c1MOP-4.1.2-08\/2\/A\/KMR-2009-0026)<\/li>\n<li>A \u201eK\u00e9pz\u00e9s- \u00e9s tartalomfejleszt\u00e9s a Semmelweis Egyetemen\u201d (T\u00c1MOP-4.1.2\/A\/2-10\/1-2010-0008)<\/li>\n<li>Az \u201eElektronikus oktat\u00e1si anyag kialak\u00edt\u00e1sa az \u00e9l\u0151 szervezet struktur\u00e1lis \u00f6sszetev\u0151inek \u00e9s biok\u00e9miai folyamatainak k\u00e9palkot\u00f3 elemz\u00e9s\u00e9re\u201d (T\u00c1MOP-4.1.2-08\/2\/A\/KMR-2009-0020)<\/li>\n<li>A \u201ePatol\u00f3gus szakorvos k\u00e9pz\u00e9s \u00e9s orvos tov\u00e1bbk\u00e9pz\u00e9s\u201d (T\u00c1MOP-6.2.2\/B-09\/1-2009-0012)<\/li>\n<\/ul>\n<p style=\"text-align: justify\"><a href=\"https:\/\/semmelweis.hu\/wp-content\/blogs.dir\/106\/files\/2011\/06\/uszt_logo_rgb.jpg\"><img loading=\"lazy\" decoding=\"async\" class=\"alignleft size-medium wp-image-6361\" src=\"https:\/\/semmelweis.hu\/wp-content\/blogs.dir\/106\/files\/2011\/06\/uszt_logo_rgb-300x90.jpg\" alt=\"\" width=\"300\" height=\"90\" srcset=\"https:\/\/semmelweis.hu\/mediasarok\/files\/2011\/06\/uszt_logo_rgb-300x90.jpg 300w, https:\/\/semmelweis.hu\/mediasarok\/files\/2011\/06\/uszt_logo_rgb.jpg 1000w\" sizes=\"auto, (max-width: 300px) 100vw, 300px\" \/><\/a><a href=\"https:\/\/semmelweis.hu\/wp-content\/blogs.dir\/106\/files\/2011\/06\/UMFTEUlogo.jpg\"><img loading=\"lazy\" decoding=\"async\" class=\"alignleft size-medium wp-image-6360\" src=\"https:\/\/semmelweis.hu\/wp-content\/blogs.dir\/106\/files\/2011\/06\/UMFTEUlogo-300x80.jpg\" alt=\"\" width=\"300\" height=\"80\" srcset=\"https:\/\/semmelweis.hu\/mediasarok\/files\/2011\/06\/UMFTEUlogo-300x80.jpg 300w, https:\/\/semmelweis.hu\/mediasarok\/files\/2011\/06\/UMFTEUlogo.jpg 479w\" sizes=\"auto, (max-width: 300px) 100vw, 300px\" \/><\/a><\/p>\n","protected":false},"excerpt":{"rendered":"<p>Mesters\u00e9ges Intelligencia Elektronikus Almanach, az \u00e9l\u0151 szervezet \u00f6sszetev\u0151inek elemz\u00e9se, pszichoter\u00e1pi\u00e1s vide\u00f3k sz\u00edn\u00e9szekkel \u2013 n\u00e9h\u00e1ny elem a Semmelweis Egyetem elektronikus tananyagfejleszt\u00e9si projektjeib\u0151l. Ezek c\u00e9lja, hogy a hallgat\u00f3k korszer\u0171, naprak\u00e9sz, tudom\u00e1nyos eredm\u00e9nyekre \u00e9p\u00fcl\u0151, interneten kereszt\u00fcl hozz\u00e1f\u00e9rhet\u0151 ismeretanyaghoz jussanak. A Semmelweis Egyetem Strat\u00e9giai \u00e9s M\u0171k\u00f6d\u00e9sfejleszt\u00e9si F\u0151igazgat\u00f3s\u00e1ga \u2013 a Semmelweis P\u00e1ly\u00e1zati \u00e9s Innov\u00e1ci\u00f3s K\u00f6zponttal k\u00f6z\u00f6sen \u2013 a Semmelweis e-learning &hellip;<\/p>\n","protected":false},"author":155,"featured_media":0,"comment_status":"closed","ping_status":"open","sticky":false,"template":"","format":"standard","meta":{"_acf_changed":false,"footnotes":""},"categories":[5],"tags":[733],"class_list":["post-6333","post","type-post","status-publish","format-standard","hentry","category-cikkek","tag-meghivo"],"acf":[],"_links":{"self":[{"href":"https:\/\/semmelweis.hu\/mediasarok\/wp-json\/wp\/v2\/posts\/6333","targetHints":{"allow":["GET"]}}],"collection":[{"href":"https:\/\/semmelweis.hu\/mediasarok\/wp-json\/wp\/v2\/posts"}],"about":[{"href":"https:\/\/semmelweis.hu\/mediasarok\/wp-json\/wp\/v2\/types\/post"}],"author":[{"embeddable":true,"href":"https:\/\/semmelweis.hu\/mediasarok\/wp-json\/wp\/v2\/users\/155"}],"replies":[{"embeddable":true,"href":"https:\/\/semmelweis.hu\/mediasarok\/wp-json\/wp\/v2\/comments?post=6333"}],"version-history":[{"count":3,"href":"https:\/\/semmelweis.hu\/mediasarok\/wp-json\/wp\/v2\/posts\/6333\/revisions"}],"predecessor-version":[{"id":173263,"href":"https:\/\/semmelweis.hu\/mediasarok\/wp-json\/wp\/v2\/posts\/6333\/revisions\/173263"}],"wp:attachment":[{"href":"https:\/\/semmelweis.hu\/mediasarok\/wp-json\/wp\/v2\/media?parent=6333"}],"wp:term":[{"taxonomy":"category","embeddable":true,"href":"https:\/\/semmelweis.hu\/mediasarok\/wp-json\/wp\/v2\/categories?post=6333"},{"taxonomy":"post_tag","embeddable":true,"href":"https:\/\/semmelweis.hu\/mediasarok\/wp-json\/wp\/v2\/tags?post=6333"}],"curies":[{"name":"wp","href":"https:\/\/api.w.org\/{rel}","templated":true}]}}