{"id":63111,"date":"2016-02-11T10:08:07","date_gmt":"2016-02-11T09:08:07","guid":{"rendered":"http:\/\/semmelweis.hu\/mediasarok\/?p=63111"},"modified":"2019-05-23T11:16:40","modified_gmt":"2019-05-23T09:16:40","slug":"hogyan-keszitsuk-fel-a-gyerekeket-a-korhazi-kezelesre","status":"publish","type":"post","link":"https:\/\/semmelweis.hu\/mediasarok\/2016\/02\/11\/hogyan-keszitsuk-fel-a-gyerekeket-a-korhazi-kezelesre\/","title":{"rendered":"Hogyan k\u00e9sz\u00edts\u00fck fel a gyerekeket a k\u00f3rh\u00e1zi kezel\u00e9sre?"},"content":{"rendered":"<p>Besz\u00e9lget\u00e9ssel, r\u00e1hangol\u00e1ssal \u00e9s szem\u00e9lyes t\u00e1rgyakkal seg\u00edthetj\u00fck gyermek\u00fcnket, hogy min\u00e9l nagyobb biztons\u00e1gban \u00e9rezze mag\u00e1t a k\u00f3rh\u00e1zban. Kedvenc p\u00e1rna, k\u00f6nyv, j\u00e1t\u00e9k \u2013 ezeket mindenk\u00e9ppen csomagoljuk be &#8211; javasolja a betegek vil\u00e1gnapj\u00e1hoz kapcsol\u00f3d\u00f3an Aranyosi G\u00e1born\u00e9, a II. Sz. Gyermekgy\u00f3gy\u00e1szati Klinika vezet\u0151 f\u0151n\u0151v\u00e9re, aki szerint nagyon fontos, hogy a gyerekek pontosan tudj\u00e1k, hogy mi v\u00e1r r\u00e1juk. Hangs\u00falyozza: ma m\u00e1r vannak olyan k\u00f6nyvek \u00e9s egy\u00e9b kiadv\u00e1nyok, amelyek mesefigur\u00e1k seg\u00edts\u00e9g\u00e9vel mutatj\u00e1k be, hogy milyen p\u00e9ld\u00e1ul egy v\u00e9rv\u00e9tel vagy egy ultrahangvizsg\u00e1lat.<\/p>\n<p><img loading=\"lazy\" decoding=\"async\" class=\"wp-image-63112 alignleft\" src=\"https:\/\/semmelweis.hu\/mediasarok\/files\/2016\/02\/aranyosine_porte.jpg\" alt=\"aranyosine_porte\" width=\"370\" height=\"247\" srcset=\"https:\/\/semmelweis.hu\/mediasarok\/files\/2016\/02\/aranyosine_porte.jpg 900w, https:\/\/semmelweis.hu\/mediasarok\/files\/2016\/02\/aranyosine_porte-300x200.jpg 300w, https:\/\/semmelweis.hu\/mediasarok\/files\/2016\/02\/aranyosine_porte-768x512.jpg 768w, https:\/\/semmelweis.hu\/mediasarok\/files\/2016\/02\/aranyosine_porte-450x300.jpg 450w\" sizes=\"auto, (max-width: 370px) 100vw, 370px\" \/>Az els\u0151 k\u00f3rh\u00e1zi \u00e9lm\u00e9ny nagyon meghat\u00e1roz\u00f3, ez\u00e9rt is fontos, hogy a gyerekek sz\u00e1m\u00e1ra ne rossz eml\u00e9kk\u00e9nt maradjon meg. Ennek egyik felt\u00e9tele, hogy a kicsi biztons\u00e1gban \u00e9rezze mag\u00e1t. A kedvenc j\u00e1t\u00e9k, p\u00e1rna, k\u00f6nyv vagy b\u00f6gre is seg\u00edthet abban, hogy otthonosabb legyen a l\u00e9gk\u00f6r. Tiszt\u00e1lkod\u00e1si szereket, papucsot, pizsam\u00e1t, k\u00e9nyelmes szabaid\u0151ruh\u00e1t, t\u00f6r\u00f6lk\u00f6z\u0151t is csomagoljunk be, \u00e9s ha a gyerek ragaszkodik a saj\u00e1t kanal\u00e1hoz, t\u00e1ny\u00e9rj\u00e1hoz, akkor azokat se hagyjuk otthon- javasolja Aranyosi G\u00e1born\u00e9.<\/p>\n<p>A f\u00e9lelmek lek\u00fczd\u00e9s\u00e9ben seg\u00edts\u00e9g\u00fcnkre lehetnek azok a mes\u00e9k, amelyekben a szerepl\u0151k maguk is k\u00f3rh\u00e1zba k\u00e9sz\u00fcl\u0151dnek, \u00e9s t\u00f6rt\u00e9neteiken kereszt\u00fcl megismerhetik a kicsik, hogy hova is mennek pontosan, mire sz\u00e1m\u00edthatnak, milyen vizsg\u00e1latok v\u00e1rnak r\u00e1juk. Aranyosi G\u00e1born\u00e9 szerint egy v\u00e9rv\u00e9tel p\u00e9ld\u00e1ul f\u00e9lelmetesnek t\u0171nhet, \u00e1m ha j\u00e1t\u00e9kosan hangoljuk r\u00e1 a gyerekeket, esetleg apr\u00f3 aj\u00e1nd\u00e9kot, matric\u00e1t is kapnak, vagy k\u00f6zben elterelik a figyelm\u00fcket, akkor nagyon gyorsan t\u00faljuthatnak rajta a gyerekek. \u00c9rdemes nekik mes\u00e9lni a k\u00fcl\u00f6nb\u00f6z\u0151 vizsg\u00e1l\u00f3berendez\u00e9sekr\u0151l, vagy k\u00e9peket n\u00e9zegetni k\u00f6z\u00f6sen, hogy min\u00e9l felk\u00e9sz\u00fcltebben \u00e9rkezz\u00fcnk a k\u00f3rh\u00e1zba. \u00c9teleket ne pakoljuk, \u00e1m ha a kicsi ragaszkodik kedvenc \u00e9teleihez, akkor a dietetikussal egyeztetve azokb\u00f3l nyugodtan vihet\u00fcnk be neki.<\/p>\n<p>Feln\u0151ttk\u00e9nt is \u00e1t kell gondolnunk, hogy mit vigy\u00fcnk magunkkal. Vannak, akik t\u00fal kev\u00e9s, m\u00edg m\u00e1sok t\u00fal sok mindent pakolnak be. A TAJ k\u00e1rty\u00e1t, a lakc\u00edmk\u00e1rty\u00e1t, a szem\u00e9lyi igazolv\u00e1nyt, a beutal\u00f3t, a leleteket \u00e9s a kor\u00e1bbi z\u00e1r\u00f3jelent\u00e9seket semmik\u00e9pp se hagyjuk otthon \u2013 javasolja Kis Ir\u00e9n, a Semmelweis Egyetem Transzplant\u00e1ci\u00f3s \u00e9s Seb\u00e9szeti Klinik\u00e1j\u00e1nak int\u00e9zetvezet\u0151 f\u0151n\u0151v\u00e9re. Emellett k\u00e9nyelmes ruh\u00e1zatra, tiszt\u00e1lkod\u00e1si szerekre, t\u00f6r\u00f6lk\u00f6z\u0151re, papucsra, k\u00f6nt\u00f6sre is sz\u00fcks\u00e9g\u00fcnk lesz. Poharat, ev\u0151eszk\u00f6zt, szalv\u00e9t\u00e1t is vigy\u00fcnk magunkkal, illetve, hogy ne unatkozzunk, k\u00f6nyvet vagy \u00fajs\u00e1gokat is csomagoljunk.<\/p>\n<p>Fot\u00f3: Kov\u00e1cs Attila &#8211; Semmelweis Egyetem<\/p>\n","protected":false},"excerpt":{"rendered":"<p>Besz\u00e9lget\u00e9ssel, r\u00e1hangol\u00e1ssal \u00e9s szem\u00e9lyes t\u00e1rgyakkal seg\u00edthetj\u00fck gyermek\u00fcnket, hogy min\u00e9l nagyobb biztons\u00e1gban \u00e9rezze mag\u00e1t a k\u00f3rh\u00e1zban. Kedvenc p\u00e1rna, k\u00f6nyv, j\u00e1t\u00e9k \u2013 ezeket mindenk\u00e9ppen csomagoljuk be &#8211; javasolja a betegek vil\u00e1gnapj\u00e1hoz kapcsol\u00f3d\u00f3an Aranyosi G\u00e1born\u00e9, a II. Sz. Gyermekgy\u00f3gy\u00e1szati Klinika vezet\u0151 f\u0151n\u0151v\u00e9re, aki szerint nagyon fontos, hogy a gyerekek pontosan tudj\u00e1k, hogy mi v\u00e1r r\u00e1juk. Hangs\u00falyozza: ma m\u00e1r &hellip;<\/p>\n","protected":false},"author":101026,"featured_media":63113,"comment_status":"closed","ping_status":"closed","sticky":false,"template":"","format":"standard","meta":{"_acf_changed":false,"footnotes":""},"categories":[5],"tags":[732],"class_list":["post-63111","post","type-post","status-publish","format-standard","has-post-thumbnail","hentry","category-cikkek","tag-temaajanlo"],"acf":[],"_links":{"self":[{"href":"https:\/\/semmelweis.hu\/mediasarok\/wp-json\/wp\/v2\/posts\/63111","targetHints":{"allow":["GET"]}}],"collection":[{"href":"https:\/\/semmelweis.hu\/mediasarok\/wp-json\/wp\/v2\/posts"}],"about":[{"href":"https:\/\/semmelweis.hu\/mediasarok\/wp-json\/wp\/v2\/types\/post"}],"author":[{"embeddable":true,"href":"https:\/\/semmelweis.hu\/mediasarok\/wp-json\/wp\/v2\/users\/101026"}],"replies":[{"embeddable":true,"href":"https:\/\/semmelweis.hu\/mediasarok\/wp-json\/wp\/v2\/comments?post=63111"}],"version-history":[{"count":2,"href":"https:\/\/semmelweis.hu\/mediasarok\/wp-json\/wp\/v2\/posts\/63111\/revisions"}],"predecessor-version":[{"id":93084,"href":"https:\/\/semmelweis.hu\/mediasarok\/wp-json\/wp\/v2\/posts\/63111\/revisions\/93084"}],"wp:featuredmedia":[{"embeddable":true,"href":"https:\/\/semmelweis.hu\/mediasarok\/wp-json\/wp\/v2\/media\/63113"}],"wp:attachment":[{"href":"https:\/\/semmelweis.hu\/mediasarok\/wp-json\/wp\/v2\/media?parent=63111"}],"wp:term":[{"taxonomy":"category","embeddable":true,"href":"https:\/\/semmelweis.hu\/mediasarok\/wp-json\/wp\/v2\/categories?post=63111"},{"taxonomy":"post_tag","embeddable":true,"href":"https:\/\/semmelweis.hu\/mediasarok\/wp-json\/wp\/v2\/tags?post=63111"}],"curies":[{"name":"wp","href":"https:\/\/api.w.org\/{rel}","templated":true}]}}