{"id":6301,"date":"2011-06-21T13:41:42","date_gmt":"2011-06-21T11:41:42","guid":{"rendered":"http:\/\/mediasarok.sote.hu\/multimedia\/kepek\/schirilla-gyorgy-az-i-gyermekklinikaert-futott\/"},"modified":"2020-03-31T12:21:27","modified_gmt":"2020-03-31T10:21:27","slug":"schirilla-gyorgy-az-i-gyermekklinikaert-futott","status":"publish","type":"post","link":"https:\/\/semmelweis.hu\/mediasarok\/2011\/06\/21\/schirilla-gyorgy-az-i-gyermekklinikaert-futott\/","title":{"rendered":"Schirilla Gy\u00f6rgy az I. Gyermekklinik\u00e1\u00e9rt futott"},"content":{"rendered":"<p>A diab\u00e9tesz oszt\u00e1ly fel\u00faj\u00edt\u00e1s\u00e1ra k\u00f6lten\u00e9k a Semmelweis Egyetem I. sz\u00e1m\u00fa Gyermekgy\u00f3gy\u00e1szati Klinik\u00e1j\u00e1nak munkat\u00e1rsai azt az \u00f6sszeget, melyet Schirilla Gy\u00f6rgy j\u00f3t\u00e9konys\u00e1gi fut\u00e1s\u00e1nak k\u00f6sz\u00f6nhetnek. fot\u00f3: D. Kiss Bal\u00e1zs<\/p>\n\r\n        [slb_exclude]\r\n        <div class=\"row galeria-wrapper mx-0 h-auto\">\r\n            <div class=\"col-9 pl-0 pr-2\">\r\n            <span class=\"gallery-item frame\">\r\n\t\t\t\t<div class=\"galeria-left-img\"><a href=\"https:\/\/semmelweis.hu\/mediasarok\/files\/2011\/06\/img_9631.jpg\"><img src=https:\/\/semmelweis.hu\/mediasarok\/files\/2011\/06\/img_9631.jpg  \r\n                            alt=\"Schirilla Gy\u00f6rgy az I. Gyermekklinik\u00e1\u00e9rt futott\" \r\n                            class=\"attachment-sote-gallery-big size-sote-gallery-big\" \r\n                            srcset=\"https:\/\/semmelweis.hu\/mediasarok\/files\/2011\/06\/img_9631-300x200.jpg 300w, https:\/\/semmelweis.hu\/mediasarok\/files\/2011\/06\/img_9631-1024x682.jpg 1024w, https:\/\/semmelweis.hu\/mediasarok\/files\/2011\/06\/img_9631-450x300.jpg 450w\" ><\/a><\/div>\r\n            <\/span>\r\n\r\n            <\/div>\r\n\r\n\t\t\t<div class=\"col-3 pl-0 pr-0\">\r\n\t\t\t\t<div class=\"galeria-right-img d-flex justify-content-between flex-column h-100 w-100 px-0 mx-0 \">\r\n                <div class=\"galeria-box\">\r\n\t\t\t\t\t<h3 class=\"galeria-title\">Gal\u00e9ria<\/h3>\r\n\t\t\t\t\t<div class=\"galeria-subtitle\">\r\n\r\n\t\t\t\t\t\t<div class=\"galeria-page-counter\"><span>4<\/span>k\u00e9p<\/div>\r\n                    <\/div> <\/div>\r\n                    <span class=\"gallery-item frame d-none d-md-flex\">\r\n\t\t\t\t\t<div class=\"galeria-small-img mt-0\"><a href=\"https:\/\/semmelweis.hu\/mediasarok\/files\/2011\/06\/img_9587.jpg\"><img src=https:\/\/semmelweis.hu\/mediasarok\/files\/2011\/06\/img_9587.jpg \r\n                                alt=\"Schirilla Gy\u00f6rgy az I. Gyermekklinik\u00e1\u00e9rt futott\"  \r\n                                class=\"attachment-sote-gallery-small size-sote-gallery-small\" \r\n                                srcset=\"https:\/\/semmelweis.hu\/mediasarok\/files\/2011\/06\/img_9587-300x200.jpg 300w, https:\/\/semmelweis.hu\/mediasarok\/files\/2011\/06\/img_9587-1024x682.jpg 1024w, https:\/\/semmelweis.hu\/mediasarok\/files\/2011\/06\/img_9587-450x300.jpg 450w\" ><\/a><\/div>\r\n                    <\/span>\r\n                    <span class=\"gallery-item frame d-none d-md-flex\">\r\n\t\t\t\t\t<div class=\"galeria-small-img mt-0\"><a href=\"https:\/\/semmelweis.hu\/mediasarok\/files\/2011\/06\/img_9576.jpg\"><img src=https:\/\/semmelweis.hu\/mediasarok\/files\/2011\/06\/img_9576.jpg \r\n                                alt=\"Schirilla Gy\u00f6rgy az I. Gyermekklinik\u00e1\u00e9rt futott\" \r\n                                class=\"attachment-sote-gallery-small size-sote-gallery-small\" \r\n                                srcset=\"https:\/\/semmelweis.hu\/mediasarok\/files\/2011\/06\/img_9576-300x200.jpg 300w, https:\/\/semmelweis.hu\/mediasarok\/files\/2011\/06\/img_9576-1024x682.jpg 1024w, https:\/\/semmelweis.hu\/mediasarok\/files\/2011\/06\/img_9576-450x300.jpg 450w\" ><\/a><\/div>\r\n                    <\/span>\r\n\r\n                <\/div>\r\n\r\n            <\/div>\r\n\r\n            <span class=\"gallery-item\"><div class=\"hidden\"><a href=\"https:\/\/semmelweis.hu\/mediasarok\/files\/2011\/06\/img_9572.jpg\">\r\n        <img src=https:\/\/semmelweis.hu\/mediasarok\/files\/2011\/06\/img_9572.jpg alt=\"Schirilla Gy\u00f6rgy az I. Gyermekklinik\u00e1\u00e9rt futott\" class=\"attachment-sote-gallery-big size-sote-gallery-big\" srcset=\"https:\/\/semmelweis.hu\/mediasarok\/files\/2011\/06\/img_9572-300x200.jpg 300w, https:\/\/semmelweis.hu\/mediasarok\/files\/2011\/06\/img_9572-1024x682.jpg 1024w, https:\/\/semmelweis.hu\/mediasarok\/files\/2011\/06\/img_9572-450x300.jpg 450w\" >\r\n        <\/a><\/div><\/span>\r\n            <\/div>\r\n\r\n            [\/slb_exclude]\r\n\t\n","protected":false},"excerpt":{"rendered":"<p>A diab\u00e9tesz oszt\u00e1ly fel\u00faj\u00edt\u00e1s\u00e1ra k\u00f6lten\u00e9k a Semmelweis Egyetem I. sz\u00e1m\u00fa Gyermekgy\u00f3gy\u00e1szati Klinik\u00e1j\u00e1nak munkat\u00e1rsai azt az \u00f6sszeget, melyet Schirilla Gy\u00f6rgy j\u00f3t\u00e9konys\u00e1gi fut\u00e1s\u00e1nak k\u00f6sz\u00f6nhetnek. fot\u00f3: D. Kiss Bal\u00e1zs<\/p>\n","protected":false},"author":155,"featured_media":39546,"comment_status":"closed","ping_status":"open","sticky":false,"template":"","format":"standard","meta":{"_acf_changed":false,"footnotes":""},"categories":[413],"tags":[728],"class_list":["post-6301","post","type-post","status-publish","format-standard","has-post-thumbnail","hentry","category-galeria","tag-pozitiv"],"acf":[],"_links":{"self":[{"href":"https:\/\/semmelweis.hu\/mediasarok\/wp-json\/wp\/v2\/posts\/6301","targetHints":{"allow":["GET"]}}],"collection":[{"href":"https:\/\/semmelweis.hu\/mediasarok\/wp-json\/wp\/v2\/posts"}],"about":[{"href":"https:\/\/semmelweis.hu\/mediasarok\/wp-json\/wp\/v2\/types\/post"}],"author":[{"embeddable":true,"href":"https:\/\/semmelweis.hu\/mediasarok\/wp-json\/wp\/v2\/users\/155"}],"replies":[{"embeddable":true,"href":"https:\/\/semmelweis.hu\/mediasarok\/wp-json\/wp\/v2\/comments?post=6301"}],"version-history":[{"count":5,"href":"https:\/\/semmelweis.hu\/mediasarok\/wp-json\/wp\/v2\/posts\/6301\/revisions"}],"predecessor-version":[{"id":94191,"href":"https:\/\/semmelweis.hu\/mediasarok\/wp-json\/wp\/v2\/posts\/6301\/revisions\/94191"}],"wp:featuredmedia":[{"embeddable":true,"href":"https:\/\/semmelweis.hu\/mediasarok\/wp-json\/wp\/v2\/media\/39546"}],"wp:attachment":[{"href":"https:\/\/semmelweis.hu\/mediasarok\/wp-json\/wp\/v2\/media?parent=6301"}],"wp:term":[{"taxonomy":"category","embeddable":true,"href":"https:\/\/semmelweis.hu\/mediasarok\/wp-json\/wp\/v2\/categories?post=6301"},{"taxonomy":"post_tag","embeddable":true,"href":"https:\/\/semmelweis.hu\/mediasarok\/wp-json\/wp\/v2\/tags?post=6301"}],"curies":[{"name":"wp","href":"https:\/\/api.w.org\/{rel}","templated":true}]}}