{"id":6284,"date":"2011-06-21T10:31:36","date_gmt":"2011-06-21T09:31:36","guid":{"rendered":"http:\/\/mediasarok.sote.hu\/?p=6284"},"modified":"2025-10-28T10:42:50","modified_gmt":"2025-10-28T09:42:50","slug":"nevetesben-nem-ismerjuk-a-trefat-ii-sz-gyermekklinika-a-muzeumok-ejszakajan","status":"publish","type":"post","link":"https:\/\/semmelweis.hu\/mediasarok\/2011\/06\/21\/nevetesben-nem-ismerjuk-a-trefat-ii-sz-gyermekklinika-a-muzeumok-ejszakajan\/","title":{"rendered":"Nevet\u00e9sben nem ismerj\u00fck a tr\u00e9f\u00e1t: II. Sz. Gyermekklinika a M\u00fazeumok \u00c9jszak\u00e1j\u00e1n"},"content":{"rendered":"<p style=\"text-align: justify\"><a href=\"https:\/\/semmelweis.hu\/wp-content\/blogs.dir\/106\/files\/2011\/06\/tuzolto_web.jpg\"><img loading=\"lazy\" decoding=\"async\" class=\"alignleft size-medium wp-image-6289\" src=\"https:\/\/semmelweis.hu\/wp-content\/blogs.dir\/106\/files\/2011\/06\/tuzolto_web-300x225.jpg\" alt=\"\" width=\"300\" height=\"225\" srcset=\"https:\/\/semmelweis.hu\/mediasarok\/files\/2011\/06\/tuzolto_web-300x225.jpg 300w, https:\/\/semmelweis.hu\/mediasarok\/files\/2011\/06\/tuzolto_web.jpg 500w\" sizes=\"auto, (max-width: 300px) 100vw, 300px\" \/><\/a>K\u00e9t j\u00f3 szomsz\u00e9d, a Semmelweis Egyetem II. Sz. Gyermekklinika (T\u0171zolt\u00f3 utcai Gyermekklinika) \u00e9s a Holokauszt Eml\u00e9kk\u00f6zpont k\u00f6z\u00f6s csal\u00e1di d\u00e9lut\u00e1nt rendez a M\u00fazeumok \u00c9jszak\u00e1ja bevezet\u0151jek\u00e9nt. Az Eml\u00e9kk\u00f6zpontban 16 \u00f3r\u00e1t\u00f3l Fessetek \u00e9s nevessetek c\u00edmmel a gyerekek r\u00f6gt\u00f6nz\u00f6tt, h\u00f3feh\u00e9r k\u00f3rterm\u00fcnket var\u00e1zsolhatj\u00e1k sz\u00ednesebb\u00e9, k\u00f6zben a feln\u0151ttek tesztelhetik aktu\u00e1lis emp\u00e1tia szintj\u00fcket. 17 \u00f3ra 30 perct\u0151l a B\u00fag\u00f3csiga Zenede gyermekkoncertje k\u00f6vetkezik (az \u00f6t kiv\u00e1l\u00f3 zeneakad\u00e9mist\u00e1t a M\u00dcPA Cifra palot\u00e1j\u00e1ban ismerhett\u00fck meg). K\u00f6zben Feh\u00e9r kereszt c\u00edmmel az Imagine Budapest szervez\u00e9s\u00e9ben s\u00e9t\u00e1k indulnak a 125 \u00e9ves T\u0171zolt\u00f3 utcai Gyermekklinika megtekint\u00e9s\u00e9re. A s\u00e9t\u00e1k sor\u00e1n (16:30, 18:30, 19:30-t\u00f3l) az \u00e9rdekl\u0151d\u0151k megismerhetik a k\u00f3rh\u00e1z \u00e9s a k\u00f6rny\u00e9k t\u00f6rt\u00e9net\u00e9t, \u00e9p\u00edt\u00e9szeti jellegzetess\u00e9geit, Rosk\u00f3 G\u00e1bor gyerekeknek k\u00e9sz\u00edtett alkot\u00e1sait.<\/p>\n<p style=\"text-align: justify\">Id\u0151pont: 2011. j\u00fanius 24. 16 \u00f3r\u00e1t\u00f3l<br \/>\nHelysz\u00edn: 1094 Budapest, P\u00e1va utca 39. (S\u00e9t\u00e1k is innen indulnak.)<br \/>\nBel\u00e9p\u0151: Feln\u0151tt 1400 Ft, Di\u00e1k 600 Ft, 6 \u00e9ves kor alatt ingyenes<br \/>\n(A helysz\u00ednen a program el\u0151tt megv\u00e1s\u00e1rolt bel\u00e9p\u0151 minden M\u00fazeumok \u00c9jszak\u00e1ja rendezv\u00e9nyhelysz\u00ednen \u00e9rv\u00e9nyes.)<\/p>\n","protected":false},"excerpt":{"rendered":"<p><a href=\"https:\/\/semmelweis.hu\/wp-content\/blogs.dir\/106\/files\/2011\/06\/tuzolto_web.jpg\"><\/a> K\u00e9t j\u00f3 szomsz\u00e9d, a Semmelweis Egyetem II. Sz. Gyermekklinika (T\u0171zolt\u00f3 utcai Gyermekklinika) \u00e9s a Holokauszt Eml\u00e9kk\u00f6zpont k\u00f6z\u00f6s csal\u00e1di d\u00e9lut\u00e1nt rendez a M\u00fazeumok \u00c9jszak\u00e1ja bevezet\u0151jek\u00e9nt. Az Eml\u00e9kk\u00f6zpontban 16 \u00f3r\u00e1t\u00f3l Fessetek \u00e9s nevessetek c\u00edmmel a gyerekek r\u00f6gt\u00f6nz\u00f6tt, h\u00f3feh\u00e9r k\u00f3rterm\u00fcnket var\u00e1zsolhatj\u00e1k sz\u00ednesebb\u00e9, k\u00f6zben a feln\u0151ttek tesztelhetik aktu\u00e1lis emp\u00e1tia szintj\u00fcket. 17 \u00f3ra 30 perct\u0151l a B\u00fag\u00f3csiga Zenede gyermekkoncertje k\u00f6vetkezik &hellip;<\/p>\n","protected":false},"author":155,"featured_media":0,"comment_status":"closed","ping_status":"open","sticky":false,"template":"","format":"standard","meta":{"_acf_changed":false,"footnotes":""},"categories":[5],"tags":[733],"class_list":["post-6284","post","type-post","status-publish","format-standard","hentry","category-cikkek","tag-meghivo"],"acf":[],"_links":{"self":[{"href":"https:\/\/semmelweis.hu\/mediasarok\/wp-json\/wp\/v2\/posts\/6284","targetHints":{"allow":["GET"]}}],"collection":[{"href":"https:\/\/semmelweis.hu\/mediasarok\/wp-json\/wp\/v2\/posts"}],"about":[{"href":"https:\/\/semmelweis.hu\/mediasarok\/wp-json\/wp\/v2\/types\/post"}],"author":[{"embeddable":true,"href":"https:\/\/semmelweis.hu\/mediasarok\/wp-json\/wp\/v2\/users\/155"}],"replies":[{"embeddable":true,"href":"https:\/\/semmelweis.hu\/mediasarok\/wp-json\/wp\/v2\/comments?post=6284"}],"version-history":[{"count":2,"href":"https:\/\/semmelweis.hu\/mediasarok\/wp-json\/wp\/v2\/posts\/6284\/revisions"}],"predecessor-version":[{"id":173264,"href":"https:\/\/semmelweis.hu\/mediasarok\/wp-json\/wp\/v2\/posts\/6284\/revisions\/173264"}],"wp:attachment":[{"href":"https:\/\/semmelweis.hu\/mediasarok\/wp-json\/wp\/v2\/media?parent=6284"}],"wp:term":[{"taxonomy":"category","embeddable":true,"href":"https:\/\/semmelweis.hu\/mediasarok\/wp-json\/wp\/v2\/categories?post=6284"},{"taxonomy":"post_tag","embeddable":true,"href":"https:\/\/semmelweis.hu\/mediasarok\/wp-json\/wp\/v2\/tags?post=6284"}],"curies":[{"name":"wp","href":"https:\/\/api.w.org\/{rel}","templated":true}]}}