{"id":61364,"date":"2015-11-18T09:49:14","date_gmt":"2015-11-18T08:49:14","guid":{"rendered":"http:\/\/semmelweis.hu\/mediasarok\/?p=61364"},"modified":"2019-05-23T11:43:33","modified_gmt":"2019-05-23T09:43:33","slug":"iden-is-a-semmelweis-egyetem-vezeti-a-hvg-felsooktatasi-rangsorat","status":"publish","type":"post","link":"https:\/\/semmelweis.hu\/mediasarok\/2015\/11\/18\/iden-is-a-semmelweis-egyetem-vezeti-a-hvg-felsooktatasi-rangsorat\/","title":{"rendered":"Id\u00e9n is a Semmelweis Egyetem vezeti a HVG fels\u0151oktat\u00e1si rangsor\u00e1t"},"content":{"rendered":"<p>Ism\u00e9t a Semmelweis Egyetem vezeti a HVG friss, hallgat\u00f3i \u00e9s oktat\u00f3i kiv\u00e1l\u00f3s\u00e1g alapj\u00e1n k\u00e9sz\u00fclt \u00f6sszes\u00edtett <a href=\"http:\/\/eduline.hu\/felsooktatas\/2015\/11\/18\/HVG_Diploma_rangsor_2016_DKWCB9\" target=\"_blank\" rel=\"noopener noreferrer\">fels\u0151oktat\u00e1si rangsor\u00e1t<\/a>. Az int\u00e9zm\u00e9ny t\u00f6bb m\u00e1s kateg\u00f3ri\u00e1ban is a lista \u00e9l\u00e9n v\u00e9gzett.<\/p>\n<p>Az \u00c1ltal\u00e1nos Orvostudom\u00e1nyi Kar a karok rangsor\u00e1ban, valamint az orvosi \u00e9s eg\u00e9szs\u00e9gtudom\u00e1nyi k\u00e9pz\u00e9ster\u00fcleten is az els\u0151 helyen \u00e1ll. A felvettek pont\u00e1tlaga itt a legmagasabb, valamint ide jelentkeztek a legt\u00f6bben els\u0151 helyen. Az \u00e1ltal\u00e1nos orvos osztatlan szakos rangsort is a SE \u00c1OK vezeti.<\/p>\n<p><a href=\"https:\/\/semmelweis.hu\/mediasarok\/files\/2015\/11\/RS7787_20131105-IMG_5025-tehetsegnap-scr.jpg\"><img loading=\"lazy\" decoding=\"async\" class=\"alignright wp-image-61365 size-medium\" src=\"https:\/\/semmelweis.hu\/mediasarok\/files\/2015\/11\/RS7787_20131105-IMG_5025-tehetsegnap-scr-300x200.jpg\" alt=\"RS7787_20131105-IMG_5025-tehetsegnap-scr\" width=\"300\" height=\"200\" srcset=\"https:\/\/semmelweis.hu\/mediasarok\/files\/2015\/11\/RS7787_20131105-IMG_5025-tehetsegnap-scr-300x200.jpg 300w, https:\/\/semmelweis.hu\/mediasarok\/files\/2015\/11\/RS7787_20131105-IMG_5025-tehetsegnap-scr-450x300.jpg 450w, https:\/\/semmelweis.hu\/mediasarok\/files\/2015\/11\/RS7787_20131105-IMG_5025-tehetsegnap-scr.jpg 950w\" sizes=\"auto, (max-width: 300px) 100vw, 300px\" \/><\/a>Az \u00e1pol\u00e1s \u00e9s betegell\u00e1t\u00e1s alapszakok \u00f6sszehasonl\u00edt\u00e1s\u00e1ban a Semmelweis Egyetem Eg\u00e9szs\u00e9gtudom\u00e1nyi Kara \u00e1ll az \u00e9len, m\u00edg az eg\u00e9szs\u00e9g\u00fcgyi szervez\u0151 alapszakos rangsort az egyetem Eg\u00e9szs\u00e9g\u00fcgyi K\u00f6zszolg\u00e1lati Kara vezeti. Az orvos \u00e9s eg\u00e9szs\u00e9gtudom\u00e1nyi k\u00e9pz\u00e9si ter\u00fcleten a hallgat\u00f3k eredm\u00e9nyeit figyelembe v\u00e9ve a Fogorvostudom\u00e1nyi Kar v\u00e9gzett a m\u00e1sodik, az Eg\u00e9szs\u00e9gtudom\u00e1nyi Kar a nyolcadik, a Gy\u00f3gyszer\u00e9sztudom\u00e1nyi Kar pedig a kilencedik helyen.<\/p>\n<p>A HVG \u00f6sszes\u00edtett fels\u0151oktat\u00e1si rangsor\u00e1nak m\u00e1sodik hely\u00e9n az E\u00f6tv\u00f6s Lor\u00e1nd Tudom\u00e1nyegyetem \u00e1ll, melyet a Nemzeti K\u00f6zszolg\u00e1lati Egyetem, a Szegedi Tudom\u00e1nyegyetem \u00e9s a P\u00e9csi Tudom\u00e1nyegyetem k\u00f6vet.<\/p>\n<p>Fot\u00f3: Kov\u00e1cs Attila &#8211; Semmelweis Egyetem<\/p>\n","protected":false},"excerpt":{"rendered":"<p>Ism\u00e9t a Semmelweis Egyetem vezeti a HVG friss, hallgat\u00f3i \u00e9s oktat\u00f3i kiv\u00e1l\u00f3s\u00e1g alapj\u00e1n k\u00e9sz\u00fclt \u00f6sszes\u00edtett <a href=\"http:\/\/eduline.hu\/felsooktatas\/2015\/11\/18\/HVG_Diploma_rangsor_2016_DKWCB9\" target=\"_blank\" rel=\"noopener noreferrer\">fels\u0151oktat\u00e1si rangsor\u00e1t<\/a> . Az int\u00e9zm\u00e9ny t\u00f6bb m\u00e1s kateg\u00f3ri\u00e1ban is a lista \u00e9l\u00e9n v\u00e9gzett. Az \u00c1ltal\u00e1nos Orvostudom\u00e1nyi Kar a karok rangsor\u00e1ban, valamint az orvosi \u00e9s eg\u00e9szs\u00e9gtudom\u00e1nyi k\u00e9pz\u00e9ster\u00fcleten is az els\u0151 helyen \u00e1ll. A felvettek pont\u00e1tlaga itt a legmagasabb, valamint ide jelentkeztek a legt\u00f6bben &hellip;<\/p>\n","protected":false},"author":155,"featured_media":61365,"comment_status":"closed","ping_status":"closed","sticky":false,"template":"","format":"standard","meta":{"_acf_changed":false,"footnotes":""},"categories":[5],"tags":[734],"class_list":["post-61364","post","type-post","status-publish","format-standard","has-post-thumbnail","hentry","category-cikkek","tag-kozlemeny"],"acf":[],"_links":{"self":[{"href":"https:\/\/semmelweis.hu\/mediasarok\/wp-json\/wp\/v2\/posts\/61364","targetHints":{"allow":["GET"]}}],"collection":[{"href":"https:\/\/semmelweis.hu\/mediasarok\/wp-json\/wp\/v2\/posts"}],"about":[{"href":"https:\/\/semmelweis.hu\/mediasarok\/wp-json\/wp\/v2\/types\/post"}],"author":[{"embeddable":true,"href":"https:\/\/semmelweis.hu\/mediasarok\/wp-json\/wp\/v2\/users\/155"}],"replies":[{"embeddable":true,"href":"https:\/\/semmelweis.hu\/mediasarok\/wp-json\/wp\/v2\/comments?post=61364"}],"version-history":[{"count":4,"href":"https:\/\/semmelweis.hu\/mediasarok\/wp-json\/wp\/v2\/posts\/61364\/revisions"}],"predecessor-version":[{"id":93103,"href":"https:\/\/semmelweis.hu\/mediasarok\/wp-json\/wp\/v2\/posts\/61364\/revisions\/93103"}],"wp:featuredmedia":[{"embeddable":true,"href":"https:\/\/semmelweis.hu\/mediasarok\/wp-json\/wp\/v2\/media\/61365"}],"wp:attachment":[{"href":"https:\/\/semmelweis.hu\/mediasarok\/wp-json\/wp\/v2\/media?parent=61364"}],"wp:term":[{"taxonomy":"category","embeddable":true,"href":"https:\/\/semmelweis.hu\/mediasarok\/wp-json\/wp\/v2\/categories?post=61364"},{"taxonomy":"post_tag","embeddable":true,"href":"https:\/\/semmelweis.hu\/mediasarok\/wp-json\/wp\/v2\/tags?post=61364"}],"curies":[{"name":"wp","href":"https:\/\/api.w.org\/{rel}","templated":true}]}}