{"id":6115,"date":"2011-06-16T13:24:26","date_gmt":"2011-06-16T11:24:26","guid":{"rendered":"http:\/\/mediasarok.sote.hu\/multimedia\/kepek\/a-net-csatlakozott-a-tavhohoz\/"},"modified":"2020-03-31T12:21:27","modified_gmt":"2020-03-31T10:21:27","slug":"a-net-csatlakozott-a-tavhohoz","status":"publish","type":"post","link":"https:\/\/semmelweis.hu\/mediasarok\/2011\/06\/16\/a-net-csatlakozott-a-tavhohoz\/","title":{"rendered":"A NET csatlakozott a t\u00e1vh\u0151h\u00f6z"},"content":{"rendered":"<p>\u00daj h\u0151k\u00f6zpontot \u00e9s szab\u00e1lyoz\u00f3 rendszert kapott a Semmelweis Egyetem Nagyv\u00e1rad t\u00e9ri Elm\u00e9leti T\u00f6mbje, a r\u00e9gi, g\u0151z\u00fczem\u0171 berendez\u00e9seket pedig melegv\u00edz \u00fczem\u0171re cser\u00e9lt\u00e9k. Az \u00e9p\u00fclet h\u0151ell\u00e1t\u00e1s\u00e1t kor\u00e1bban g\u0151zzel biztos\u00edtott\u00e1k a Heim P\u00e1l K\u00f3rh\u00e1zb\u00f3l.<\/p>\n\r\n        [slb_exclude]\r\n        <div class=\"row galeria-wrapper mx-0 h-auto\">\r\n            <div class=\"col-9 pl-0 pr-2\">\r\n            <span class=\"gallery-item frame\">\r\n\t\t\t\t<div class=\"galeria-left-img\"><a href=\"https:\/\/semmelweis.hu\/mediasarok\/files\/2011\/06\/img_9566.jpg\"><img src=https:\/\/semmelweis.hu\/mediasarok\/files\/2011\/06\/img_9566.jpg  \r\n                            alt=\"A NET csatlakozott a t\u00e1vh\u0151h\u00f6z\" \r\n                            class=\"attachment-sote-gallery-big size-sote-gallery-big\" \r\n                            srcset=\"https:\/\/semmelweis.hu\/mediasarok\/files\/2011\/06\/img_9566-200x300.jpg 200w, https:\/\/semmelweis.hu\/mediasarok\/files\/2011\/06\/img_9566-682x1024.jpg 682w\" ><\/a><\/div>\r\n            <\/span>\r\n\r\n            <\/div>\r\n\r\n\t\t\t<div class=\"col-3 pl-0 pr-0\">\r\n\t\t\t\t<div class=\"galeria-right-img d-flex justify-content-between flex-column h-100 w-100 px-0 mx-0 \">\r\n                <div class=\"galeria-box\">\r\n\t\t\t\t\t<h3 class=\"galeria-title\">Gal\u00e9ria<\/h3>\r\n\t\t\t\t\t<div class=\"galeria-subtitle\">\r\n\r\n\t\t\t\t\t\t<div class=\"galeria-page-counter\"><span>4<\/span>k\u00e9p<\/div>\r\n                    <\/div> <\/div>\r\n                    <span class=\"gallery-item frame d-none d-md-flex\">\r\n\t\t\t\t\t<div class=\"galeria-small-img mt-0\"><a href=\"https:\/\/semmelweis.hu\/mediasarok\/files\/2011\/06\/img_9551.jpg\"><img src=https:\/\/semmelweis.hu\/mediasarok\/files\/2011\/06\/img_9551.jpg \r\n                                alt=\"A NET csatlakozott a t\u00e1vh\u0151h\u00f6z\"  \r\n                                class=\"attachment-sote-gallery-small size-sote-gallery-small\" \r\n                                srcset=\"https:\/\/semmelweis.hu\/mediasarok\/files\/2011\/06\/img_9551-300x200.jpg 300w, https:\/\/semmelweis.hu\/mediasarok\/files\/2011\/06\/img_9551-1024x682.jpg 1024w, https:\/\/semmelweis.hu\/mediasarok\/files\/2011\/06\/img_9551-450x300.jpg 450w\" ><\/a><\/div>\r\n                    <\/span>\r\n                    <span class=\"gallery-item frame d-none d-md-flex\">\r\n\t\t\t\t\t<div class=\"galeria-small-img mt-0\"><a href=\"https:\/\/semmelweis.hu\/mediasarok\/files\/2011\/06\/img_9543.jpg\"><img src=https:\/\/semmelweis.hu\/mediasarok\/files\/2011\/06\/img_9543.jpg \r\n                                alt=\"A NET csatlakozott a t\u00e1vh\u0151h\u00f6z\" \r\n                                class=\"attachment-sote-gallery-small size-sote-gallery-small\" \r\n                                srcset=\"https:\/\/semmelweis.hu\/mediasarok\/files\/2011\/06\/img_9543-300x200.jpg 300w, https:\/\/semmelweis.hu\/mediasarok\/files\/2011\/06\/img_9543-1024x682.jpg 1024w, https:\/\/semmelweis.hu\/mediasarok\/files\/2011\/06\/img_9543-450x300.jpg 450w\" ><\/a><\/div>\r\n                    <\/span>\r\n\r\n                <\/div>\r\n\r\n            <\/div>\r\n\r\n            <span class=\"gallery-item\"><div class=\"hidden\"><a href=\"https:\/\/semmelweis.hu\/mediasarok\/files\/2011\/06\/img_9542.jpg\">\r\n        <img src=https:\/\/semmelweis.hu\/mediasarok\/files\/2011\/06\/img_9542.jpg alt=\"A NET csatlakozott a t\u00e1vh\u0151h\u00f6z\" class=\"attachment-sote-gallery-big size-sote-gallery-big\" srcset=\"https:\/\/semmelweis.hu\/mediasarok\/files\/2011\/06\/img_9542-300x200.jpg 300w, https:\/\/semmelweis.hu\/mediasarok\/files\/2011\/06\/img_9542-1024x682.jpg 1024w, https:\/\/semmelweis.hu\/mediasarok\/files\/2011\/06\/img_9542-450x300.jpg 450w\" >\r\n        <\/a><\/div><\/span>\r\n            <\/div>\r\n\r\n            [\/slb_exclude]\r\n\t\n","protected":false},"excerpt":{"rendered":"<p>\u00daj h\u0151k\u00f6zpontot \u00e9s szab\u00e1lyoz\u00f3 rendszert kapott a Semmelweis Egyetem Nagyv\u00e1rad t\u00e9ri Elm\u00e9leti T\u00f6mbje, a r\u00e9gi, g\u0151z\u00fczem\u0171 berendez\u00e9seket pedig melegv\u00edz \u00fczem\u0171re cser\u00e9lt\u00e9k. Az \u00e9p\u00fclet h\u0151ell\u00e1t\u00e1s\u00e1t kor\u00e1bban g\u0151zzel biztos\u00edtott\u00e1k a Heim P\u00e1l K\u00f3rh\u00e1zb\u00f3l.<\/p>\n","protected":false},"author":155,"featured_media":39552,"comment_status":"closed","ping_status":"open","sticky":false,"template":"","format":"standard","meta":{"_acf_changed":false,"footnotes":""},"categories":[413],"tags":[728],"class_list":["post-6115","post","type-post","status-publish","format-standard","has-post-thumbnail","hentry","category-galeria","tag-pozitiv"],"acf":[],"_links":{"self":[{"href":"https:\/\/semmelweis.hu\/mediasarok\/wp-json\/wp\/v2\/posts\/6115","targetHints":{"allow":["GET"]}}],"collection":[{"href":"https:\/\/semmelweis.hu\/mediasarok\/wp-json\/wp\/v2\/posts"}],"about":[{"href":"https:\/\/semmelweis.hu\/mediasarok\/wp-json\/wp\/v2\/types\/post"}],"author":[{"embeddable":true,"href":"https:\/\/semmelweis.hu\/mediasarok\/wp-json\/wp\/v2\/users\/155"}],"replies":[{"embeddable":true,"href":"https:\/\/semmelweis.hu\/mediasarok\/wp-json\/wp\/v2\/comments?post=6115"}],"version-history":[{"count":5,"href":"https:\/\/semmelweis.hu\/mediasarok\/wp-json\/wp\/v2\/posts\/6115\/revisions"}],"predecessor-version":[{"id":94192,"href":"https:\/\/semmelweis.hu\/mediasarok\/wp-json\/wp\/v2\/posts\/6115\/revisions\/94192"}],"wp:featuredmedia":[{"embeddable":true,"href":"https:\/\/semmelweis.hu\/mediasarok\/wp-json\/wp\/v2\/media\/39552"}],"wp:attachment":[{"href":"https:\/\/semmelweis.hu\/mediasarok\/wp-json\/wp\/v2\/media?parent=6115"}],"wp:term":[{"taxonomy":"category","embeddable":true,"href":"https:\/\/semmelweis.hu\/mediasarok\/wp-json\/wp\/v2\/categories?post=6115"},{"taxonomy":"post_tag","embeddable":true,"href":"https:\/\/semmelweis.hu\/mediasarok\/wp-json\/wp\/v2\/tags?post=6115"}],"curies":[{"name":"wp","href":"https:\/\/api.w.org\/{rel}","templated":true}]}}