{"id":6100,"date":"2011-06-16T12:30:27","date_gmt":"2011-06-16T11:30:27","guid":{"rendered":"http:\/\/mediasarok.sote.hu\/?p=6100"},"modified":"2020-03-31T12:21:27","modified_gmt":"2020-03-31T10:21:27","slug":"budapest-legmagasabb-kozepulete-csatlakozott-a-tavhore-meghivo","status":"publish","type":"post","link":"https:\/\/semmelweis.hu\/mediasarok\/2011\/06\/16\/budapest-legmagasabb-kozepulete-csatlakozott-a-tavhore-meghivo\/","title":{"rendered":"Budapest legmagasabb k\u00f6z\u00e9p\u00fclete csatlakozott a t\u00e1vh\u0151re"},"content":{"rendered":"<p style=\"text-align: justify\"><a href=\"https:\/\/semmelweis.hu\/wp-content\/blogs.dir\/106\/files\/2011\/06\/IMG_9566.jpg\"><img loading=\"lazy\" decoding=\"async\" class=\"alignleft size-medium wp-image-6103\" src=\"https:\/\/semmelweis.hu\/wp-content\/blogs.dir\/106\/files\/2011\/06\/IMG_9566-200x300.jpg\" alt=\"\" width=\"200\" height=\"300\" srcset=\"https:\/\/semmelweis.hu\/mediasarok\/files\/2011\/06\/IMG_9566-200x300.jpg 200w, https:\/\/semmelweis.hu\/mediasarok\/files\/2011\/06\/IMG_9566-682x1024.jpg 682w\" sizes=\"auto, (max-width: 200px) 100vw, 200px\" \/><\/a>\u00daj h\u0151k\u00f6zpontot \u00e9s szab\u00e1lyoz\u00f3 rendszert kapott a Semmelweis Egyetem Nagyv\u00e1rad t\u00e9ri Elm\u00e9leti T\u00f6mbje, a r\u00e9gi, g\u0151z\u00fczem\u0171 berendez\u00e9seket pedig melegv\u00edz \u00fczem\u0171re cser\u00e9lt\u00e9k. Az \u00e9p\u00fclet h\u0151ell\u00e1t\u00e1s\u00e1t kor\u00e1bban g\u0151zzel biztos\u00edtott\u00e1k a Heim P\u00e1l K\u00f3rh\u00e1zb\u00f3l. Az elm\u00falt \u00e9vekben a t\u00e1vf\u0171t\u00e9si h\u0151ig\u00e9ny orsz\u00e1gszerte cs\u00f6kkent, \u00edgy \u00faj k\u00f6z\u00e9p\u00fcletek csatlakozhatnak a t\u00e1vh\u0151rendszerhez. Az int\u00e9zm\u00e9ny h\u0151energia felhaszn\u00e1l\u00e1sa kisebb sz\u00e9n-dioxid kibocs\u00e1t\u00e1ssal \u00e9s gazdas\u00e1gi haszonnal is j\u00e1r. Az \u00e1talak\u00edt\u00e1ssal n\u00e9gyzetm\u00e9tereket is nyert az egyetem, amelyen a K\u00eds\u00e9rletes M\u0171t\u00e9ttani Int\u00e9zet egyik oktat\u00f3terme m\u0171k\u00f6dik.<\/p>\n<p>Inform\u00e1ci\u00f3: Kov\u00e1cs Enik\u0151 70-382-9002-es telefonsz\u00e1mon vagy a kovacsen@budapest.hu e-mail c\u00edmen 2011. j\u00fanius 16-\u00e1n, 12 \u00f3r\u00e1ig.<\/p>\n","protected":false},"excerpt":{"rendered":"<p><a href=\"https:\/\/semmelweis.hu\/wp-content\/blogs.dir\/106\/files\/2011\/06\/IMG_9566.jpg\"><\/a> \u00daj h\u0151k\u00f6zpontot \u00e9s szab\u00e1lyoz\u00f3 rendszert kapott a Semmelweis Egyetem Nagyv\u00e1rad t\u00e9ri Elm\u00e9leti T\u00f6mbje, a r\u00e9gi, g\u0151z\u00fczem\u0171 berendez\u00e9seket pedig melegv\u00edz \u00fczem\u0171re cser\u00e9lt\u00e9k. Az \u00e9p\u00fclet h\u0151ell\u00e1t\u00e1s\u00e1t kor\u00e1bban g\u0151zzel biztos\u00edtott\u00e1k a Heim P\u00e1l K\u00f3rh\u00e1zb\u00f3l. Az elm\u00falt \u00e9vekben a t\u00e1vf\u0171t\u00e9si h\u0151ig\u00e9ny orsz\u00e1gszerte cs\u00f6kkent, \u00edgy \u00faj k\u00f6z\u00e9p\u00fcletek csatlakozhatnak a t\u00e1vh\u0151rendszerhez. Az int\u00e9zm\u00e9ny h\u0151energia felhaszn\u00e1l\u00e1sa kisebb sz\u00e9n-dioxid kibocs\u00e1t\u00e1ssal \u00e9s gazdas\u00e1gi haszonnal &hellip;<\/p>\n","protected":false},"author":155,"featured_media":6102,"comment_status":"closed","ping_status":"open","sticky":false,"template":"","format":"standard","meta":{"_acf_changed":false,"footnotes":""},"categories":[5],"tags":[734],"class_list":["post-6100","post","type-post","status-publish","format-standard","has-post-thumbnail","hentry","category-cikkek","tag-kozlemeny"],"acf":[],"_links":{"self":[{"href":"https:\/\/semmelweis.hu\/mediasarok\/wp-json\/wp\/v2\/posts\/6100","targetHints":{"allow":["GET"]}}],"collection":[{"href":"https:\/\/semmelweis.hu\/mediasarok\/wp-json\/wp\/v2\/posts"}],"about":[{"href":"https:\/\/semmelweis.hu\/mediasarok\/wp-json\/wp\/v2\/types\/post"}],"author":[{"embeddable":true,"href":"https:\/\/semmelweis.hu\/mediasarok\/wp-json\/wp\/v2\/users\/155"}],"replies":[{"embeddable":true,"href":"https:\/\/semmelweis.hu\/mediasarok\/wp-json\/wp\/v2\/comments?post=6100"}],"version-history":[{"count":1,"href":"https:\/\/semmelweis.hu\/mediasarok\/wp-json\/wp\/v2\/posts\/6100\/revisions"}],"predecessor-version":[{"id":93669,"href":"https:\/\/semmelweis.hu\/mediasarok\/wp-json\/wp\/v2\/posts\/6100\/revisions\/93669"}],"wp:featuredmedia":[{"embeddable":true,"href":"https:\/\/semmelweis.hu\/mediasarok\/wp-json\/wp\/v2\/media\/6102"}],"wp:attachment":[{"href":"https:\/\/semmelweis.hu\/mediasarok\/wp-json\/wp\/v2\/media?parent=6100"}],"wp:term":[{"taxonomy":"category","embeddable":true,"href":"https:\/\/semmelweis.hu\/mediasarok\/wp-json\/wp\/v2\/categories?post=6100"},{"taxonomy":"post_tag","embeddable":true,"href":"https:\/\/semmelweis.hu\/mediasarok\/wp-json\/wp\/v2\/tags?post=6100"}],"curies":[{"name":"wp","href":"https:\/\/api.w.org\/{rel}","templated":true}]}}