{"id":60455,"date":"2015-10-13T09:41:31","date_gmt":"2015-10-13T07:41:31","guid":{"rendered":"http:\/\/semmelweis.hu\/mediasarok\/?p=60455"},"modified":"2019-05-23T11:46:57","modified_gmt":"2019-05-23T09:46:57","slug":"5d-ultrahangkeszulek-atadasa-az-i-sz-gyermekgyogyaszati-klinikan-meghivo","status":"publish","type":"post","link":"https:\/\/semmelweis.hu\/mediasarok\/2015\/10\/13\/5d-ultrahangkeszulek-atadasa-az-i-sz-gyermekgyogyaszati-klinikan-meghivo\/","title":{"rendered":"5D ultrahangk\u00e9sz\u00fcl\u00e9k \u00e1tad\u00e1sa az I. Sz. Gyermekgy\u00f3gy\u00e1szati Klinik\u00e1n &#8211; megh\u00edv\u00f3"},"content":{"rendered":"<p>MEGH\u00cdV\u00d3<\/p>\n<p>A magzati fejl\u0151d\u00e9si rendelleness\u00e9gek hat\u00e9konyabb vizsg\u00e1lat\u00e1t teszi lehet\u0151v\u00e9 az a 30 milli\u00f3 forintos 5D ultrahangk\u00e9sz\u00fcl\u00e9k, melyet a Samsung magyarorsz\u00e1gi forgalmaz\u00f3j\u00e1val, a Sonarmeddel k\u00f6z\u00f6sen helyez ki t\u00e9r\u00edt\u00e9smentesen a Semmelweis Egyetem I. Sz. Sz\u00fcl\u00e9szeti \u00e9s N\u0151gy\u00f3gy\u00e1szati Klinik\u00e1j\u00e1ra. A k\u00e9sz\u00fcl\u00e9ket az orvosk\u00e9pz\u00e9sben is haszn\u00e1lj\u00e1k majd, l\u00e9trej\u00f6n a Samsung Healthcare Ultrahang Tov\u00e1bbk\u00e9pz\u0151 K\u00f6zpont.<\/p>\n<p><strong>\u00c1tad\u00e1s id\u0151pontja:<\/strong>\u00a02015. okt\u00f3ber 14. szerda 14.00 \u00f3ra<\/p>\n<p><strong>Helysz\u00edn:\u00a0<\/strong>Semmelweis Egyetem, I. Sz. Sz\u00fcl\u00e9szeti \u00e9s N\u0151gy\u00f3gy\u00e1szati Klinika<br \/>\nBudapest, Baross utca 27. I. emelet<\/p>\n<p>1. Magyar Levente, gazdas\u00e1gdiplom\u00e1ci\u00e1\u00e9rt felel\u0151s \u00e1llamtitk\u00e1r (K\u00fclgazdas\u00e1gi \u00e9s K\u00fcl\u00fcgyminiszt\u00e9rium) k\u00f6sz\u00f6nti az esem\u00e9nyt<br \/>\n2. Lee Woochul, a Koreai K\u00f6zt\u00e1rsas\u00e1g nagyk\u00f6vet\u00e9nek tan\u00e1csosa \u00fcdv\u00f6zli az Ultrahang Tov\u00e1bbk\u00e9pz\u0151 K\u00f6zpont l\u00e9trej\u00f6tt\u00e9t<br \/>\n3. Wayne Spittle, a Samsung Healthcare \u00fcgyvezet\u0151 aleln\u00f6k\u00e9nek k\u00f6sz\u00f6nt\u00e9se<br \/>\n4. Dr. Rig\u00f3 J\u00e1nos egyetemi tan\u00e1r, klinikaigazgat\u00f3 (Semmelweis Egyetem, I. Sz. Sz\u00fcl\u00e9szeti \u00e9s N\u0151gy\u00f3gy\u00e1szati Klinika) ismerteti a Samsung \u00e9s a I. Sz. Sz\u00fcl\u00e9szeti \u00e9s N\u0151gy\u00f3gy\u00e1szati Klinika k\u00f6z\u00f6tti egy\u00fcttm\u0171k\u00f6d\u00e9s t\u00f6rt\u00e9net\u00e9t<br \/>\n5. Dr. B\u00e9rczi Viktor egyetemi tan\u00e1r, klinikaigazgat\u00f3 (Semmelweis Egyetem, Radiol\u00f3giai Klinika) besz\u00e9l a Radiol\u00f3giai Klinik\u00e1ra a Samsung c\u00e9ggel k\u00f6z\u00f6sen tervezett Ultrahang Tov\u00e1bbk\u00e9pz\u0151 K\u00f6zpontr\u00f3l<br \/>\n6. A k\u00e9sz\u00fcl\u00e9k bemutat\u00e1sa vizsg\u00e1lat k\u00f6zben, interj\u00fak.<br \/>\n(Az \u00fcnnepi besz\u00e9dek v\u00e1rhat\u00f3an 14:20-ig tartanak.)<\/p>\n<p>Magyarorsz\u00e1gon csup\u00e1n n\u00e9h\u00e1ny 5D ultrahang k\u00e9sz\u00fcl\u00e9k m\u0171k\u00f6dik a mag\u00e1n n\u0151gy\u00f3gy\u00e1szati rendel\u0151kben, ez\u00e9rt kiemelt jelent\u0151s\u00e9ggel b\u00edr a jelenlegi fejleszt\u00e9s, hiszen mostant\u00f3l a TB ell\u00e1t\u00e1sban r\u00e9sztvev\u0151 vesz\u00e9lyeztetett terhesek sz\u00e1m\u00e1ra is el\u00e9rhet\u0151 lesz a legfejlettebb diagnosztikus ell\u00e1t\u00e1s.<\/p>\n<p>A Semmelweis Egyetem I. Sz. Sz\u00fcl\u00e9szeti \u00e9s N\u0151gy\u00f3gy\u00e1szati Klinik\u00e1ja a legmagasabb progresszivit\u00e1si szinten \u00e1ll\u00f3 betegell\u00e1t\u00e1si int\u00e9zm\u00e9ny, ahova nagy sz\u00e1mban \u00e9rkeznek az orsz\u00e1g eg\u00e9sz ter\u00fclet\u00e9r\u0151l patol\u00f3gi\u00e1s terhess\u00e9get visel\u0151 v\u00e1rand\u00f3sok, k\u00f6zt\u00fck sokukn\u00e1l k\u00fcl\u00f6nb\u00f6z\u0151 fejl\u0151d\u00e9si rendelleness\u00e9gek mutathat\u00f3k ki. \u00c9vente t\u00f6bb sz\u00e1z ilyen v\u00e1rand\u00f3s magzat\u00e1t vizsg\u00e1ljuk.<\/p>\n<p>A k\u00e9sz\u00fcl\u00e9k Ultrahang Tov\u00e1bbk\u00e9pz\u0151 K\u00f6zpont keret\u00e9ben ker\u00fcl a klinik\u00e1ra, ahol \u00e9vente t\u00f6bb elm\u00e9leti \u00e9s gyakorlati k\u00e9pz\u00e9s is t\u00f6rt\u00e9nik. A tanfolyamokon magyar \u00e9s k\u00fclf\u00f6ldi hallgat\u00f3k a legkorszer\u0171bb ultrahangk\u00e9sz\u00fcl\u00e9kekkel elsaj\u00e1t\u00edthatj\u00e1k a k\u00fcl\u00f6nb\u00f6z\u0151 korszer\u0171 vizsg\u00e1l\u00f3elj\u00e1r\u00e1sokat. Ezek k\u00f6z\u00e9 tartozik pl. a Samsung \u00e1ltal kifejlesztett 5D ultrahang technika, a sz\u00f6veti v\u00e9r\u00e1raml\u00e1s m\u00e9r\u00e9s, a k\u00fcl\u00f6nb\u00f6z\u0151 automatiz\u00e1lt \u00e9s f\u00e9lautomatikus t\u00e9rbeli \u00e1br\u00e1zol\u00e1sok \u00e9s m\u00e9r\u00e9sek. Az oktat\u00e1sban k\u00fclf\u00f6ldi \u00e9s hazai szakemberek vesznek r\u00e9szt. A rendezv\u00e9nyek a Samsung \u00e9s az I. Sz. Sz\u00fcl\u00e9szeti \u00e9s N\u0151gy\u00f3gy\u00e1szati Klinika k\u00f6z\u00f6s szervez\u00e9s\u00e9ben zajlanak.<\/p>\n","protected":false},"excerpt":{"rendered":"<p>MEGH\u00cdV\u00d3 A magzati fejl\u0151d\u00e9si rendelleness\u00e9gek hat\u00e9konyabb vizsg\u00e1lat\u00e1t teszi lehet\u0151v\u00e9 az a 30 milli\u00f3 forintos 5D ultrahangk\u00e9sz\u00fcl\u00e9k, melyet a Samsung magyarorsz\u00e1gi forgalmaz\u00f3j\u00e1val, a Sonarmeddel k\u00f6z\u00f6sen helyez ki t\u00e9r\u00edt\u00e9smentesen a Semmelweis Egyetem I. Sz. Sz\u00fcl\u00e9szeti \u00e9s N\u0151gy\u00f3gy\u00e1szati Klinik\u00e1j\u00e1ra. A k\u00e9sz\u00fcl\u00e9ket az orvosk\u00e9pz\u00e9sben is haszn\u00e1lj\u00e1k majd, l\u00e9trej\u00f6n a Samsung Healthcare Ultrahang Tov\u00e1bbk\u00e9pz\u0151 K\u00f6zpont. \u00c1tad\u00e1s id\u0151pontja:\u00a02015. okt\u00f3ber 14. szerda &hellip;<\/p>\n","protected":false},"author":155,"featured_media":60456,"comment_status":"closed","ping_status":"closed","sticky":false,"template":"","format":"standard","meta":{"_acf_changed":false,"footnotes":""},"categories":[5],"tags":[733],"class_list":["post-60455","post","type-post","status-publish","format-standard","has-post-thumbnail","hentry","category-cikkek","tag-meghivo"],"acf":[],"_links":{"self":[{"href":"https:\/\/semmelweis.hu\/mediasarok\/wp-json\/wp\/v2\/posts\/60455","targetHints":{"allow":["GET"]}}],"collection":[{"href":"https:\/\/semmelweis.hu\/mediasarok\/wp-json\/wp\/v2\/posts"}],"about":[{"href":"https:\/\/semmelweis.hu\/mediasarok\/wp-json\/wp\/v2\/types\/post"}],"author":[{"embeddable":true,"href":"https:\/\/semmelweis.hu\/mediasarok\/wp-json\/wp\/v2\/users\/155"}],"replies":[{"embeddable":true,"href":"https:\/\/semmelweis.hu\/mediasarok\/wp-json\/wp\/v2\/comments?post=60455"}],"version-history":[{"count":5,"href":"https:\/\/semmelweis.hu\/mediasarok\/wp-json\/wp\/v2\/posts\/60455\/revisions"}],"predecessor-version":[{"id":93109,"href":"https:\/\/semmelweis.hu\/mediasarok\/wp-json\/wp\/v2\/posts\/60455\/revisions\/93109"}],"wp:featuredmedia":[{"embeddable":true,"href":"https:\/\/semmelweis.hu\/mediasarok\/wp-json\/wp\/v2\/media\/60456"}],"wp:attachment":[{"href":"https:\/\/semmelweis.hu\/mediasarok\/wp-json\/wp\/v2\/media?parent=60455"}],"wp:term":[{"taxonomy":"category","embeddable":true,"href":"https:\/\/semmelweis.hu\/mediasarok\/wp-json\/wp\/v2\/categories?post=60455"},{"taxonomy":"post_tag","embeddable":true,"href":"https:\/\/semmelweis.hu\/mediasarok\/wp-json\/wp\/v2\/tags?post=60455"}],"curies":[{"name":"wp","href":"https:\/\/api.w.org\/{rel}","templated":true}]}}