{"id":60146,"date":"2015-10-08T10:54:11","date_gmt":"2015-10-08T08:54:11","guid":{"rendered":"http:\/\/semmelweis.hu\/mediasarok\/?p=60146"},"modified":"2019-05-23T11:47:29","modified_gmt":"2019-05-23T09:47:29","slug":"strategiai-egyuttmukodes-a-semmelweis-egyetem-es-az-orszagos-gyogyszereszeti-es-elelmezes-egeszsegugyi-intezet-kozott","status":"publish","type":"post","link":"https:\/\/semmelweis.hu\/mediasarok\/2015\/10\/08\/strategiai-egyuttmukodes-a-semmelweis-egyetem-es-az-orszagos-gyogyszereszeti-es-elelmezes-egeszsegugyi-intezet-kozott\/","title":{"rendered":"Egy\u00fcttm\u0171k\u00f6d\u00e9s a Semmelweis Egyetem \u00e9s az OGY\u00c9I k\u00f6z\u00f6tt"},"content":{"rendered":"<p>A mell\u00e9khat\u00e1s-jelent\u00e9sek sz\u00e1m\u00e1nak n\u00f6veked\u00e9s\u00e9t, nagyobb gy\u00f3gyszerbiztons\u00e1got, \u00faj tehets\u00e9ggondoz\u00f3 \u00f6szt\u00f6nd\u00edjprogram megjelen\u00e9s\u00e9t v\u00e1rj\u00e1k a felek att\u00f3l a strat\u00e9giai egy\u00fcttm\u0171k\u00f6d\u00e9st\u0151l, amelyet ma \u00edrt al\u00e1 dr. Pozsgay Csilla, a Gy\u00f3gyszer\u00e9szeti \u00e9s \u00c9lelmez\u00e9s-eg\u00e9szs\u00e9g\u00fcgyi Int\u00e9zet f\u0151igazgat\u00f3ja \u00e9s dr. Sz\u00e9l \u00c1goston a Semmelweis Egyetem rektora.<\/p>\n<p>A strat\u00e9giai egy\u00fcttm\u0171k\u00f6d\u00e9s f\u0151bb pill\u00e9rei az oktat\u00e1s, kutat\u00e1s ter\u00fcleteit, valamint a k\u00f6z\u00f6s tehets\u00e9ggondoz\u00e1st \u00f6lelik fel. Az egy\u00fcttm\u0171k\u00f6d\u00e9s kiterjed a gy\u00f3gyszer\u00e9szethez k\u00f6t\u0151d\u0151 min\u0151s\u00e9gbiztos\u00edt\u00e1si, gy\u00f3gyszer-enged\u00e9lyez\u00e9si, gy\u00f3gyszertechnol\u00f3giai, analitikai, oktat\u00e1si, kutat\u00e1si ter\u00fcleteken t\u00fal az egyetem betegell\u00e1t\u00e1st \u00e9rint\u0151 tev\u00e9kenys\u00e9geire is.<\/p>\n<p>Az egy\u00fcttm\u0171k\u00f6d\u00e9s c\u00e9lul t\u0171zi ki a betegell\u00e1t\u00e1s fontos ter\u00fcletek\u00e9nt a klinikai vizsg\u00e1latok hat\u00e9konys\u00e1g\u00e1nak jav\u00edt\u00e1s\u00e1t. A meg\u00e1llapod\u00e1sban kulcsszerepet kap a gy\u00f3gyszerek biztons\u00e1goss\u00e1g\u00e1t folyamatosan nyomon k\u00f6vet\u0151, azok kock\u00e1zat\u00e1nak cs\u00f6kkent\u00e9se \u00e9s el\u0151nyeinek n\u00f6vel\u00e9se \u00e9rdek\u00e9ben kifejtett tev\u00e9kenys\u00e9g, az \u00fan. farmakovigilancia jav\u00edt\u00e1sa. Ezzel szolg\u00e1lva a betegek biztons\u00e1gosabb gy\u00f3gyul\u00e1s\u00e1t, a gy\u00f3gyszeres ter\u00e1pia alkalmaz\u00e1s\u00e1t.<\/p>\n<p>Az OGY\u00c9I megalakul\u00e1s\u00e1val mind a gy\u00f3gyszer\u00e9szeti, mind az \u00e9trendkieg\u00e9sz\u00edt\u0151kkel kapcsolatos fel\u00fcgyelet egy k\u00e9zben van. Az egy\u00fcttm\u0171k\u00f6d\u00e9s \u00e1ltal az egyetemen m\u00e1r az oktat\u00e1s sor\u00e1n megismerkedhetnek \u00e9s eligaz\u00edt\u00e1st nyerhetnek a leend\u0151 eg\u00e9szs\u00e9g\u00fcgyi szakemberek az egyre szerte\u00e1gaz\u00f3bb\u00e1 \u00e9s bonyolultabb\u00e1 v\u00e1l\u00f3 \u00e9trendkieg\u00e9sz\u00edt\u0151-rendszerben, a gy\u00f3gy\u00edt\u00e1s sor\u00e1n pedig ezt seg\u00edt\u0151 ismereteket kaphatnak.<\/p>\n<p>Az eg\u00e9szs\u00e9g\u00fcgyi szakemberek itthon tart\u00e1s\u00e1t szolg\u00e1lja az egy\u00fcttm\u0171k\u00f6d\u00e9s keret\u00e9ben k\u00f6z\u00f6sen meghirdetett tehets\u00e9ggondoz\u00e1si program is, mely m\u00e1r az egyetemi \u00e9vek alatt az arra \u00e9rdekl\u0151d\u0151knek gyakorlati helyet \u00e9s ezt k\u00f6vet\u0151en biztos \u00e9letp\u00e1ly\u00e1t biztos\u00edt az OGY\u00c9I keretei k\u00f6z\u00f6tt.<\/p>\n","protected":false},"excerpt":{"rendered":"<p>A mell\u00e9khat\u00e1s-jelent\u00e9sek sz\u00e1m\u00e1nak n\u00f6veked\u00e9s\u00e9t, nagyobb gy\u00f3gyszerbiztons\u00e1got, \u00faj tehets\u00e9ggondoz\u00f3 \u00f6szt\u00f6nd\u00edjprogram megjelen\u00e9s\u00e9t v\u00e1rj\u00e1k a felek att\u00f3l a strat\u00e9giai egy\u00fcttm\u0171k\u00f6d\u00e9st\u0151l, amelyet ma \u00edrt al\u00e1 dr. Pozsgay Csilla, a Gy\u00f3gyszer\u00e9szeti \u00e9s \u00c9lelmez\u00e9s-eg\u00e9szs\u00e9g\u00fcgyi Int\u00e9zet f\u0151igazgat\u00f3ja \u00e9s dr. Sz\u00e9l \u00c1goston a Semmelweis Egyetem rektora. A strat\u00e9giai egy\u00fcttm\u0171k\u00f6d\u00e9s f\u0151bb pill\u00e9rei az oktat\u00e1s, kutat\u00e1s ter\u00fcleteit, valamint a k\u00f6z\u00f6s tehets\u00e9ggondoz\u00e1st \u00f6lelik fel. Az egy\u00fcttm\u0171k\u00f6d\u00e9s &hellip;<\/p>\n","protected":false},"author":155,"featured_media":60357,"comment_status":"closed","ping_status":"closed","sticky":false,"template":"","format":"standard","meta":{"_acf_changed":false,"footnotes":""},"categories":[5],"tags":[734],"class_list":["post-60146","post","type-post","status-publish","format-standard","has-post-thumbnail","hentry","category-cikkek","tag-kozlemeny"],"acf":[],"_links":{"self":[{"href":"https:\/\/semmelweis.hu\/mediasarok\/wp-json\/wp\/v2\/posts\/60146","targetHints":{"allow":["GET"]}}],"collection":[{"href":"https:\/\/semmelweis.hu\/mediasarok\/wp-json\/wp\/v2\/posts"}],"about":[{"href":"https:\/\/semmelweis.hu\/mediasarok\/wp-json\/wp\/v2\/types\/post"}],"author":[{"embeddable":true,"href":"https:\/\/semmelweis.hu\/mediasarok\/wp-json\/wp\/v2\/users\/155"}],"replies":[{"embeddable":true,"href":"https:\/\/semmelweis.hu\/mediasarok\/wp-json\/wp\/v2\/comments?post=60146"}],"version-history":[{"count":10,"href":"https:\/\/semmelweis.hu\/mediasarok\/wp-json\/wp\/v2\/posts\/60146\/revisions"}],"predecessor-version":[{"id":93110,"href":"https:\/\/semmelweis.hu\/mediasarok\/wp-json\/wp\/v2\/posts\/60146\/revisions\/93110"}],"wp:featuredmedia":[{"embeddable":true,"href":"https:\/\/semmelweis.hu\/mediasarok\/wp-json\/wp\/v2\/media\/60357"}],"wp:attachment":[{"href":"https:\/\/semmelweis.hu\/mediasarok\/wp-json\/wp\/v2\/media?parent=60146"}],"wp:term":[{"taxonomy":"category","embeddable":true,"href":"https:\/\/semmelweis.hu\/mediasarok\/wp-json\/wp\/v2\/categories?post=60146"},{"taxonomy":"post_tag","embeddable":true,"href":"https:\/\/semmelweis.hu\/mediasarok\/wp-json\/wp\/v2\/tags?post=60146"}],"curies":[{"name":"wp","href":"https:\/\/api.w.org\/{rel}","templated":true}]}}