{"id":59958,"date":"2015-09-25T09:49:51","date_gmt":"2015-09-25T07:49:51","guid":{"rendered":"http:\/\/semmelweis.hu\/mediasarok\/?p=59958"},"modified":"2019-05-23T11:49:23","modified_gmt":"2019-05-23T09:49:23","slug":"ujjaszervezett-klinikai-kozpont-a-semmelweis-egyetemen","status":"publish","type":"post","link":"https:\/\/semmelweis.hu\/mediasarok\/2015\/09\/25\/ujjaszervezett-klinikai-kozpont-a-semmelweis-egyetemen\/","title":{"rendered":"\u00dajj\u00e1szervezett Klinikai K\u00f6zpont a Semmelweis Egyetemen"},"content":{"rendered":"<p>Elfogadta a szen\u00e1tus a Semmelweis Egyetem \u00fajj\u00e1szervezett Klinikai K\u00f6zpontj\u00e1nak m\u0171k\u00f6d\u00e9si rendj\u00e9t (SzMR), amely lehet\u0151v\u00e9 teszi, hogy \u2013\u00a0az eddigi gyakorlatt\u00f3l elt\u00e9r\u0151en \u2013 a\u00a0klinikai rektorhelyettes legyen az operat\u00edv ir\u00e1ny\u00edt\u00f3ja a betegell\u00e1t\u00e1s szervez\u00e9s\u00e9nek.<\/p>\n<p>A szen\u00e1tus elfogadta az egyetem 2015-\u00f6s kieg\u00e9sz\u00edtett k\u00f6lts\u00e9gvet\u00e9s\u00e9t, 400 milli\u00f3 forintos k\u00fcl\u00f6n keretet biztos\u00edtva a klinikum gazd\u00e1lkod\u00e1si helyzet\u00e9nek jav\u00edt\u00e1s\u00e1ra, annak \u00e9rdek\u00e9ben, hogy a betegell\u00e1t\u00e1s hat\u00e9konys\u00e1ga n\u00f6vekedhessen.<\/p>\n<p>Id\u00e9n el\u0151sz\u00f6r egy\u00e9bk\u00e9nt, m\u00e9g az \u00e9v elej\u00e9n, egyens\u00falyi k\u00f6lts\u00e9gvet\u00e9st k\u00e9sz\u00edtett az egyetem. A korm\u00e1nyzati szakmapolitikai d\u00f6nt\u00e9snek megfelel\u0151en ugyanis a b\u00fcdzs\u00e9 csak olyan bev\u00e9telekre \u00e9p\u00fclhet, melyek tart\u00f3san, kisz\u00e1m\u00edthat\u00f3an \u00e9s hosszabb t\u00e1von jelentkeznek az egyetem gazd\u00e1lkod\u00e1s\u00e1ban. A szeml\u00e9letv\u00e1lt\u00e1s c\u00e9lja egyebek mellett az volt, hogy ne legyen eleve t\u00faltervezve a k\u00f6lts\u00e9gvet\u00e9s. A klinik\u00e1k \u00e9s int\u00e9zetek t\u00f6bbs\u00e9ge, meg\u00e9rtve a helyzetet t\u00f6bb l\u00e9p\u00e9st is tett a hat\u00e9konyabb m\u0171k\u00f6d\u00e9s \u00e9rdek\u00e9ben, az egyetem likvidit\u00e1si helyzete \u2013 a korm\u00e1nyzati \u00e9s a bels\u0151 int\u00e9zked\u00e9sek hat\u00e1s\u00e1ra &#8211; sz\u00e1mottev\u0151en javult, a lej\u00e1rt sz\u00e1ll\u00edt\u00f3i \u00e1llom\u00e1ny az \u00e9v eleji \u00f6sszeg 30 sz\u00e1zal\u00e9k\u00e1ra cs\u00f6kkent, melynek d\u00f6nt\u0151 r\u00e9sze 30 napon bel\u00fcli\u00a0esed\u00e9kess\u00e9g\u0171.<\/p>\n","protected":false},"excerpt":{"rendered":"<p>Elfogadta a szen\u00e1tus a Semmelweis Egyetem \u00fajj\u00e1szervezett Klinikai K\u00f6zpontj\u00e1nak m\u0171k\u00f6d\u00e9si rendj\u00e9t (SzMR), amely lehet\u0151v\u00e9 teszi, hogy \u2013\u00a0az eddigi gyakorlatt\u00f3l elt\u00e9r\u0151en \u2013 a\u00a0klinikai rektorhelyettes legyen az operat\u00edv ir\u00e1ny\u00edt\u00f3ja a betegell\u00e1t\u00e1s szervez\u00e9s\u00e9nek. A szen\u00e1tus elfogadta az egyetem 2015-\u00f6s kieg\u00e9sz\u00edtett k\u00f6lts\u00e9gvet\u00e9s\u00e9t, 400 milli\u00f3 forintos k\u00fcl\u00f6n keretet biztos\u00edtva a klinikum gazd\u00e1lkod\u00e1si helyzet\u00e9nek jav\u00edt\u00e1s\u00e1ra, annak \u00e9rdek\u00e9ben, hogy a betegell\u00e1t\u00e1s hat\u00e9konys\u00e1ga &hellip;<\/p>\n","protected":false},"author":155,"featured_media":59957,"comment_status":"closed","ping_status":"closed","sticky":false,"template":"","format":"standard","meta":{"_acf_changed":false,"footnotes":""},"categories":[5],"tags":[734],"class_list":["post-59958","post","type-post","status-publish","format-standard","has-post-thumbnail","hentry","category-cikkek","tag-kozlemeny"],"acf":[],"_links":{"self":[{"href":"https:\/\/semmelweis.hu\/mediasarok\/wp-json\/wp\/v2\/posts\/59958","targetHints":{"allow":["GET"]}}],"collection":[{"href":"https:\/\/semmelweis.hu\/mediasarok\/wp-json\/wp\/v2\/posts"}],"about":[{"href":"https:\/\/semmelweis.hu\/mediasarok\/wp-json\/wp\/v2\/types\/post"}],"author":[{"embeddable":true,"href":"https:\/\/semmelweis.hu\/mediasarok\/wp-json\/wp\/v2\/users\/155"}],"replies":[{"embeddable":true,"href":"https:\/\/semmelweis.hu\/mediasarok\/wp-json\/wp\/v2\/comments?post=59958"}],"version-history":[{"count":2,"href":"https:\/\/semmelweis.hu\/mediasarok\/wp-json\/wp\/v2\/posts\/59958\/revisions"}],"predecessor-version":[{"id":93114,"href":"https:\/\/semmelweis.hu\/mediasarok\/wp-json\/wp\/v2\/posts\/59958\/revisions\/93114"}],"wp:featuredmedia":[{"embeddable":true,"href":"https:\/\/semmelweis.hu\/mediasarok\/wp-json\/wp\/v2\/media\/59957"}],"wp:attachment":[{"href":"https:\/\/semmelweis.hu\/mediasarok\/wp-json\/wp\/v2\/media?parent=59958"}],"wp:term":[{"taxonomy":"category","embeddable":true,"href":"https:\/\/semmelweis.hu\/mediasarok\/wp-json\/wp\/v2\/categories?post=59958"},{"taxonomy":"post_tag","embeddable":true,"href":"https:\/\/semmelweis.hu\/mediasarok\/wp-json\/wp\/v2\/tags?post=59958"}],"curies":[{"name":"wp","href":"https:\/\/api.w.org\/{rel}","templated":true}]}}