{"id":5857,"date":"2011-06-09T15:11:14","date_gmt":"2011-06-09T14:11:14","guid":{"rendered":"http:\/\/mediasarok.sote.hu\/?p=5857"},"modified":"2025-10-28T11:05:14","modified_gmt":"2025-10-28T10:05:14","slug":"mumiak-testkozelben-kiallitas-es-atfogo-vizsgalat","status":"publish","type":"post","link":"https:\/\/semmelweis.hu\/mediasarok\/2011\/06\/09\/mumiak-testkozelben-kiallitas-es-atfogo-vizsgalat\/","title":{"rendered":"M\u00fami\u00e1k testk\u00f6zelben: Ki\u00e1ll\u00edt\u00e1s \u00e9s \u00e1tfog\u00f3 vizsg\u00e1lat"},"content":{"rendered":"<p style=\"text-align: justify\"><strong>A Sz\u00e9pm\u0171v\u00e9szeti M\u00fazeum gy\u0171jtem\u00e9ny\u00e9ben \u0151rz\u00f6tt n\u00e9gy m\u00fami\u00e1t, valamint az azokon nemr\u00e9g elv\u00e9gzett tudom\u00e1nyos vizsg\u00e1latok eredm\u00e9nyeit mutatja be a j\u00fanius 9-\u00e9n ny\u00edl\u00f3, k\u00fcl\u00f6nleges ki\u00e1ll\u00edt\u00e1s. A t\u00e1rlat seg\u00edt megismerni az egykor \u00e9lt egyiptomiak hitvil\u00e1g\u00e1t, a mumifik\u00e1l\u00e1s technik\u00e1j\u00e1t, a korszak halotti m\u0171v\u00e9szet\u00e9t, de az arcrekonstrukci\u00f3nak k\u00f6sz\u00f6nhet\u0151en a l\u00e1togat\u00f3k azt is megtudhatj\u00e1k: hogyan n\u00e9zett ki a t\u00f6bb ezer \u00e9vvel ezel\u0151tt elhunyt emberek egyike. \u00a0A t\u00e1rlathoz kapcsol\u00f3d\u00f3 3 dimenzi\u00f3s film \u00e1tfog\u00f3 k\u00e9pet ad arr\u00f3l, hogyan \u00e9s milyen m\u00f3dszerekkel vizsg\u00e1lt\u00e1k a n\u00e9gy m\u00fami\u00e1t \u00e9s milyen eredm\u00e9nyeket \u00e9rtek el a kutat\u00e1sok sor\u00e1n.<\/strong><\/p>\n<p style=\"text-align: justify\">A Sz\u00e9pm\u0171v\u00e9szeti M\u00fazeum ez \u00e9v elej\u00e9n ind\u00edtotta programj\u00e1t az Egyiptomi Gy\u0171jtem\u00e9nyben \u0151rz\u00f6tt n\u00e9gy m\u00famia \u00e1tfog\u00f3 vizsg\u00e1lat\u00e1t megc\u00e9lozva. A <strong>Budapest M\u00famia Projekt<\/strong> c\u00e9lja az volt, hogy \u201e\u00e9letre keltse\u201d a n\u00e9gy, az \u00f3kori Egyiptomban \u00e9lt embert, megismerje azok m\u00faltj\u00e1t, meghat\u00e1rozva az egyes mumifik\u00e1lt szem\u00e9lyek biol\u00f3giai jellegzetess\u00e9geit: egykori von\u00e1saikat (arcrekonstrukci\u00f3), esetleges betegs\u00e9geiket, hal\u00e1luk idej\u00e9t, ok\u00e1t valamint k\u00f6r\u00fclm\u00e9nyeit, tov\u00e1bb\u00e1 a testek mumifik\u00e1l\u00e1s\u00e1nak menet\u00e9t \u00e9s technik\u00e1j\u00e1t. A <strong>vizsg\u00e1latsorozatban az egyiptol\u00f3giai tanulm\u00e1nyok mellett<\/strong> term\u00e9szettudom\u00e1nyos \u00e9s orvos-diagnosztikai m\u00f3dszereket is alkalmaztak a mumifik\u00e1lt testek min\u00e9l sz\u00e9lesebb k\u00f6r\u0171 megismer\u00e9se c\u00e9lj\u00e1b\u00f3l, amely \u00edgy t\u00f6bbek k\u00f6z\u00f6tt mag\u00e1ban foglalta a <strong>computer-tomogr\u00e1fiai, sz\u00f6vettani \u00e9s radiokarbon kormeghat\u00e1roz\u00e1si vizsg\u00e1latokat, de a DNS kutat\u00e1sokra is kiterjedt.<\/strong> A programban a Sz\u00e9pm\u0171v\u00e9szeti M\u00fazeum munkat\u00e1rsai mellett a Semmelweis Egyetem Radiol\u00f3giai Klinik\u00e1j\u00e1nak radiol\u00f3gusai, a Term\u00e9szettudom\u00e1nyi M\u00fazeum Embertani T\u00e1r\u00e1nak antropol\u00f3gusai \u00e9s t\u00f6bb, az egyes vizsg\u00e1lati ter\u00fcletekhez k\u00f6t\u0151d\u0151 kutat\u00f3 is r\u00e9szt vett.<\/p>\n<p style=\"text-align: justify\">A m\u00fazeum gy\u0171jtem\u00e9ny\u00e9ben \u0151rz\u00f6tt n\u00e9gy m\u00fami\u00e1r\u00f3l eddig keveset tudtak a szakemberek. Korukat, t\u00f6rt\u00e9net\u00fcket, mumifik\u00e1l\u00e1sok m\u00f3dj\u00e1t, hal\u00e1luk ok\u00e1t eddig j\u00f3r\u00e9szt hom\u00e1ly fedte, a nemr\u00e9g lez\u00e1rult vizsg\u00e1latoknak k\u00f6sz\u00f6nhet\u0151en azonban sok k\u00e9rd\u00e9sre f\u00e9ny der\u00fclt. A <strong>Rer n\u00e9ven ismert m\u00fami\u00e1r\u00f3l<\/strong> a vizsg\u00e1latok sor\u00e1n kider\u00fclt, hogy egy 20 \u00e9s 24 \u00e9v k\u00f6z\u00f6tt, a Kr.e. 4-3 sz\u00e1zadban elhunyt n\u0151t \u201etakar\u201d, akinek csontv\u00e1za meglehet\u0151sen roncsol\u00f3dott, val\u00f3sz\u00edn\u0171leg er\u0151s fizikai trauma okozta a hal\u00e1l\u00e1t. <strong>Hortesznaht m\u00fami\u00e1j\u00e1t<\/strong> pontosabb t\u00f6rt\u00e9neti \u00e9s kultur\u00e1lis kontextusba siker\u00fclt helyezni\u00fck a kutat\u00f3knak. A kopors\u00f3 ikonogr\u00e1fi\u00e1j\u00e1nak elemz\u00e9se \u00e9s a mumifik\u00e1l\u00e1s technik\u00e1j\u00e1nak CT-vizsg\u00e1lata ugyanazt az eredm\u00e9nyt hozta: Hortesznaht m\u00fami\u00e1ja \u00e9s kopors\u00f3ja a Kr.e 3. sz\u00e1zadi, Ahmim v\u00e1ros\u00e1hoz k\u00f6t\u0151d\u0151 temetkez\u00e9si egy\u00fcttesekhez kapcsolhat\u00f3. A kopony\u00e1r\u00f3l k\u00e9sz\u00edtett CT-felv\u00e9telek r\u00e9v\u00e9n pedig Hortesznaht egykori arcvon\u00e1sait t\u00f6bb mint k\u00e9tezer \u00e9v eltelt\u00e9vel siker\u00fclt megeleven\u00edteni. Az \u00fan. <strong>szombathelyi m\u00famia<\/strong> n\u00e9ven ismert testen v\u00e9gzett vizsg\u00e1latok sor\u00e1n nem csak a m\u00famia kor\u00e1t siker\u00fclt meg\u00e1llap\u00edtani \u2013 a radiokarbon vizsg\u00e1lat alapj\u00e1n Kr.e. 2-3 sz\u00e1zadb\u00f3l val\u00f3 \u2013 hanem az is bebizonyosodott, hogy egybetarozik a gy\u0171jtem\u00e9nyben \u0151rz\u00f6tt, aranyozott arc\u00fa karton\u00e1zs kopors\u00f3val. A m\u00fami\u00e1r\u00f3l eddig azt felt\u00e9telezt\u00e9k, hogy Gr\u00f3f Alm\u00e1sy L\u00e1szl\u00f3 r\u00e9v\u00e9n ker\u00fclt Magyarorsz\u00e1gra, de mostani kutat\u00e1sok szerint Kunc Adolf pr\u00e9post v\u00e1s\u00e1rolta Egyiptomban (1896), \u00e9s adom\u00e1nyozta a szombathelyi premontrei gimn\u00e1ziumnak. Az \u00fan. <strong>kicsomagolt m\u00famia<\/strong> eset\u00e9ben kor\u00e1nak meghat\u00e1roz\u00e1sa volt a kutat\u00e1s legfontosabb eredm\u00e9nye. A csontminta sz\u00e9nizot\u00f3pos vizsg\u00e1lata alapj\u00e1n elmondhat\u00f3, hogy a m\u00fami\u00e1t a k\u00e9s\u0151 Ptolemaiosz korszakban, a Kr.e 2-1. sz\u00e1zadban k\u00e9sz\u00edtett\u00e9k. A k\u00e9miai vizsg\u00e1latok a testet fed\u0151 s\u00f6t\u00e9t anyagot n\u00f6v\u00e9nyi gyantak\u00e9nt azonos\u00edtott\u00e1k, mely szint\u00e9n al\u00e1t\u00e1masztja ezt a keltez\u00e9st.<\/p>\n<p>A ki\u00e1ll\u00edt\u00e1s a n\u00e9gy m\u00fami\u00e1t az egyiptomi kult\u00fara n\u00e9gy hozz\u00e1juk k\u00f6thet\u0151 aspektus\u00e1ban mutatja be: <strong>demogr\u00e1fia az \u00f3kori Egyiptomban:<\/strong> betegs\u00e9gek \u00e9s hal\u00e1l; <strong>az egyiptomi mumifik\u00e1l\u00e1s technik\u00e1ja:<\/strong> a testek konzerv\u00e1l\u00e1sa; <strong>felk\u00e9sz\u00fcl\u00e9s a t\u00falvil\u00e1gra: az egyiptomi m\u00fami\u00e1k k\u00fcls\u0151 d\u00edszei, <\/strong>valamint <strong>ide\u00e1l \u00e9s portr\u00e9:<\/strong> a szem\u00e9lyis\u00e9g \u00e1br\u00e1zol\u00e1sa az \u00f3kori egyiptomi m\u0171v\u00e9szetben. A ki\u00e1ll\u00edt\u00e1s ezen r\u00e9sz\u00e9ben a l\u00e1togat\u00f3k az arcrekonstrukci\u00f3nak k\u00f6sz\u00f6nhet\u0151en megismerhetik egy t\u00f6bb, mint k\u00e9tezer \u00e9vvel ezel\u0151tt \u00e9lt egyiptomi ember,<strong> Hortesznaht<\/strong> val\u00f3di arcvon\u00e1sait is. A n\u00e9gy tematikus egys\u00e9gen bel\u00fcl a ki\u00e1ll\u00edt\u00e1son megjelennek a m\u00fami\u00e1k kutat\u00e1s\u00e1ban alkalmazott vizsg\u00e1lati m\u00f3dszerek \u00e9s azok els\u0151dleges eredm\u00e9nyei, <strong>egy elk\u00fcl\u00f6n\u00edtett t\u00e9rben pedig a m\u00f3dszerek eredm\u00e9nyei h\u00e1romdimenzi\u00f3s form\u00e1ban, egy virtu\u00e1lis t\u00e9rben elevenednek meg a l\u00e1togat\u00f3k sz\u00e1m\u00e1ra.<\/strong><\/p>\n<p style=\"text-align: justify\">A ki\u00e1ll\u00edt\u00e1shoz kapcsol\u00f3d\u00f3, k\u00fcl\u00f6n teremben megtekinthet\u0151 <strong>3 dimenzi\u00f3s filmet<\/strong> az <strong>Umbrella Post Production<\/strong> \u00e9s a <strong><a href=\"http:\/\/www.laboratoryideas.com\/\" target=\"_blank\" rel=\"noopener noreferrer\"><strong>Laboratory Idea<\/strong><\/a><\/strong><strong>s <\/strong>k\u00e9sz\u00edtette, a Budapest M\u00famia Projekt vizsg\u00e1latsorozat\u00e1t v\u00e9gig k\u00eds\u00e9r\u0151 kisfilm <strong>Szalay P\u00e9ter<\/strong> Bal\u00e1zs B\u00e9la-d\u00edjas rendez\u0151 \u00e9s <strong>Nagy<\/strong><strong> Ern\u0151<\/strong> operat\u0151r munk\u00e1ja. <strong>A vet\u00edt\u00e9s a Sharp Electronics v\u00e1llalat \u00e1ltal kifejlesztett \u00e9s alkalmazott (akt\u00edv szem\u00fcveges) 3D technol\u00f3gi\u00e1n alapul, \u00e9s egyed\u00fcl\u00e1ll\u00f3an val\u00f3s\u00e1gh\u0171 \u00e9lm\u00e9nyt ny\u00fajt. A 3D vet\u00edt\u00e9shez sz\u00fcks\u00e9ges eszk\u00f6z\u00f6ket a v\u00e1llalat a ki\u00e1ll\u00edt\u00e1s f\u0151 technol\u00f3giai partnerek\u00e9nt, t\u00e1mogat\u00e1s form\u00e1j\u00e1ban bocs\u00e1tja rendelkez\u00e9sre. <\/strong><\/p>\n<p style=\"text-align: justify\"><strong>A Budapest M\u00famia Projekt r\u00e9sztvev\u0151i:<\/strong> Sz\u00e9pm\u0171v\u00e9szeti M\u00fazeum, Magyar Term\u00e9szettudom\u00e1nyi M\u00fazeum, Semmelweis Egyetem, Orsz\u00e1gos K\u00f6rnyezeteg\u00e9szs\u00e9g\u00fcgyi Int\u00e9zet, B\u0171n\u00fcgyi Szak\u00e9rt\u0151i \u00e9s Kutat\u00f3int\u00e9zet, Tondo SP1 Kft, \u00e9s a V<strong><a href=\"http:\/\/isotopenforschung.univie.ac.at\/\" target=\"_blank\" rel=\"noopener noreferrer\">ERA-Laboratorium Institut f\u00fcr Isotopenforschung und Kernphysik. <\/a><\/strong><\/p>\n<p style=\"text-align: justify\">A ki\u00e1ll\u00edt\u00e1shoz k\u00e9sz\u00fclt <strong>iPad alkalmaz\u00e1st<\/strong> az <strong>Appsters <\/strong>fejlesztette.<\/p>\n<p style=\"text-align: justify\"><strong>A ki\u00e1ll\u00edt\u00e1s t\u00e1mogat\u00f3ja az OTP Bank.<\/strong> A Sz\u00e9pm\u0171v\u00e9szeti M\u00fazeum kiemelt t\u00e1mogat\u00f3ja a <strong>Magyar Villamos M\u0171vek Zrt.<\/strong><\/p>\n<p style=\"text-align: justify\"><strong>A ki\u00e1ll\u00edt\u00e1s kur\u00e1tora: Liptay \u00c9va egyiptol\u00f3gus, az Egyiptomi Gy\u0171jtem\u00e9ny vezet\u0151je <\/strong>\u00e9s Petrik M\u00e1t\u00e9 egyiptol\u00f3gus, az Egyiptomi Gy\u0171jtem\u00e9ny munkat\u00e1rsa.<\/p>\n<p style=\"text-align: justify\">\u00a0<\/p>\n","protected":false},"excerpt":{"rendered":"<p>A Sz\u00e9pm\u0171v\u00e9szeti M\u00fazeum gy\u0171jtem\u00e9ny\u00e9ben \u0151rz\u00f6tt n\u00e9gy m\u00fami\u00e1t, valamint az azokon nemr\u00e9g elv\u00e9gzett tudom\u00e1nyos vizsg\u00e1latok eredm\u00e9nyeit mutatja be a j\u00fanius 9-\u00e9n ny\u00edl\u00f3, k\u00fcl\u00f6nleges ki\u00e1ll\u00edt\u00e1s. A t\u00e1rlat seg\u00edt megismerni az egykor \u00e9lt egyiptomiak hitvil\u00e1g\u00e1t, a mumifik\u00e1l\u00e1s technik\u00e1j\u00e1t, a korszak halotti m\u0171v\u00e9szet\u00e9t, de az arcrekonstrukci\u00f3nak k\u00f6sz\u00f6nhet\u0151en a l\u00e1togat\u00f3k azt is megtudhatj\u00e1k: hogyan n\u00e9zett ki a t\u00f6bb ezer \u00e9vvel &hellip;<\/p>\n","protected":false},"author":155,"featured_media":0,"comment_status":"closed","ping_status":"open","sticky":false,"template":"","format":"standard","meta":{"_acf_changed":false,"footnotes":""},"categories":[5],"tags":[732],"class_list":["post-5857","post","type-post","status-publish","format-standard","hentry","category-cikkek","tag-temaajanlo"],"acf":[],"_links":{"self":[{"href":"https:\/\/semmelweis.hu\/mediasarok\/wp-json\/wp\/v2\/posts\/5857","targetHints":{"allow":["GET"]}}],"collection":[{"href":"https:\/\/semmelweis.hu\/mediasarok\/wp-json\/wp\/v2\/posts"}],"about":[{"href":"https:\/\/semmelweis.hu\/mediasarok\/wp-json\/wp\/v2\/types\/post"}],"author":[{"embeddable":true,"href":"https:\/\/semmelweis.hu\/mediasarok\/wp-json\/wp\/v2\/users\/155"}],"replies":[{"embeddable":true,"href":"https:\/\/semmelweis.hu\/mediasarok\/wp-json\/wp\/v2\/comments?post=5857"}],"version-history":[{"count":3,"href":"https:\/\/semmelweis.hu\/mediasarok\/wp-json\/wp\/v2\/posts\/5857\/revisions"}],"predecessor-version":[{"id":173268,"href":"https:\/\/semmelweis.hu\/mediasarok\/wp-json\/wp\/v2\/posts\/5857\/revisions\/173268"}],"wp:attachment":[{"href":"https:\/\/semmelweis.hu\/mediasarok\/wp-json\/wp\/v2\/media?parent=5857"}],"wp:term":[{"taxonomy":"category","embeddable":true,"href":"https:\/\/semmelweis.hu\/mediasarok\/wp-json\/wp\/v2\/categories?post=5857"},{"taxonomy":"post_tag","embeddable":true,"href":"https:\/\/semmelweis.hu\/mediasarok\/wp-json\/wp\/v2\/tags?post=5857"}],"curies":[{"name":"wp","href":"https:\/\/api.w.org\/{rel}","templated":true}]}}