{"id":5717,"date":"2011-06-07T09:12:53","date_gmt":"2011-06-07T08:12:53","guid":{"rendered":"http:\/\/mediasarok.sote.hu\/?p=5717"},"modified":"2025-10-28T11:07:26","modified_gmt":"2025-10-28T10:07:26","slug":"egyedulallo-3d-adatbazis","status":"publish","type":"post","link":"https:\/\/semmelweis.hu\/mediasarok\/2011\/06\/07\/egyedulallo-3d-adatbazis\/","title":{"rendered":"Egyed\u00fcl\u00e1ll\u00f3 3D-adatb\u00e1zis"},"content":{"rendered":"<p style=\"text-align: justify\"><strong><a href=\"https:\/\/semmelweis.hu\/wp-content\/blogs.dir\/106\/files\/2011\/06\/IMG_9528-m\u00e1solata.jpg\"><img loading=\"lazy\" decoding=\"async\" class=\"alignleft size-medium wp-image-5720\" src=\"https:\/\/semmelweis.hu\/wp-content\/blogs.dir\/106\/files\/2011\/06\/IMG_9528-m\u00e1solata-200x300.jpg\" alt=\"\" width=\"200\" height=\"300\" srcset=\"https:\/\/semmelweis.hu\/mediasarok\/files\/2011\/06\/IMG_9528-m\u00e1solata-200x300.jpg 200w, https:\/\/semmelweis.hu\/mediasarok\/files\/2011\/06\/IMG_9528-m\u00e1solata-682x1024.jpg 682w\" sizes=\"auto, (max-width: 200px) 100vw, 200px\" \/><\/a>Balesetben roncsol\u00f3dott arc, sz\u00fclet\u00e9si rendelleness\u00e9g \u2013 \u00f6r\u00f6k b\u00e9lyeg. Hogy milyen m\u00e9rt\u00e9kben tudj\u00e1k vissza\u00e1ll\u00edtani az arc eredeti \u00e1llapot\u00e1t a szakorvosok, \u00e9s f\u0151k\u00e9nt a funkcion\u00e1lis r\u00e9szeket (fogazat, \u00e1llkapocs, l\u00e1t\u00f3idegek, stb.) az a betegek \u00e9letmin\u0151s\u00e9g\u00e9t hat\u00e1rozza meg. A beavatkoz\u00e1sok siker\u00e9t seg\u00edti az a vil\u00e1gviszonylatban is egyed\u00fcl\u00e1ll\u00f3 3 dimenzi\u00f3s adatb\u00e1zis, melyet a Kutat\u00f3egyetemi p\u00e1ly\u00e1zatnak k\u00f6sz\u00f6nhet\u0151en a Semmelweis Egyetem Arc- \u00c1llcsont- Sz\u00e1jseb\u00e9szeti \u00e9s Fog\u00e1szati Klinik\u00e1j\u00e1nak szakemberei k\u00e9sz\u00edtenek. <\/strong><\/p>\n<p style=\"text-align: justify\"><strong>Az un. 3D kefalometriai adatb\u00e1zis az \u00e1tlag eur\u00f3pai arcforma jellegzetess\u00e9geit tartalmazza, melyhez, mint etalonhoz hasonl\u00edthatj\u00e1k a seb\u00e9szek azokat a k\u00f3ros eseteket, melyekn\u00e9l nem tudj\u00e1k, hogy milyen volt pontosan az eredeti arcforma. <\/strong><\/p>\n<p style=\"text-align: justify\"><a href=\"https:\/\/semmelweis.hu\/wp-content\/blogs.dir\/106\/files\/2011\/06\/IMG_94971.jpg\"><img loading=\"lazy\" decoding=\"async\" class=\"alignleft size-medium wp-image-5724\" src=\"https:\/\/semmelweis.hu\/wp-content\/blogs.dir\/106\/files\/2011\/06\/IMG_94971-300x200.jpg\" alt=\"\" width=\"300\" height=\"200\" srcset=\"https:\/\/semmelweis.hu\/mediasarok\/files\/2011\/06\/IMG_94971-300x200.jpg 300w, https:\/\/semmelweis.hu\/mediasarok\/files\/2011\/06\/IMG_94971-1024x682.jpg 1024w\" sizes=\"auto, (max-width: 300px) 100vw, 300px\" \/><\/a>\u00c9vente 1000-2000 arcrekonstrukci\u00f3s m\u0171t\u00e9tet v\u00e9geznek a szakemberek Magyarorsz\u00e1gon, \u00e9s eddig csup\u00e1n k\u00e9tdimenzi\u00f3s adatokkal, \u201eszemre\u201d dolgoztak minden\u00fctt a vil\u00e1gban, vagyis a beavatkoz\u00e1sokat k\u00fcl\u00f6nf\u00e9le hagyom\u00e1nyos r\u00f6ntgen felv\u00e9telek \u00e9s CT seg\u00edts\u00e9g\u00e9vel v\u00e9gezt\u00e9k. A r\u00f6ntgen azonban csak 2D anal\u00edzist, a CT ugyan m\u00e1r 3D \u00e1br\u00e1zol\u00e1st is lehet\u0151v\u00e9 tesz, azonban rendk\u00edv\u00fcl nagy a sug\u00e1rterhel\u00e9s, ez\u00e9rt alkalmaz\u00e1sa korl\u00e1tozott.<\/p>\n<p style=\"text-align: justify\">Az \u00e1tt\u00f6r\u00e9st az un. CBCT megjelen\u00e9se hozta, a CBCT vizsg\u00e1lat a CT-hez k\u00e9pest tizedakkora sug\u00e1rterhel\u00e9st jelent a betegeknek. A h\u00e1romdimenzi\u00f3s megjelen\u00e9snek k\u00f6sz\u00f6nhet\u0151en pedig sikeresebb lehet a rekonstrukci\u00f3s m\u0171t\u00e9t, illetve sz\u00e1mos hasznos adattal eg\u00e9sz\u00edthet\u0151 ki a klinika \u00e1ltal k\u00e9sz\u00edtett adatb\u00e1zis.<\/p>\n<p style=\"text-align: justify\">\u00c9rintett betegek k\u00f6re:<\/p>\n<ul>\n<li>genetikai deformit\u00e1s (pl. ajak-, \u00e1llcsont-, sz\u00e1jpad-hasad\u00e9kosok)<\/li>\n<li>s\u00e9r\u00fcl\u00e9sekb\u0151l sz\u00e1rmaz\u00f3 deformit\u00e1s<\/li>\n<li>szem\u00fcregi rekonstrukci\u00f3 (pl. egyes gyermekkori daganatok eset\u00e9ben)<\/li>\n<\/ul>\n<p style=\"text-align: justify\"><strong>Interj\u00fak\u00e9sz\u00edt\u00e9si lehet\u0151s\u00e9g: <\/strong><\/p>\n<p style=\"text-align: justify\">Dr. Barab\u00e1s J\u00f3zsef, t\u00e9mavezet\u0151 Arc- \u00c1llcsont- Sz\u00e1jseb\u00e9szeti \u00e9s Fog\u00e1szati Klinika<\/p>\n<ul>\n<li>Dr. V\u00edzkelety Tam\u00e1s klinikai f\u0151orvos fogszab\u00e1lyoz\u00f3 &#8211; \u00e1llcsontorthop\u00e9dus,<\/li>\n<li>Markella Zsolt informatikus,<\/li>\n<li>Zsolt, \u00e9rintett beteg<\/li>\n<\/ul>\n<p style=\"text-align: justify\">A kutat\u00f3egyetemi c\u00edm, \u00e9s az ehhez t\u00e1rsul\u00f3 forr\u00e1s azt hangs\u00falyozza, hogy a kiv\u00e1l\u00f3s\u00e1g kit\u00f6r\u00e9si pont, \u00f6sszt\u00e1rsadalmi szinten is. A Semmelweis Egyetem tavaly 3 milli\u00e1rd forintot kapott, a k\u00f6vetkez\u0151 h\u00e1rom \u00e9vre a T\u00c1MOP-4.2.1.B-09\/1\/KMR2010-00001 p\u00e1ly\u00e1zat keret\u00e9ben, \u00e9s az \u00faj Sz\u00e9chenyi tervnek k\u00f6sz\u00f6nhet\u0151en, melynek t\u00e9m\u00e1ja a \u201cModern Orvostudom\u00e1nyi Technol\u00f3gi\u00e1k a Semmelweis Egyetemen\u201d.<br \/>\n<a href=\"https:\/\/semmelweis.hu\/hirek\/files\/2011\/09\/kutatoegyetem-logo-20110930.jpg\"><img loading=\"lazy\" decoding=\"async\" class=\"size-full wp-image-7368 aligncenter\" src=\"https:\/\/semmelweis.hu\/hirek\/files\/2011\/09\/kutatoegyetem-logo-20110930.jpg\" alt=\"\" width=\"383\" height=\"371\" \/><\/a><\/p>\n","protected":false},"excerpt":{"rendered":"<p><a href=\"https:\/\/semmelweis.hu\/wp-content\/blogs.dir\/106\/files\/2011\/06\/IMG_9528-m\u00e1solata.jpg\"><\/a> Balesetben roncsol\u00f3dott arc, sz\u00fclet\u00e9si rendelleness\u00e9g \u2013 \u00f6r\u00f6k b\u00e9lyeg. Hogy milyen m\u00e9rt\u00e9kben tudj\u00e1k vissza\u00e1ll\u00edtani az arc eredeti \u00e1llapot\u00e1t a szakorvosok, \u00e9s f\u0151k\u00e9nt a funkcion\u00e1lis r\u00e9szeket (fogazat, \u00e1llkapocs, l\u00e1t\u00f3idegek, stb.) az a betegek \u00e9letmin\u0151s\u00e9g\u00e9t hat\u00e1rozza meg. A beavatkoz\u00e1sok siker\u00e9t seg\u00edti az a vil\u00e1gviszonylatban is egyed\u00fcl\u00e1ll\u00f3 3 dimenzi\u00f3s adatb\u00e1zis, melyet a Kutat\u00f3egyetemi p\u00e1ly\u00e1zatnak k\u00f6sz\u00f6nhet\u0151en a Semmelweis Egyetem Arc- &hellip;<\/p>\n","protected":false},"author":155,"featured_media":0,"comment_status":"closed","ping_status":"open","sticky":false,"template":"","format":"standard","meta":{"_acf_changed":false,"footnotes":""},"categories":[5],"tags":[732],"class_list":["post-5717","post","type-post","status-publish","format-standard","hentry","category-cikkek","tag-temaajanlo"],"acf":[],"_links":{"self":[{"href":"https:\/\/semmelweis.hu\/mediasarok\/wp-json\/wp\/v2\/posts\/5717","targetHints":{"allow":["GET"]}}],"collection":[{"href":"https:\/\/semmelweis.hu\/mediasarok\/wp-json\/wp\/v2\/posts"}],"about":[{"href":"https:\/\/semmelweis.hu\/mediasarok\/wp-json\/wp\/v2\/types\/post"}],"author":[{"embeddable":true,"href":"https:\/\/semmelweis.hu\/mediasarok\/wp-json\/wp\/v2\/users\/155"}],"replies":[{"embeddable":true,"href":"https:\/\/semmelweis.hu\/mediasarok\/wp-json\/wp\/v2\/comments?post=5717"}],"version-history":[{"count":2,"href":"https:\/\/semmelweis.hu\/mediasarok\/wp-json\/wp\/v2\/posts\/5717\/revisions"}],"predecessor-version":[{"id":173270,"href":"https:\/\/semmelweis.hu\/mediasarok\/wp-json\/wp\/v2\/posts\/5717\/revisions\/173270"}],"wp:attachment":[{"href":"https:\/\/semmelweis.hu\/mediasarok\/wp-json\/wp\/v2\/media?parent=5717"}],"wp:term":[{"taxonomy":"category","embeddable":true,"href":"https:\/\/semmelweis.hu\/mediasarok\/wp-json\/wp\/v2\/categories?post=5717"},{"taxonomy":"post_tag","embeddable":true,"href":"https:\/\/semmelweis.hu\/mediasarok\/wp-json\/wp\/v2\/tags?post=5717"}],"curies":[{"name":"wp","href":"https:\/\/api.w.org\/{rel}","templated":true}]}}