{"id":56214,"date":"2015-05-26T20:48:27","date_gmt":"2015-05-26T18:48:27","guid":{"rendered":"http:\/\/semmelweis.hu\/mediasarok\/?p=56214"},"modified":"2019-05-23T12:33:16","modified_gmt":"2019-05-23T10:33:16","slug":"csutortokon-rektorjeloltet-valaszt-a-semmelweis-egyetem","status":"publish","type":"post","link":"https:\/\/semmelweis.hu\/mediasarok\/2015\/05\/26\/csutortokon-rektorjeloltet-valaszt-a-semmelweis-egyetem\/","title":{"rendered":"Cs\u00fct\u00f6rt\u00f6k\u00f6n rektorjel\u00f6ltet v\u00e1laszt a Semmelweis Egyetem"},"content":{"rendered":"<p>Az \u00fajb\u00f3li szavaz\u00e1s azt k\u00f6vet\u0151en v\u00e1lt sz\u00fcks\u00e9gess\u00e9, hogy Dr. Palkovics L\u00e1szl\u00f3 fels\u0151oktat\u00e1s\u00e9rt felel\u0151s \u00e1llamtitk\u00e1r kifog\u00e1ssal \u00e9lt a nemzeti fels\u0151oktat\u00e1sr\u00f3l sz\u00f3l\u00f3 2011. \u00e9vi CCIV. t\u00f6rv\u00e9ny (tov\u00e1bbiakban Nftv.) 74.\u00a7 (4a) bekezd\u00e9se alapj\u00e1n a Semmelweis Egyetem Szen\u00e1tus\u00e1nak 2015. \u00e1prilis 08-i \u00fcl\u00e9s\u00e9n hozott 19\/2015. (IV.8) sz\u00e1m\u00fa, Dr. Sz\u00e9l \u00c1goston rektorjel\u00f6ltt\u00e9 nyilv\u00e1n\u00edt\u00f3 hat\u00e1rozat\u00e1val szemben.<\/p>\n<p style=\"text-align: start\">Mint ismert: Dr. Sz\u00e9l \u00c1goston jelenlegi rektor megb\u00edz\u00e1sa 2015. j\u00fanius 30-\u00e1n lej\u00e1r, ez\u00e9rt \u00edrta ki a p\u00e1ly\u00e1zatot az egyetem javaslat\u00e1ra az emberi er\u0151forr\u00e1sok minisztere. A nemzeti fels\u0151oktat\u00e1si t\u00f6rv\u00e9ny \u00e9rtelm\u00e9ben a rektori megb\u00edz\u00e1sra vonatkoz\u00f3 javaslatot a szakt\u00e1rca vezet\u0151je k\u00fcldi meg a k\u00f6zt\u00e1rsas\u00e1gi eln\u00f6knek (Nftv. 64.\u00a7 2c), aki 2015. j\u00falius 1-j\u00e9vel 3 \u00e9ves id\u0151tartamra b\u00edzza meg az \u00faj rektort.<\/p>\n","protected":false},"excerpt":{"rendered":"<p>Az \u00fajb\u00f3li szavaz\u00e1s azt k\u00f6vet\u0151en v\u00e1lt sz\u00fcks\u00e9gess\u00e9, hogy Dr. Palkovics L\u00e1szl\u00f3 fels\u0151oktat\u00e1s\u00e9rt felel\u0151s \u00e1llamtitk\u00e1r kifog\u00e1ssal \u00e9lt a nemzeti fels\u0151oktat\u00e1sr\u00f3l sz\u00f3l\u00f3 2011. \u00e9vi CCIV. t\u00f6rv\u00e9ny (tov\u00e1bbiakban Nftv.) 74.\u00a7 (4a) bekezd\u00e9se alapj\u00e1n a Semmelweis Egyetem Szen\u00e1tus\u00e1nak 2015. \u00e1prilis 08-i \u00fcl\u00e9s\u00e9n hozott 19\/2015. (IV.8) sz\u00e1m\u00fa, Dr. Sz\u00e9l \u00c1goston rektorjel\u00f6ltt\u00e9 nyilv\u00e1n\u00edt\u00f3 hat\u00e1rozat\u00e1val szemben. Mint ismert: Dr. Sz\u00e9l \u00c1goston jelenlegi &hellip;<\/p>\n","protected":false},"author":13,"featured_media":0,"comment_status":"closed","ping_status":"closed","sticky":false,"template":"","format":"standard","meta":{"_acf_changed":false,"footnotes":""},"categories":[5],"tags":[734],"class_list":["post-56214","post","type-post","status-publish","format-standard","hentry","category-cikkek","tag-kozlemeny"],"acf":[],"_links":{"self":[{"href":"https:\/\/semmelweis.hu\/mediasarok\/wp-json\/wp\/v2\/posts\/56214","targetHints":{"allow":["GET"]}}],"collection":[{"href":"https:\/\/semmelweis.hu\/mediasarok\/wp-json\/wp\/v2\/posts"}],"about":[{"href":"https:\/\/semmelweis.hu\/mediasarok\/wp-json\/wp\/v2\/types\/post"}],"author":[{"embeddable":true,"href":"https:\/\/semmelweis.hu\/mediasarok\/wp-json\/wp\/v2\/users\/13"}],"replies":[{"embeddable":true,"href":"https:\/\/semmelweis.hu\/mediasarok\/wp-json\/wp\/v2\/comments?post=56214"}],"version-history":[{"count":3,"href":"https:\/\/semmelweis.hu\/mediasarok\/wp-json\/wp\/v2\/posts\/56214\/revisions"}],"predecessor-version":[{"id":93141,"href":"https:\/\/semmelweis.hu\/mediasarok\/wp-json\/wp\/v2\/posts\/56214\/revisions\/93141"}],"wp:attachment":[{"href":"https:\/\/semmelweis.hu\/mediasarok\/wp-json\/wp\/v2\/media?parent=56214"}],"wp:term":[{"taxonomy":"category","embeddable":true,"href":"https:\/\/semmelweis.hu\/mediasarok\/wp-json\/wp\/v2\/categories?post=56214"},{"taxonomy":"post_tag","embeddable":true,"href":"https:\/\/semmelweis.hu\/mediasarok\/wp-json\/wp\/v2\/tags?post=56214"}],"curies":[{"name":"wp","href":"https:\/\/api.w.org\/{rel}","templated":true}]}}