{"id":5558,"date":"2011-06-10T12:00:06","date_gmt":"2011-06-10T11:00:06","guid":{"rendered":"http:\/\/mediasarok.sote.hu\/?p=5558"},"modified":"2025-10-28T11:02:27","modified_gmt":"2025-10-28T10:02:27","slug":"harcoljunk-a-diabetesz-kialakulasa-ellen-schirilla-gyorgy-a-korhazban-apolt-gyermekekert","status":"publish","type":"post","link":"https:\/\/semmelweis.hu\/mediasarok\/2011\/06\/10\/harcoljunk-a-diabetesz-kialakulasa-ellen-schirilla-gyorgy-a-korhazban-apolt-gyermekekert\/","title":{"rendered":"Schirilla Gy\u00f6rgy a az I. Gyermekklinik\u00e1\u00e9rt futott"},"content":{"rendered":"<p style=\"text-align: justify\"><strong><a href=\"https:\/\/semmelweis.hu\/wp-content\/blogs.dir\/106\/files\/2011\/06\/IMG_9631.jpg\"><img loading=\"lazy\" decoding=\"async\" class=\"alignleft size-medium wp-image-5930\" src=\"https:\/\/semmelweis.hu\/wp-content\/blogs.dir\/106\/files\/2011\/06\/IMG_9631-300x200.jpg\" alt=\"\" width=\"300\" height=\"200\" srcset=\"https:\/\/semmelweis.hu\/mediasarok\/files\/2011\/06\/IMG_9631-300x200.jpg 300w, https:\/\/semmelweis.hu\/mediasarok\/files\/2011\/06\/IMG_9631-1024x682.jpg 1024w\" sizes=\"auto, (max-width: 300px) 100vw, 300px\" \/><\/a>A diab\u00e9tesz oszt\u00e1ly fel\u00faj\u00edt\u00e1s\u00e1ra k\u00f6lten\u00e9k a Semmelweis Egyetem I. sz\u00e1m\u00fa Gyermekgy\u00f3gy\u00e1szati Klinik\u00e1j\u00e1nak munkat\u00e1rsai azt az \u00f6sszeget, melyet Schirilla Gy\u00f6rgy j\u00f3t\u00e9konys\u00e1gi fut\u00e1s\u00e1nak k\u00f6sz\u00f6nhetnek. A sportol\u00f3 tavaly a Bethesda K\u00f3rh\u00e1znak gy\u0171jt\u00f6tt, akkor 2 milli\u00f3 forintot szerzett az ott gy\u00f3gyul\u00f3 gyerekeknek, elmond\u00e1sa szerint id\u00e9n is ekkora \u00f6sszegre sz\u00e1m\u00edt. <\/strong><\/p>\n<p style=\"text-align: justify\"><strong>Tavaly t\u00f6bb mint 300 \u00faj cukorbeteg gyereket regisztr\u00e1ltak haz\u00e1nkban. A 14 \u00e9vesn\u00e9l fiatalabbak k\u00f6z\u00f6tt minden \u00e9vben egyre t\u00f6bb a diab\u00e9teszes. A szakorvosok szerint a cukorbaj lehet a 21. sz\u00e1zad j\u00e1rv\u00e1nya. Ennek oka \u2013 t\u00f6bbek k\u00f6z\u00f6tt \u2013 a csecsem\u0151- \u00e9s gyermekkori helytelen t\u00e1pl\u00e1lkoz\u00e1si szok\u00e1sok, a kev\u00e9s mozg\u00e1s \u00e9s az elh\u00edz\u00e1s, ami a betegs\u00e9g gyors terjed\u00e9s\u00e9vel j\u00e1r. <\/strong><\/p>\n<p style=\"text-align: justify\"><strong><em><a href=\"https:\/\/semmelweis.hu\/wp-content\/blogs.dir\/106\/files\/2011\/06\/IMG_9587.jpg\"><img loading=\"lazy\" decoding=\"async\" class=\"alignleft size-medium wp-image-5929\" src=\"https:\/\/semmelweis.hu\/wp-content\/blogs.dir\/106\/files\/2011\/06\/IMG_9587-300x200.jpg\" alt=\"\" width=\"300\" height=\"200\" srcset=\"https:\/\/semmelweis.hu\/mediasarok\/files\/2011\/06\/IMG_9587-300x200.jpg 300w, https:\/\/semmelweis.hu\/mediasarok\/files\/2011\/06\/IMG_9587-1024x682.jpg 1024w\" sizes=\"auto, (max-width: 300px) 100vw, 300px\" \/><\/a>Schirilla Gy\u00f6rgy<\/em><\/strong><strong><em> erre szeretn\u00e9 felh\u00edvni a figyelmet: \u201eTizennegyedik \u00e9ve futok a k\u00f3rh\u00e1zban \u00e1polt gyermekek\u00e9rt, id\u00e9n az\u00e9rt v\u00e1lasztottam a ezt a betegs\u00e9gcsoportot, mert kisl\u00e1nyom, H\u00e9di is diab\u00e9teszes lett. 43 telep\u00fcl\u00e9s \u00e9rint\u00e9s\u00e9vel lefutottam mintegy 350 kilom\u00e9tert, hogy p\u00e9nteken, 15 kis beteggel egy\u00fctt szak\u00edthassam \u00e1t a c\u00e9lszalagot a legnagyobb hazai gyermek diab\u00e9tesz centrumban, a Semmelweis Egyetemen.\u201d<\/em><\/strong><\/p>\n<p style=\"text-align: justify\"><em>\u201eKorai \u00e9s rendszeres k\u00f6telez\u0151 sz\u0171r\u00e9ssel hamarabb felismerhet\u0151v\u00e9 v\u00e1lna a betegs\u00e9g. \u2013 <strong>mondta Dr. Tulassay Tivadar, a Gyermekklinika igazgat\u00f3ja<\/strong> &#8211; Bizonyos \u00e9letkor felett k\u00f6telez\u0151v\u00e9 k\u00e9ne tenni az \u00e9vi egyszeri, v\u00e9rnyom\u00e1sm\u00e9r\u00e9ssel egybek\u00f6t\u00f6tt \u00e9hgyomri v\u00e9rcukorszint m\u00e9r\u00e9st haz\u00e1nkban.\u201d<\/em><\/p>\n<p style=\"text-align: justify\">Az \u00fagynevezett <span style=\"text-decoration: underline\">1-es t\u00edpus\u00fa diab\u00e9tesz<\/span> a gyermekkor leggyakoribb anyagcsere-betegs\u00e9ge. H\u00fasz \u00e9v alatt k\u00e9tszeres\u00e9re n\u0151tt az 1-es t\u00edpus\u00fa diab\u00e9teszes gyermekek sz\u00e1ma haz\u00e1nkban, amely l\u00e9tsz\u00e1m els\u0151sorban az 5 \u00e9v alatti koroszt\u00e1lyban n\u0151tt. A legfiatalabb cukorbetegek haz\u00e1nkban m\u00e9g alig f\u00e9l \u00e9vesek. Magyarorsz\u00e1gon \u2013 100 ezer gyermeklakosra sz\u00e1m\u00edtva \u2013 \u00e9vente 10-11 \u00faj beteget fedeznek fel. Az I. sz. Gyermekklinik\u00e1n 500\u00a0 diabeteszes gyermeket gondoznak, ez a beteg gyermek popul\u00e1ci\u00f3 kb. 20 %-a.<\/p>\n<p style=\"text-align: justify\">A <span style=\"text-decoration: underline\">2-es t\u00edpus\u00fa diab\u00e9tesz<\/span> 10 \u00e9vvel ezel\u0151tt m\u00e9g szinte kiz\u00e1r\u00f3lag a feln\u0151ttkor betegs\u00e9ge volt. Napjainkban azonban egyre nagyobb sz\u00e1mban jelenik meg gyermekkorban is, amely els\u0151sorban a k\u00f6v\u00e9rs\u00e9g vil\u00e1gm\u00e9ret\u0171 terjed\u00e9s\u00e9vel magyar\u00e1zhat\u00f3. A mozg\u00e1sszeg\u00e9ny \u00e9letm\u00f3d \u00e9s a helytelen t\u00e1pl\u00e1lkoz\u00e1s a k\u00f6v\u00e9r feln\u0151ttek \u00e9s gyermekek sz\u00e1m\u00e1nak ugr\u00e1sszer\u0171 n\u00f6veked\u00e9s\u00e9hez vezet. M\u00edg gyermekkorban a m\u00e9g ma is els\u00f6pr\u0151 t\u00f6bbs\u00e9gben jelentkez\u0151 1-es t\u00edpus\u00fa cukorbetegs\u00e9g prevenci\u00f3ja nem ismert, addig a 2-es t\u00edpus\u00fa cukorbajt rendszeres testmozg\u00e1ssal, \u00e9s eg\u00e9szs\u00e9ges t\u00e1pl\u00e1lkoz\u00e1ssal megel\u0151zhetj\u00fck.<\/p>\n<p style=\"text-align: justify\">A diab\u00e9teszesek sz\u00e1ma vil\u00e1gszerte rohamosan n\u0151, 2030-ra sz\u00e1muk v\u00e1rhat\u00f3an el\u00e9ri a 438 milli\u00f3t.<\/p>\n","protected":false},"excerpt":{"rendered":"<p><a href=\"https:\/\/semmelweis.hu\/wp-content\/blogs.dir\/106\/files\/2011\/06\/IMG_9631.jpg\"><\/a> A diab\u00e9tesz oszt\u00e1ly fel\u00faj\u00edt\u00e1s\u00e1ra k\u00f6lten\u00e9k a Semmelweis Egyetem I. sz\u00e1m\u00fa Gyermekgy\u00f3gy\u00e1szati Klinik\u00e1j\u00e1nak munkat\u00e1rsai azt az \u00f6sszeget, melyet Schirilla Gy\u00f6rgy j\u00f3t\u00e9konys\u00e1gi fut\u00e1s\u00e1nak k\u00f6sz\u00f6nhetnek. A sportol\u00f3 tavaly a Bethesda K\u00f3rh\u00e1znak gy\u0171jt\u00f6tt, akkor 2 milli\u00f3 forintot szerzett az ott gy\u00f3gyul\u00f3 gyerekeknek, elmond\u00e1sa szerint id\u00e9n is ekkora \u00f6sszegre sz\u00e1m\u00edt. Tavaly t\u00f6bb mint 300 \u00faj cukorbeteg gyereket regisztr\u00e1ltak haz\u00e1nkban. A &hellip;<\/p>\n","protected":false},"author":155,"featured_media":0,"comment_status":"closed","ping_status":"open","sticky":false,"template":"","format":"standard","meta":{"_acf_changed":false,"footnotes":""},"categories":[5],"tags":[732],"class_list":["post-5558","post","type-post","status-publish","format-standard","hentry","category-cikkek","tag-temaajanlo"],"acf":[],"_links":{"self":[{"href":"https:\/\/semmelweis.hu\/mediasarok\/wp-json\/wp\/v2\/posts\/5558","targetHints":{"allow":["GET"]}}],"collection":[{"href":"https:\/\/semmelweis.hu\/mediasarok\/wp-json\/wp\/v2\/posts"}],"about":[{"href":"https:\/\/semmelweis.hu\/mediasarok\/wp-json\/wp\/v2\/types\/post"}],"author":[{"embeddable":true,"href":"https:\/\/semmelweis.hu\/mediasarok\/wp-json\/wp\/v2\/users\/155"}],"replies":[{"embeddable":true,"href":"https:\/\/semmelweis.hu\/mediasarok\/wp-json\/wp\/v2\/comments?post=5558"}],"version-history":[{"count":2,"href":"https:\/\/semmelweis.hu\/mediasarok\/wp-json\/wp\/v2\/posts\/5558\/revisions"}],"predecessor-version":[{"id":173266,"href":"https:\/\/semmelweis.hu\/mediasarok\/wp-json\/wp\/v2\/posts\/5558\/revisions\/173266"}],"wp:attachment":[{"href":"https:\/\/semmelweis.hu\/mediasarok\/wp-json\/wp\/v2\/media?parent=5558"}],"wp:term":[{"taxonomy":"category","embeddable":true,"href":"https:\/\/semmelweis.hu\/mediasarok\/wp-json\/wp\/v2\/categories?post=5558"},{"taxonomy":"post_tag","embeddable":true,"href":"https:\/\/semmelweis.hu\/mediasarok\/wp-json\/wp\/v2\/tags?post=5558"}],"curies":[{"name":"wp","href":"https:\/\/api.w.org\/{rel}","templated":true}]}}