{"id":5499,"date":"2011-06-02T10:29:20","date_gmt":"2011-06-02T09:29:20","guid":{"rendered":"http:\/\/mediasarok.sote.hu\/?p=5499"},"modified":"2025-10-28T11:08:27","modified_gmt":"2025-10-28T10:08:27","slug":"gyermekklinikak-az-egeszsegligeten-elmeny-a-kicsiknek-segitseg-a-nagyoknak","status":"publish","type":"post","link":"https:\/\/semmelweis.hu\/mediasarok\/2011\/06\/02\/gyermekklinikak-az-egeszsegligeten-elmeny-a-kicsiknek-segitseg-a-nagyoknak\/","title":{"rendered":"Minden \u00f6t\u00f6dik gyermeknek rossz a foga &#8211; Gyermekklinik\u00e1k az Eg\u00e9szs\u00e9gligeten"},"content":{"rendered":"<p style=\"text-align: justify\"><strong><a href=\"https:\/\/semmelweis.hu\/wp-content\/blogs.dir\/106\/files\/2011\/06\/20110604-IMG_0232.jpg\"><img loading=\"lazy\" decoding=\"async\" class=\"alignleft size-medium wp-image-5732\" src=\"https:\/\/semmelweis.hu\/wp-content\/blogs.dir\/106\/files\/2011\/06\/20110604-IMG_0232-228x300.jpg\" alt=\"\" width=\"228\" height=\"300\" srcset=\"https:\/\/semmelweis.hu\/mediasarok\/files\/2011\/06\/20110604-IMG_0232-228x300.jpg 228w, https:\/\/semmelweis.hu\/mediasarok\/files\/2011\/06\/20110604-IMG_0232.jpg 609w\" sizes=\"auto, (max-width: 228px) 100vw, 228px\" \/><\/a><\/strong> 1700 gyermeket vizsg\u00e1ltak meg k\u00e9t nap alatt a Semmelweis Egyetem gyermek szakorvosai az Eg\u00e9szs\u00e9gliget rendezv\u00e9nyen. A fog\u00e1szati sz\u0171r\u00e9sen r\u00e9sztvev\u0151 260 gyermek kb. 20%-\u00e1nak volt lyukas, beteg foga, de a leped\u00e9kjelz\u0151 r\u00e1g\u00f3tabletta szinte mindenkin\u00e9l tal\u00e1lt fogmos\u00e1si hi\u00e1nyoss\u00e1got.<\/p>\n<p style=\"text-align: justify\">A Semmelweis Egyetem szem\u00e9sz szakorvosai 225 gyermeket vizsg\u00e1ltak meg, k\u00f6z\u00fcl\u00fck 14 esetben (6,2%) sz\u0171rtek ki valamilyen szemrendelleness\u00e9get. K\u00e9t csecsem\u0151n\u00e9l tal\u00e1ltak olyan elt\u00e9r\u00e9st, epiblepharont \u00e9s k\u00f6nnycsatorna-elz\u00e1r\u00f3d\u00e1st, amelyet csak m\u0171t\u00e9ttel lehet megoldani. A k\u00f6nnycsatorna-elz\u00e1r\u00f3d\u00e1s egy\u00e9bk\u00e9nt az \u00fajsz\u00fcl\u00f6ttek hat sz\u00e1zal\u00e9k\u00e1n\u00e1l okoz probl\u00e9m\u00e1t, m\u00edg az epiblepharon egy fejl\u0151d\u00e9si rendelleness\u00e9g. A szempill\u00e1k befel\u00e9 fordulnak, k\u00e1ros\u00edthatj\u00e1k a szaruh\u00e1rty\u00e1t, \u00e9s l\u00e1t\u00e1sroml\u00e1st okozhatnak, \u00e1m a sz\u0171r\u00e9sen a probl\u00e9m\u00e1t id\u0151ben \u00e9szrevett\u00e9k, \u00edgy egy m\u0171t\u00e9ttel megel\u0151zhet\u0151 a baj.<\/p>\n<p style=\"text-align: justify\"><a href=\"https:\/\/semmelweis.hu\/wp-content\/blogs.dir\/106\/files\/2011\/06\/20110604-IMG_0173.jpg\"><img loading=\"lazy\" decoding=\"async\" class=\"alignleft size-medium wp-image-5730\" src=\"https:\/\/semmelweis.hu\/wp-content\/blogs.dir\/106\/files\/2011\/06\/20110604-IMG_0173-300x224.jpg\" alt=\"\" width=\"300\" height=\"224\" srcset=\"https:\/\/semmelweis.hu\/mediasarok\/files\/2011\/06\/20110604-IMG_0173-300x224.jpg 300w, https:\/\/semmelweis.hu\/mediasarok\/files\/2011\/06\/20110604-IMG_0173.jpg 800w\" sizes=\"auto, (max-width: 300px) 100vw, 300px\" \/><\/a>A fog\u00e1szati \u00e9s szem\u00e9szeti sz\u0171r\u00e9sen k\u00edv\u00fcl &#8211; t\u00f6bbek k\u00f6z\u00f6tt hall\u00e1svizsg\u00e1latot, \u00edz\u00fcleti betegs\u00e9gek, hasf\u00e1j\u00e1sos- \u00e9s vesebetegs\u00e9gek sz\u0171r\u0151vizsg\u00e1lat\u00e1t is elv\u00e9gezt\u00e9k a\u00a0 Semmelweis Egyetem I. \u00e9s II. Gyermekklinik\u00e1j\u00e1nak szakorvosa. Ezen k\u00edv\u00fcl a sz\u00fcl\u0151k inform\u00e1ci\u00f3t is kaptak a gyermek\u00fck eg\u00e9szs\u00e9g\u00e9r\u0151l, mik\u00f6zben a kicsik j\u00e1t\u00e9kos kir\u00e1ndul\u00e1son vehettek r\u00e9szt az emberi testben.<\/p>\n<ul>\n<li><strong>Interj\u00faalany<\/strong>: Dr. Veres G\u00e1bor, a Semmelweis Egyetem gyermekorvosa 20\/825-8163<\/li>\n<li><strong>Sajt\u00f3kapcsolat<\/strong>: Kov\u00e1cs Eszter 20\/663-2206<\/li>\n<\/ul>\n<p><a href=\"https:\/\/semmelweis.hu\/wp-content\/blogs.dir\/106\/files\/2011\/06\/eg\u00e9szs\u00e9gliget21.jpg\"><img loading=\"lazy\" decoding=\"async\" class=\"size-medium wp-image-5570 alignleft\" src=\"https:\/\/semmelweis.hu\/wp-content\/blogs.dir\/106\/files\/2011\/06\/eg\u00e9szs\u00e9gliget21-300x200.jpg\" alt=\"\" width=\"300\" height=\"200\" srcset=\"https:\/\/semmelweis.hu\/mediasarok\/files\/2011\/06\/eg\u00e9szs\u00e9gliget21-300x200.jpg 300w, https:\/\/semmelweis.hu\/mediasarok\/files\/2011\/06\/eg\u00e9szs\u00e9gliget21.jpg 1024w\" sizes=\"auto, (max-width: 300px) 100vw, 300px\" \/><\/a><\/p>\n<p>&nbsp;<\/p>\n<p>&nbsp;<\/p>\n<p>&nbsp;<\/p>\n<p>&nbsp;<\/p>\n<p>&nbsp;<\/p>\n<p style=\"text-align: center\"><a href=\"https:\/\/semmelweis.hu\/wp-content\/blogs.dir\/106\/files\/2011\/06\/kids1.jpg\">\u00a0<\/a><\/p>\n<p>&nbsp;<\/p>\n<p>&nbsp;<\/p>\n<p>&nbsp;<\/p>\n","protected":false},"excerpt":{"rendered":"<p><a href=\"https:\/\/semmelweis.hu\/wp-content\/blogs.dir\/106\/files\/2011\/06\/20110604-IMG_0232.jpg\"><\/a> 1700 gyermeket vizsg\u00e1ltak meg k\u00e9t nap alatt a Semmelweis Egyetem gyermek szakorvosai az Eg\u00e9szs\u00e9gliget rendezv\u00e9nyen. A fog\u00e1szati sz\u0171r\u00e9sen r\u00e9sztvev\u0151 260 gyermek kb. 20%-\u00e1nak volt lyukas, beteg foga, de a leped\u00e9kjelz\u0151 r\u00e1g\u00f3tabletta szinte mindenkin\u00e9l tal\u00e1lt fogmos\u00e1si hi\u00e1nyoss\u00e1got. A Semmelweis Egyetem szem\u00e9sz szakorvosai 225 gyermeket vizsg\u00e1ltak meg, k\u00f6z\u00fcl\u00fck 14 esetben (6,2%) sz\u0171rtek ki valamilyen szemrendelleness\u00e9get. K\u00e9t csecsem\u0151n\u00e9l &hellip;<\/p>\n","protected":false},"author":155,"featured_media":0,"comment_status":"closed","ping_status":"open","sticky":false,"template":"","format":"standard","meta":{"_acf_changed":false,"footnotes":""},"categories":[5],"tags":[732],"class_list":["post-5499","post","type-post","status-publish","format-standard","hentry","category-cikkek","tag-temaajanlo"],"acf":[],"_links":{"self":[{"href":"https:\/\/semmelweis.hu\/mediasarok\/wp-json\/wp\/v2\/posts\/5499","targetHints":{"allow":["GET"]}}],"collection":[{"href":"https:\/\/semmelweis.hu\/mediasarok\/wp-json\/wp\/v2\/posts"}],"about":[{"href":"https:\/\/semmelweis.hu\/mediasarok\/wp-json\/wp\/v2\/types\/post"}],"author":[{"embeddable":true,"href":"https:\/\/semmelweis.hu\/mediasarok\/wp-json\/wp\/v2\/users\/155"}],"replies":[{"embeddable":true,"href":"https:\/\/semmelweis.hu\/mediasarok\/wp-json\/wp\/v2\/comments?post=5499"}],"version-history":[{"count":1,"href":"https:\/\/semmelweis.hu\/mediasarok\/wp-json\/wp\/v2\/posts\/5499\/revisions"}],"predecessor-version":[{"id":93677,"href":"https:\/\/semmelweis.hu\/mediasarok\/wp-json\/wp\/v2\/posts\/5499\/revisions\/93677"}],"wp:attachment":[{"href":"https:\/\/semmelweis.hu\/mediasarok\/wp-json\/wp\/v2\/media?parent=5499"}],"wp:term":[{"taxonomy":"category","embeddable":true,"href":"https:\/\/semmelweis.hu\/mediasarok\/wp-json\/wp\/v2\/categories?post=5499"},{"taxonomy":"post_tag","embeddable":true,"href":"https:\/\/semmelweis.hu\/mediasarok\/wp-json\/wp\/v2\/tags?post=5499"}],"curies":[{"name":"wp","href":"https:\/\/api.w.org\/{rel}","templated":true}]}}