{"id":54743,"date":"2015-03-31T11:05:49","date_gmt":"2015-03-31T09:05:49","guid":{"rendered":"http:\/\/semmelweis.hu\/mediasarok\/?p=54743"},"modified":"2024-05-28T08:41:36","modified_gmt":"2024-05-28T06:41:36","slug":"vilaghiru-halozatkutato-a-semmelweis-egyetemen","status":"publish","type":"post","link":"https:\/\/semmelweis.hu\/mediasarok\/2015\/03\/31\/vilaghiru-halozatkutato-a-semmelweis-egyetemen\/","title":{"rendered":"Vil\u00e1gh\u00edr\u0171 h\u00e1l\u00f3zatkutat\u00f3 a Semmelweis Egyetemen"},"content":{"rendered":"<div class=\"entry-content\">\n<p>Elkezd\u0151d\u00f6tt az orsz\u00e1g legnagyobb fels\u0151oktat\u00e1si tehets\u00e9ggondoz\u00f3 versenye, a XXXII. Orsz\u00e1gos Tudom\u00e1nyos Di\u00e1kk\u00f6ri Konferencia (OTDK) Orvos- \u00e9s Eg\u00e9szs\u00e9gtudom\u00e1nyi Szekci\u00f3ja a Semmelweis Egyetemen, melyen az elm\u00falt k\u00e9t \u00e9v sor\u00e1n kiv\u00e1lasztott 506 hallgat\u00f3 versenyez t\u00edz fels\u0151oktat\u00e1si int\u00e9zm\u00e9nyb\u0151l, k\u00f6zt\u00fck k\u00e9t hat\u00e1ron t\u00fali egyetemr\u0151l.<\/p>\n<p>Dr. Merkely B\u00e9la, a szekci\u00f3 \u00fcgyvezet\u0151 eln\u00f6ke \u00fagy fogalmazott: ez a tudom\u00e1ny komoly \u00fcnnepe, amit szeretn\u00e9nek eml\u00e9kezetess\u00e9 tenni. Mint mondta, kifejezetten erre a rendezv\u00e9nyre \u00e9rkezett Magyarorsz\u00e1gra Dr. Barab\u00e1si Albert-L\u00e1szl\u00f3 vil\u00e1gh\u00edr\u0171 h\u00e1l\u00f3zatkutat\u00f3.<\/p>\n<p><a href=\"https:\/\/semmelweis.hu\/mediasarok\/files\/2015\/05\/RS29896_20150331-IMG_9041-otdk-scr.jpg\"><img loading=\"lazy\" decoding=\"async\" class=\"alignleft size-medium wp-image-54745\" src=\"https:\/\/semmelweis.hu\/mediasarok\/files\/2015\/05\/RS29896_20150331-IMG_9041-otdk-scr-300x200.jpg\" alt=\"RS29896_20150331-IMG_9041-otdk-scr\" width=\"300\" height=\"200\" srcset=\"https:\/\/semmelweis.hu\/mediasarok\/files\/2015\/05\/RS29896_20150331-IMG_9041-otdk-scr-300x200.jpg 300w, https:\/\/semmelweis.hu\/mediasarok\/files\/2015\/05\/RS29896_20150331-IMG_9041-otdk-scr-450x300.jpg 450w, https:\/\/semmelweis.hu\/mediasarok\/files\/2015\/05\/RS29896_20150331-IMG_9041-otdk-scr.jpg 950w\" sizes=\"auto, (max-width: 300px) 100vw, 300px\" \/><\/a>Dr. Barab\u00e1si Albert-L\u00e1szl\u00f3 a sajt\u00f3t\u00e1j\u00e9koztat\u00f3n kiemelte: az\u00e9rt is nagy \u00f6r\u00f6m sz\u00e1m\u00e1ra r\u00e9szt venni az OTDK-n, mivel az ilyen rendezv\u00e9nyek a tudom\u00e1ny alapjai, egy fiatal sz\u00e1m\u00e1ra ugyanis ez az els\u0151 lehet\u0151s\u00e9g a tudom\u00e1nyos megm\u00e9rettet\u00e9sre. Megjegyezte azt is, k\u00fcl\u00f6n \u00f6r\u00f6m sz\u00e1m\u00e1ra, hogy a hat\u00e1ron t\u00falr\u00f3l, \u00edgy Erd\u00e9lyb\u0151l is \u00e9rkeztek di\u00e1kok a versenyre.<\/p>\n<p>A tud\u00f3s a program keret\u00e9ben el\u0151ad\u00e1st tart \u201cBeh\u00e1l\u00f3zva: A h\u00e1l\u00f3zatok tudom\u00e1nya az Internett\u0151l a sejth\u00e1l\u00f3ig\u201d c\u00edmmel. Ezzel kapcsolatban jelezte: ritka esem\u00e9ny sz\u00e1m\u00e1ra, hogy Magyarorsz\u00e1gon munk\u00e1ss\u00e1g\u00e1nak a sejtbiol\u00f3gi\u00e1val foglalkoz\u00f3 r\u00e9sz\u00e9r\u0151l besz\u00e9lhet, amelyet a Harvardon v\u00e9gez.<\/p>\n\n<!-- iframe plugin v.4.9 wordpress.org\/plugins\/iframe\/ -->\n<iframe loading=\"lazy\" src=\"https:\/\/www.youtube.com\/embed\/ooUHOftm67k?feature=oembed\" width=\"640\" height=\"360\" scrolling=\"yes\" class=\"iframe-class\" frameborder=\"0\"><\/iframe>\n\n<p>Barab\u00e1si professzor d\u00e9lut\u00e1ni el\u0151ad\u00e1s\u00e1ban \u00e9rintette egy \u00faj ter\u00fclet, a h\u00e1l\u00f3zatorvosl\u00e1s k\u00e9rd\u00e9s\u00e9t: a betegs\u00e9gek gy\u00f3gy\u00edt\u00e1s\u00e1hoz sz\u00fcks\u00e9g van arra a h\u00e1l\u00f3zatra, amely le\u00edrja, hogy k\u00fcl\u00f6nb\u00f6z\u0151 molekul\u00e1k \u00e9s g\u00e9nek a sejten bel\u00fcl hogyan kapcsol\u00f3dnak egym\u00e1shoz. V\u00e9lem\u00e9nye szerint p\u00e9ld\u00e1ul a r\u00e1kkutat\u00e1sban addig nem lesz \u00e1tt\u00f6r\u00e9s, am\u00edg a sejtek h\u00e1l\u00f3ja nem k\u00e9sz\u00fcl el.<\/p>\n<p>Dr. Szendr\u0151 P\u00e9ter, az Orsz\u00e1gos Tudom\u00e1nyos Di\u00e1kk\u00f6ri Tan\u00e1cs eln\u00f6ke j\u00f3 h\u00e1l\u00f3zatnak tartja az Orsz\u00e1gos Di\u00e1kk\u00f6ri Konferenci\u00e1t, mert szavai szerint ez a j\u00f6v\u0151 \u00e9rtelmis\u00e9g\u00e9t neveli fel, d\u00edjazza \u00e9s ismerteti meg egym\u00e1ssal \u0151ket. Eml\u00e9keztetett arra, hogy a kiv\u00e1laszt\u00e1s folyamata k\u00e9t \u00e9ven kereszt\u00fcl tartott, melynek keret\u00e9ben 1886 int\u00e9zm\u00e9nyi konferenci\u00e1t bonyol\u00edtottak le \u00e9s 14 ezer p\u00e1lyamunk\u00e1t b\u00edr\u00e1ltak el, annak \u00e9rdek\u00e9ben, hogy a szekci\u00f3nk\u00e9nt d\u00f6nt\u0151be a legjobb 5500 el\u0151ad\u00e1s ker\u00fclhessen be.<\/p>\n<\/div>\n","protected":false},"excerpt":{"rendered":"<p>Elkezd\u0151d\u00f6tt az orsz\u00e1g legnagyobb fels\u0151oktat\u00e1si tehets\u00e9ggondoz\u00f3 versenye, a XXXII. Orsz\u00e1gos Tudom\u00e1nyos Di\u00e1kk\u00f6ri Konferencia (OTDK) Orvos- \u00e9s Eg\u00e9szs\u00e9gtudom\u00e1nyi Szekci\u00f3ja a Semmelweis Egyetemen, melyen az elm\u00falt k\u00e9t \u00e9v sor\u00e1n kiv\u00e1lasztott 506 hallgat\u00f3 versenyez t\u00edz fels\u0151oktat\u00e1si int\u00e9zm\u00e9nyb\u0151l, k\u00f6zt\u00fck k\u00e9t hat\u00e1ron t\u00fali egyetemr\u0151l. Dr. Merkely B\u00e9la, a szekci\u00f3 \u00fcgyvezet\u0151 eln\u00f6ke \u00fagy fogalmazott: ez a tudom\u00e1ny komoly \u00fcnnepe, amit szeretn\u00e9nek &hellip;<\/p>\n","protected":false},"author":155,"featured_media":0,"comment_status":"closed","ping_status":"closed","sticky":false,"template":"","format":"standard","meta":{"_acf_changed":false,"footnotes":""},"categories":[5],"tags":[734],"class_list":["post-54743","post","type-post","status-publish","format-standard","hentry","category-cikkek","tag-kozlemeny"],"acf":[],"_links":{"self":[{"href":"https:\/\/semmelweis.hu\/mediasarok\/wp-json\/wp\/v2\/posts\/54743","targetHints":{"allow":["GET"]}}],"collection":[{"href":"https:\/\/semmelweis.hu\/mediasarok\/wp-json\/wp\/v2\/posts"}],"about":[{"href":"https:\/\/semmelweis.hu\/mediasarok\/wp-json\/wp\/v2\/types\/post"}],"author":[{"embeddable":true,"href":"https:\/\/semmelweis.hu\/mediasarok\/wp-json\/wp\/v2\/users\/155"}],"replies":[{"embeddable":true,"href":"https:\/\/semmelweis.hu\/mediasarok\/wp-json\/wp\/v2\/comments?post=54743"}],"version-history":[{"count":3,"href":"https:\/\/semmelweis.hu\/mediasarok\/wp-json\/wp\/v2\/posts\/54743\/revisions"}],"predecessor-version":[{"id":151283,"href":"https:\/\/semmelweis.hu\/mediasarok\/wp-json\/wp\/v2\/posts\/54743\/revisions\/151283"}],"wp:attachment":[{"href":"https:\/\/semmelweis.hu\/mediasarok\/wp-json\/wp\/v2\/media?parent=54743"}],"wp:term":[{"taxonomy":"category","embeddable":true,"href":"https:\/\/semmelweis.hu\/mediasarok\/wp-json\/wp\/v2\/categories?post=54743"},{"taxonomy":"post_tag","embeddable":true,"href":"https:\/\/semmelweis.hu\/mediasarok\/wp-json\/wp\/v2\/tags?post=54743"}],"curies":[{"name":"wp","href":"https:\/\/api.w.org\/{rel}","templated":true}]}}