{"id":5417,"date":"2011-06-01T14:41:30","date_gmt":"2011-06-01T13:41:30","guid":{"rendered":"http:\/\/mediasarok.sote.hu\/?p=5417"},"modified":"2025-10-28T11:09:52","modified_gmt":"2025-10-28T10:09:52","slug":"5417","status":"publish","type":"post","link":"https:\/\/semmelweis.hu\/mediasarok\/2011\/06\/01\/5417\/","title":{"rendered":"Hasmen\u00e9sj\u00e1rv\u00e1ny: T\u00e9nyek \u00e9s adatok"},"content":{"rendered":"<p>Folyamatosan friss\u00fcl\u0151 inform\u00e1ci\u00f3k a SE III. sz. Belgy\u00f3gy\u00e1szati Klinika kutat\u00f3laborat\u00f3riumi oldal\u00e1n, a <a href=\"www.kutlab.hu\">www.kutlab.hu<\/a> oldalon olvashat\u00f3k.<\/p>\n<p>Az aktu\u00e1lisan zajl\u00f3 n\u00e9metorsz\u00e1gi EHEC j\u00e1rv\u00e1nnyal, \u00e9s a sz\u00f6v\u0151dm\u00e9nyek\u00e9nt fell\u00e9p\u0151 HUS-al kapcsolatos inform\u00e1ci\u00f3kat szedt\u00fcnk csokorba a k\u00f6vetkez\u0151 h\u00edrben.<\/p>\n<p>A 2011. m\u00e1jus elej\u00e9n kezd\u0151d\u0151, els\u0151sorban \u00e9szak-n\u00e9metorsz\u00e1gi ter\u00fcletr\u0151l kiindul\u00f3 <strong>hasmen\u00e9s j\u00e1rv\u00e1ny<\/strong> eddig feltehet\u0151en t\u00f6bb, mint 2000 esetben okozott betegs\u00e9get (2011. j\u00fanius 5-ig bejelentett fert\u0151z\u00e9sek sz\u00e1ma 1605), \u00e9s a fert\u0151z\u00e9s s\u00falyos sz\u00f6v\u0151dm\u00e9nye, a hemolitikus ur\u00e9mi\u00e1s szindr\u00f3ma (<strong>HUS<\/strong>) eddig kb. 650 esetben l\u00e9pett fel (2011. j\u00fanius 5-ig bejelentett betegek sz\u00e1ma 658). Igazolt vagy gyan\u00fas eseteket jelentettek az elm\u00falt napokban Sv\u00e9dorsz\u00e1gb\u00f3l, D\u00e1ni\u00e1b\u00f3l, Hollandi\u00e1b\u00f3l \u00e9s Nagy-Britanni\u00e1b\u00f3l is. A magyarorsz\u00e1gi j\u00e1rv\u00e1ny\u00fcgyi helyzettel kapcsolatban ld. az Orsz\u00e1gos Epidemiol\u00f3giai K\u00f6zpont <a href=\"http:\/\/www.oek.hu\/oek.web?to=,839&amp;nid=41&amp;pid=11&amp;lang=hun\" target=\"_blank\" rel=\"noopener noreferrer\">rendk\u00edv\u00fcli t\u00e1j\u00e1koztat\u00f3j\u00e1t<\/a> \u00e9s <a href=\"http:\/\/www.oek.hu\/oek.web?to=1912&amp;nid=1022&amp;pid=1&amp;lang=hun\" target=\"_blank\" rel=\"noopener noreferrer\">lakoss\u00e1gi t\u00e1j\u00e9koztat\u00f3j\u00e1t<\/a>.<\/p>\n<p>A fert\u0151z\u00e9st egy bakt\u00e9rium okozza, amley az <strong>E<\/strong>ntero<strong>h<\/strong>emorr\u00e1gi\u00e1s <strong>E<\/strong>scherichia <strong>c<\/strong>oli (EHEC) csoportba tartozik. Az aktu\u00e1lis j\u00e1rv\u00e1nyt okoz\u00f3 bakt\u00e9rium <a href=\"http:\/\/www.ehec.org\/pdf\/LaborInfo_30052011.pdf\" target=\"_blank\" rel=\"noopener noreferrer\">pontos laborat\u00f3riumi azonos\u00edt\u00e1sa<\/a> megt\u00f6rt\u00e9nt (HUSEC041 vagy E. coli O104:H4), a kimutat\u00e1s\u00e1ra alkalmas <a href=\"http:\/\/www.aerztezeitung.de\/medizin\/krankheiten\/infektionskrankheiten\/magen-darminfekte\/article\/657013\/ehec-schnelltest.html\" target=\"_blank\" rel=\"noopener noreferrer\">gyorsteszt <\/a>kifejleszt\u00e9sre ker\u00fclt. A lappang\u00e1si id\u0151 (a fert\u0151z\u00e9s\u0151l a t\u00fcnetek megjelen\u00e9s\u00e9ig) \u00e1ltal\u00e1ban 4, maximum 8 nap.<\/p>\n<p>A j\u00e1rv\u00e1nyt a k\u00f6z\u00f6ns\u00e9ges b\u00e9lbakt\u00e9rium olyan t\u00f6rzse okozza, amely t\u00f6bbf\u00e9le k\u00f3rokoz\u00f3 tulajdons\u00e1got &#8222;szedett \u00f6ssze&#8221;, \u00e9s \u00edgy k\u00e9pes a b\u00e9lfal v\u00e9delmi rendszer\u00e9t kij\u00e1tszva \u00e1thatolni \u00e9s toxikus anyagokkal el\u00e1rasztani a beteg kering\u00e9s\u00e9t. A fert\u0151z\u00e9s az \u00e9rintettek t\u00f6bbs\u00e9g\u00e9ben enyhe vagy k\u00f6zepesen s\u00falyos lefoly\u00e1s\u00fa \u00e9s spont\u00e1n meggy\u00f3gyul. A betegek egy r\u00e9sz\u00e9ben azonban s\u00falyos, \u00e9letvesz\u00e9lyes <strong>sz\u00f6v\u0151dm\u00e9ny<\/strong> alakulhat ki (<strong>HUS<\/strong>), ennek jellemz\u0151je az akut <a href=\"http:\/\/www.webbeteg.hu\/cikkek\/vesebetegseg\/100\/akut-veseelegtelenseg\" target=\"_blank\" rel=\"noopener noreferrer\">veseel\u00e9gtelens\u00e9g<\/a> \u00e9s a <a href=\"http:\/\/www.webbeteg.hu\/cikkek\/hematologiai_betegseg\/145\/a-verszegenyseg-%28anaemia%29\" target=\"_blank\" rel=\"noopener noreferrer\">v\u00e9rszeg\u00e9nys\u00e9g<\/a>. A sz\u00f6v\u0151dm\u00e9ny kialakul\u00e1s\u00e1\u00e9rt egy m\u00e9reganyag (toxin) felel\u0151s (<a href=\"http:\/\/en.wikipedia.org\/wiki\/Shiga-like_toxin\" target=\"_blank\" rel=\"noopener noreferrer\">shiga-like toxin 2<\/a>), amely az \u00e9rp\u00e1ly\u00e1t b\u00e9lel\u0151 sejteket k\u00e1ros\u00edtva a v\u00e9rlemezk\u00e9k aktiv\u00e1l\u00f3d\u00e1s\u00e1hoz, v\u00e9r-r\u00f6g\u00f6s\u00f6d\u00e9shez \u00e9s a v\u00f6r\u00f6sv\u00e9rtestek sz\u00e9tes\u00e9s\u00e9hez vezet. A fert\u0151z\u00e9s antibiotikus kezel\u00e9se nem javasolt, a HUS sz\u00f6v\u0151dm\u00e9ny fokozott kialakul\u00e1s\u00e1t \u00e9szlelt\u00e9k antibiotikus kezel\u00e9sben r\u00e9szes\u00fcl\u0151 betegekben. A N\u00e9met Infektol\u00f3giai T\u00e1rsas\u00e1g <a href=\"http:\/\/ecdc.europa.eu\/en\/healthtopics\/escherichia_coli\/clinical_reference_information\/Documents\/DGI%20position%20paper_EHECantibiotics_English%20version%20plus%20references_20110604.pdf\" target=\"_blank\" rel=\"noopener noreferrer\">antibiotikum kezel\u00e9ssel kapcsolatos konszenzus aj\u00e1nl\u00e1s\u00e1t ld. itt<\/a> (2011. j\u00fanius 1).<\/p>\n<p><strong>Mi az a HUS? <\/strong><\/p>\n<p>H: azaz <em>Hemolitikus<\/em>. Ez a fogalom a v\u00e9rszeg\u00e9nys\u00e9g (an\u00e9mia) bizonyos t\u00edpus\u00e1ra utal, melynek sor\u00e1n a v\u00f6r\u00f6sv\u00e9rtestek k\u00e1rosodnak, kilyukadnak. A k\u00e1rosod\u00e1s f\u0151 ok\u00e1t a kiserekben tal\u00e1lhat\u00f3 v\u00e9rr\u00f6g\u00f6k k\u00e9pezik, a v\u00e9r\u00e1raml\u00e1s sor\u00e1n a r\u00e9szlegesen elz\u00e1r\u00f3dott kisereken val\u00f3 \u201e\u00e1tgy\u00f6m\u00f6sz\u00f6l\u0151d\u00e9s\u201d sor\u00e1n k\u00e1rosodik a v\u00f6r\u00f6sv\u00e9rtestek membr\u00e1nja.<\/p>\n<p>U: azaz <em>ur\u00e9mi\u00e1s<\/em>. Ez a sz\u00f3 a veseel\u00e9gtelens\u00e9gre (m\u00e9reganyagok cs\u00f6kkent kiv\u00e1laszt\u00e1sa a ves\u00e9n kereszt\u00fcl) utal, melynek egyik jele a v\u00e9r\u00e1ramban felszaporod\u00f3 karbamid (urea).<\/p>\n<p>S: vagyis <em>szindr\u00f3ma<\/em>. A sz\u00f3 jelent\u00e9se t\u00fcnetcsoport vagy t\u00fcnetegy\u00fcttes. A betegs\u00e9gek le\u00edr\u00e1s\u00e1n\u00e1l abban az esetben haszn\u00e1lj\u00e1k a \u201eszindr\u00f3ma\u201d megfogalmaz\u00e1st, ha egy betegs\u00e9gnek nincs egyetlen j\u00f3l meghat\u00e1rozhat\u00f3 jele vagy oka, hanem t\u00f6bbf\u00e9le t\u00e9nyez\u0151 (t\u00fcnet, jel) egy\u00fcttes el\u0151fordul\u00e1sa eset\u00e9n lehet kimondani a betegs\u00e9g fenn\u00e1ll\u00e1s\u00e1t, azaz a diagn\u00f3zist.<\/p>\n<p><strong>Ismert betegs\u00e9g volt kor\u00e1bban az EHEC fert\u0151z\u00e9s \u00e9s a HUS? <\/strong><\/p>\n<p>Igen, rendszeresen, minden \u00e9vben fell\u00e9pett hasonl\u00f3 EHEC fert\u0151z\u00e9s Eur\u00f3p\u00e1ban \u00e9s az Egyes\u00fclt \u00c1llamokban is, ritk\u00e1n a mostanihoz hasonl\u00f3 nagy j\u00e1rv\u00e1ny form\u00e1j\u00e1ban is. Magyarorsz\u00e1gon is \u00e9vente t\u00f6bb, izol\u00e1lt esetben volt igazolhat\u00f3 EHEC t\u00f6rzs v\u00e9res hasmen\u00e9s h\u00e1tter\u00e9ben, hazai nagy j\u00e1rv\u00e1ny kialakul\u00e1s\u00e1ra eddig nem volt p\u00e9lda. Megjegyzend\u0151, hogy a mostani j\u00e1rv\u00e1nyban azonos\u00edtott t\u00f6rzs (HUSEC041 vagy E. coli O104:H4) eddig nem okozott jelent\u0151s sz\u00e1mban betegs\u00e9get, azonban kor\u00e1bban is jellemz\u0151je volt az EHEC fert\u0151z\u00e9seknek, hogy t\u00f6bbf\u00e9le t\u00f6rzs okozott hasonl\u00f3 betegs\u00e9get. EHEC fert\u0151z\u00e9st k\u00f6vet\u0151 HUS sz\u00f6v\u0151dm\u00e9ny kialakul\u00e1s\u00e1ra is volt p\u00e9lda minden \u00e9vben (Magyarorsz\u00e1gon is), az \u00e9rintett betegek \u00fan. t\u00edpusos k\u00f3rlefoly\u00e1st mutattak, vagyis 1-2 h\u00f3nap k\u00f3rh\u00e1zi kezel\u00e9st k\u00f6vet\u0151en teljesen meggy\u00f3gyultak, maradv\u00e1nyt\u00fcnet, tart\u00f3s vesek\u00e1rosod\u00e1s nem alakult ki. Laborat\u00f3riumunkban a kor\u00e1bban leggyakrabban fell\u00e9p\u0151 O157-es EHEC t\u00f6rzs okozta fert\u0151z\u00e9sek <a href=\"http:\/\/www.kutlab.hu\/122-29607.php\" target=\"_blank\" rel=\"noopener noreferrer\">kimutat\u00e1s\u00e1t v\u00e9gezz\u00fck<\/a>, a jelenlegi j\u00e1rv\u00e1nyt okoz\u00f3 t\u00f6rzs kimutat\u00e1s\u00e1ra m\u00e9g nincs lehet\u0151s\u00e9g\u00fcnk.<\/p>\n<p><strong>Kor\u00e1bban is feln\u0151ttek eset\u00e9n okozott fert\u0151z\u00e9st az EHEC?<\/strong><\/p>\n<p>Nem, els\u0151sorban gyermekek betegs\u00e9ge volt az EHEC okozta hasmen\u00e9s \u00e9s az annak sz\u00f6v\u0151dm\u00e9nyek\u00e9nt fell\u00e9p\u0151 t\u00edpusos HUS. Az aktu\u00e1lis j\u00e1rv\u00e1nyt egy \u00fajfajta k\u00f3rokoz\u00f3 okozza, mellyel szemben kor\u00e1bban nem alakult ki v\u00e9detts\u00e9g. A mostani j\u00e1rv\u00e1ny els\u0151sorban feln\u0151tteket \u00e9rint.<\/p>\n<p><strong>Kezelhet\u0151 a HUS sz\u00f6v\u0151dm\u00e9ny?<\/strong><\/p>\n<p>Az EHEC fert\u0151z\u00e9s hat\u00e1s\u00e1ra fell\u00e9p\u0151 veseel\u00e9gtelens\u00e9g \u00e9s v\u00e9rszeg\u00e9nys\u00e9g t\u00fcneti kezel\u00e9st ig\u00e9nyel, a kor\u00e1bbi tapasztalatok alapj\u00e1n ezekkel a kezel\u00e9sekkel a betegek d\u00f6nt\u0151 t\u00f6bbs\u00e9ge tart\u00f3s k\u00e1rosod\u00e1s n\u00e9lk\u00fcl meggy\u00f3gy\u00edthat\u00f3. A jelen j\u00e1rv\u00e1ny sor\u00e1n els\u0151 alkalommal ker\u00fclt alkalmaz\u00e1sra egy \u00fajfajta, \u00fan. biol\u00f3giai ter\u00e1pi\u00e1s szer, az <a href=\"http:\/\/en.wikipedia.org\/wiki\/Eculizumab\" target=\"_blank\" rel=\"noopener noreferrer\">eculizumab<\/a>. Az eculizumab egy <a href=\"http:\/\/en.wikipedia.org\/wiki\/Humanized_antibody\" target=\"_blank\" rel=\"noopener noreferrer\">humaniz\u00e1lt monoklon\u00e1lis ellenanyag<\/a>, amely a <a href=\"http:\/\/www.elitmed.hu\/folyoiratok\/immun\/0304\/6.htm\" target=\"_blank\" rel=\"noopener noreferrer\">komplementrendszer <\/a>aktiv\u00e1l\u00f3d\u00e1s\u00e1n\u00e1k g\u00e1tl\u00e1s\u00e1ra ker\u00fclt kifejleszt\u00e9sre. Eredetileg <a href=\"http:\/\/en.wikipedia.org\/wiki\/Paroxysmal_nocturnal_hemoglobinuria\" target=\"_blank\" rel=\"noopener noreferrer\">m\u00e1s betegs\u00e9g<\/a> kezel\u00e9s\u00e9re t\u00f6rzsk\u00f6nyvezt\u00e9k, azonban 2010 v\u00e9g\u00e9n besz\u00e1moltak az <a href=\"http:\/\/www.alxn.com\/News\/article.aspx?relid=532082\" target=\"_blank\" rel=\"noopener noreferrer\">els\u0151 kedvez\u0151 klinikai tapasztalatokr\u00f3l at\u00edpusos HUS vonatkoz\u00e1s\u00e1ban.<\/a> Az at\u00edpusos HUS jellegzetess\u00e9ge a komplementaktiv\u00e1ci\u00f3 k\u00f3ros fokoz\u00f3d\u00e1sa, melyet az aktu\u00e1lis j\u00e1rv\u00e1ny sor\u00e1n fell\u00e9p\u0151 HUS sz\u00f6v\u0151dm\u00e9ny h\u00e1tter\u00e9ben is felt\u00e9teleztek. Az els\u0151 tapasztalatok szerint <a href=\"http:\/\/www.klinikum.uni-heidelberg.de\/\" target=\"_blank\" rel=\"noopener noreferrer\">sikerrel alkalmazhat\u00f3<\/a> ez az antitestk\u00e9sz\u00edtm\u00e9ny tart\u00f3s vesek\u00e1rosod\u00e1s \u00e9s a hal\u00e1lesetek megel\u0151z\u00e9s\u00e9re.<\/p>\n<p>Az EHEC fert\u0151z\u00e9st k\u00f6vet\u0151 HUS sz\u00f6v\u0151dm\u00e9ny eculizumabbal val\u00f3 kezel\u00e9s\u00e9t bemutat\u00f3 szakcikk <a href=\"http:\/\/www.ncbi.nlm.nih.gov\/pubmed\/21612462\" target=\"_blank\" rel=\"noopener noreferrer\">el\u00e9rhet\u0151 itt. <\/a><\/p>\n<p><strong>Milyen t\u00fcnetei lehetnek az EHEC fert\u0151z\u00e9snek \u00e9s sz\u00f6v\u0151dm\u00e9nyeinek?<\/strong><\/p>\n<p><strong>2011. j\u00fanius 2-i h\u00edrek<\/strong> szerint t\u00f6bb olyan beteget is \u00e9szleltek N\u00e9metorsz\u00e1gban, akinek nem volt hasmen\u00e9se, azonban a fert\u0151z\u00e9s sz\u00f6v\u0151dm\u00e9nyei megjelentek. Olyan betegekr\u0151l is besz\u00e1moltak, akikn\u00e9l <strong>idegrendszeri t\u00fcnetek<\/strong> (pl. besz\u00e9dzavar, epilepszi\u00e1s roham) jelentek meg. Ismert, hogy ritk\u00e1n az EHEC fert\u0151z\u00e9s nem\u00a0okoz hasmen\u00e9st vagy v\u00e9res hasmen\u00e9st, ugyanakkor a k\u00f3rokoz\u00f3 bakt\u00e9rium jelen lehet a b\u00e9lcsatorn\u00e1ban. Az is ismert volt kor\u00e1bban, hogy az EHEC fert\u0151z\u00e9ssel kapcsolatban kialakul\u00f3 hemolitikus ur\u00e9mi\u00e1s szindr\u00f3ma t\u00fcnetei k\u00f6z\u00f6tt gyakran szerepelnek idegrendszeri t\u00fcnetek (is). A HUS sz\u00f6v\u0151dm\u00e9ny kialakul\u00e1sa szempontj\u00e1b\u00f3l a szervezet kis ereinek k\u00e1ros\u00e1d\u00e1sa a d\u00f6nt\u0151, amely ha els\u0151sorban a vese ereit \u00e9rinti akkor veseel\u00e9gtelens\u00e9get, m\u00edg ha m\u00e1s ereket (is) \u00e9rint (pl. agyi kapill\u00e1risok), akkor annak megfelel\u0151 t\u00fcnetek jelenhetnek meg. L\u00e9nyeges, hogy a hat\u00e9kony kezel\u00e9s hat\u00e1s\u00e1ra a legt\u00f6bb \u00e9rintett beteg maradv\u00e1nyt\u00fcnet n\u00e9lk\u00fcl meggy\u00f3gyul, \u00e9s az \u00faj\u00f3nnan alkalmazott kezel\u00e9s (eculizumab) az idegrendszeri k\u00e1rosod\u00e1st okoz\u00f3 folyamatok megg\u00e1tl\u00e1s\u00e1ra is alkalmas.<\/p>\n<p>EHEC j\u00e1rv\u00e1ny, mint bioterrorista akci\u00f3?<\/p>\n<p>Els\u0151sorban a LifeGen.de honlapr\u00f3l kiindulva kezdett terjedni az a m\u00e9m, hogy a n\u00e9metorsz\u00e1gi EHEC j\u00e1rv\u00e1ny bioterrorista akci\u00f3 lenne. A h\u00edr terjeszt\u0151i azzal \u00e9rvelnek, hogy nem volt azonos\u00edthat\u00f3 a fert\u0151z\u0151 forr\u00e1s eddig (2011. j\u00fanius 2), ilyen fenyeget\u00e9s napvil\u00e1gra ker\u00fclt Bin Laden likvid\u00e1l\u00e1s\u00e1t k\u00f6vet\u0151en, \u00e9s eddig nem l\u00e1tott k\u00f3rokoz\u00f3 (melyet mut\u00e1nsnak is neveznek) \u00e1ll a j\u00e1rv\u00e1ny h\u00e1tter\u00e9ben. A h\u00edrt sajnos a Spiegel online kiad\u00e1sa, \u00e9s tov\u00e1bbi m\u00e9rt\u00e9kad\u00f3 m\u00e9diumok is \u00e1tvett\u00e9k j\u00fanius 3-\u00e1n. A k\u00e9rd\u00e9s meg\u00edt\u00e9l\u00e9s\u00e9hez azt sz\u00fcks\u00e9ges m\u00e9rlegelni, hogy a k\u00f3rokoz\u00f3 (E. coli O104:H4, azaz EHEC041 szero\u00edpus) \u00e9vek \u00f3ta ismert, olyannyira, hogy a n\u00e9met EHEC t\u00f6rzsgy\u0171jtem\u00e9nyben 2001 \u00f3ta jelen van. Az aktu\u00e1lis j\u00e1rv\u00e1nyt okoz\u00f3 t\u00f6rzs annyiban k\u00fclnb\u00f6zik az eddig ismert EHEC t\u00f6rzsekt\u0151l, hogy a m\u00e9reganyag (shiga-like toxin 2) termel\u0151 k\u00e9pess\u00e9g mellett jellemz\u0151 r\u00e1 az entero-aggregat\u00edv (t\u00f6bb bakt\u00e9rium \u00f6sszecsapz\u00f3dva tapad a b\u00e9lfalhoz) viselked\u00e9s \u00e9s antibiotikum rezisztencia (extended spectrum beta lactamase, ESBL) is. Ez nem \u00faj mut\u00e1ci\u00f3, hanem kor\u00e1bban is ismert k\u00f3rokoz\u00f3 tulajdons\u00e1gok tal\u00e1lkoz\u00e1sa, egyes\u00fcl\u00e9se a bakt\u00e9riumban. Helyesebb ez\u00e1ltal \u00fagy fogalmazni, hogy az aktu\u00e1lis t\u00f6rzs hibrid vagy kim\u00e9ra, de nem \u00faj mut\u00e1ns. \u00c9s lehet-e ez ember \u00e1ltal alkotott &#8222;kl\u00f3n&#8221;? 100%-ban nem z\u00e1rhat\u00f3 ki, de azok a t\u00e9nyek, hogy ehhez hasonl\u00f3 folyamatok (k\u00f3rokoz\u00f3k &#8222;<a href=\"http:\/\/www.kutlab.hu\/documents\/a_husec041_krokoz_kialakulsnak_felttelezett_mdja.pptx\">\u00f6sszeszerel\u0151d\u00e9se<\/a>&#8222;) term\u00e9szetesen is el\u0151fordultak m\u00e1r \u00e9s minden alkatr\u00e9sz ismert volt kor\u00e1bban, 99,99%-ban a fenti felt\u00e9telez\u00e9s ellen sz\u00f3lnak. Ez a k\u00f3rokoz\u00f3 a term\u00e9szetes biol\u00f3giai folyamatok sor\u00e1n egy szarvasmarha b\u00e9lcsatorn\u00e1j\u00e1ban is kialakulhatott.<\/p>\n<p><a href=\"http:\/\/www.klinikum.uni-muenster.de\/index.php?id=vollstaendiger_artikel&amp;tx_ttnews[tt_news]=1597&amp;cHash=2a76edd07536eb02c836f8d57fee7bf2\" target=\"_blank\" rel=\"noopener noreferrer\">A k\u00f3rokoz\u00f3t pontosan azonos\u00edt\u00f3 n\u00e9met munkacsoport jelent\u00e9se<\/a><\/p>\n<p>A magyar coli referencialaborat\u00f3rium<a href=\"http:\/\/www.oek.hu\/oek.web?to=1912&amp;nid=1022&amp;pid=1&amp;lang=hun\" target=\"_blank\" rel=\"noopener noreferrer\"> t\u00e1j\u00e9koztat\u00f3ja a k\u00f3rokoz\u00f3val kapcsoaltban<\/a><\/p>\n<p>A j\u00e1rv\u00e1ny\u00fcgyi adatok alakul\u00e1sa: <a href=\"http:\/\/www.kutlab.hu\/documents\/a_bejelentett_ehec_fertzsek_s_hus_szvdmnyek_sszestett.pptx\">A bejelentett EHEC fer\u0151z\u00e9sek \u00e9s HUS sz\u00f6v\u0151dm\u00e9nyek sz\u00e1m\u00e1nak alakul\u00e1sa<\/a>, ill. a <a href=\"http:\/\/www.kutlab.hu\/documents\/bejelentett_hus_megbetegedsek_szma_a_hasmens_megjelensnek.pptx\">HUS sz\u00f6v\u0151dm\u00e9nyek sz\u00e1m\u00e1nak alakul\u00e1sa<\/a> a hasmen\u00e9s kialakul\u00e1s\u00e1t k\u00f6vet\u0151en.<\/p>\n<p>A HUSEC 041 k\u00f3rokoz\u00f3<a href=\"http:\/\/www.kutlab.hu\/documents\/a_husec041_krokoz_kialakulsnak_felttelezett_mdja.pptx\"> felt\u00e9telezett kialakul\u00e1sa \u00e9s a j\u00e1rv\u00e1ny terjed\u00e9s\u00e9nek lehets\u00e9ges \u00fatja<\/a>.<\/p>\n<p>A HUS diagnosztik\u00e1j\u00e1val \u00e9s kezel\u00e9s\u00e9vel kapcsolatos magyarorsz\u00e1gi tapasztalatainkat bemutat\u00f3 tudom\u00e1nyos dolgozat el\u00e9rhet\u0151 a <a href=\"http:\/\/www.sciencedirect.com\/science\/article\/pii\/S0041134511005860\" target=\"_blank\" rel=\"noopener noreferrer\">foly\u00f3irat honlapj\u00e1n<\/a>.<\/p>\n<p>\u00d6ssze\u00e1ll\u00edtotta: <a href=\"http:\/\/www.kutlab.hu\/prohaszka_zoltan.php\" target=\"_blank\" rel=\"noopener noreferrer\">Dr. Proh\u00e1szka Zolt\u00e1n<\/a><\/p>\n<p style=\"text-align: justify\">Sajt\u00f3kapcsolat:<\/p>\n<p style=\"text-align: justify\">Kov\u00e1cs Eszter 20\/663-2206,<\/p>\n<p style=\"text-align: justify\">Szuchy Zsuzsanna 20\/663-2054<\/p>\n","protected":false},"excerpt":{"rendered":"<p>Folyamatosan friss\u00fcl\u0151 inform\u00e1ci\u00f3k a SE III. sz. Belgy\u00f3gy\u00e1szati Klinika kutat\u00f3laborat\u00f3riumi oldal\u00e1n, a <a href=\"www.kutlab.hu\">www.kutlab.hu<\/a> oldalon olvashat\u00f3k. Az aktu\u00e1lisan zajl\u00f3 n\u00e9metorsz\u00e1gi EHEC j\u00e1rv\u00e1nnyal, \u00e9s a sz\u00f6v\u0151dm\u00e9nyek\u00e9nt fell\u00e9p\u0151 HUS-al kapcsolatos inform\u00e1ci\u00f3kat szedt\u00fcnk csokorba a k\u00f6vetkez\u0151 h\u00edrben. A 2011. m\u00e1jus elej\u00e9n kezd\u0151d\u0151, els\u0151sorban \u00e9szak-n\u00e9metorsz\u00e1gi ter\u00fcletr\u0151l kiindul\u00f3 hasmen\u00e9s j\u00e1rv\u00e1ny eddig feltehet\u0151en t\u00f6bb, mint 2000 esetben okozott betegs\u00e9get (2011. j\u00fanius 5-ig bejelentett &hellip;<\/p>\n","protected":false},"author":155,"featured_media":0,"comment_status":"closed","ping_status":"open","sticky":false,"template":"","format":"standard","meta":{"_acf_changed":false,"footnotes":""},"categories":[5],"tags":[734],"class_list":["post-5417","post","type-post","status-publish","format-standard","hentry","category-cikkek","tag-kozlemeny"],"acf":[],"_links":{"self":[{"href":"https:\/\/semmelweis.hu\/mediasarok\/wp-json\/wp\/v2\/posts\/5417","targetHints":{"allow":["GET"]}}],"collection":[{"href":"https:\/\/semmelweis.hu\/mediasarok\/wp-json\/wp\/v2\/posts"}],"about":[{"href":"https:\/\/semmelweis.hu\/mediasarok\/wp-json\/wp\/v2\/types\/post"}],"author":[{"embeddable":true,"href":"https:\/\/semmelweis.hu\/mediasarok\/wp-json\/wp\/v2\/users\/155"}],"replies":[{"embeddable":true,"href":"https:\/\/semmelweis.hu\/mediasarok\/wp-json\/wp\/v2\/comments?post=5417"}],"version-history":[{"count":3,"href":"https:\/\/semmelweis.hu\/mediasarok\/wp-json\/wp\/v2\/posts\/5417\/revisions"}],"predecessor-version":[{"id":173271,"href":"https:\/\/semmelweis.hu\/mediasarok\/wp-json\/wp\/v2\/posts\/5417\/revisions\/173271"}],"wp:attachment":[{"href":"https:\/\/semmelweis.hu\/mediasarok\/wp-json\/wp\/v2\/media?parent=5417"}],"wp:term":[{"taxonomy":"category","embeddable":true,"href":"https:\/\/semmelweis.hu\/mediasarok\/wp-json\/wp\/v2\/categories?post=5417"},{"taxonomy":"post_tag","embeddable":true,"href":"https:\/\/semmelweis.hu\/mediasarok\/wp-json\/wp\/v2\/tags?post=5417"}],"curies":[{"name":"wp","href":"https:\/\/api.w.org\/{rel}","templated":true}]}}