{"id":53153,"date":"2015-02-06T08:13:23","date_gmt":"2015-02-06T07:13:23","guid":{"rendered":"http:\/\/semmelweis.hu\/mediasarok\/?p=53153"},"modified":"2019-06-11T15:10:45","modified_gmt":"2019-06-11T13:10:45","slug":"genkutatas-csucstechnologiaval-a-semmelweis-egyetemen-3","status":"publish","type":"post","link":"https:\/\/semmelweis.hu\/mediasarok\/2015\/02\/06\/genkutatas-csucstechnologiaval-a-semmelweis-egyetemen-3\/","title":{"rendered":"G\u00e9nkutat\u00e1s cs\u00facstechnol\u00f3gi\u00e1val a Semmelweis Egyetemen"},"content":{"rendered":"<p>Idegrendszeri betegs\u00e9gek (\u00edgy p\u00e9ld\u00e1ul az Alzheimer-k\u00f3r, Parkinson k\u00f3r, skizofr\u00e9nia, autizmus), ritka \u00f6r\u00f6kletes betegs\u00e9gek, daganatok \u00e9s agyi \u00e1tt\u00e9tek kialakul\u00e1s\u00e1nak vizsg\u00e1lata, kutat\u00e1sa v\u00e1lik nagys\u00e1grendekkel hat\u00e9konyabb\u00e1 a Semmelweis Egyetem Genomikai Medicina \u00e9s Ritka Betegs\u00e9gek Int\u00e9zet\u00e9nek \u00faj g\u00e9p\u00e9vel, mely k\u00e9pes a teljes emberi g\u00e9nk\u00e9szlet gyors szekven\u00e1l\u00e1s\u00e1ra.<\/p>\n<p>Fot\u00f3k: Kov\u00e1cs Attila &#8211; Semmelweis Egyetem<\/p>\n\r\n        [slb_exclude]\r\n        <div class=\"row galeria-wrapper mx-0 h-auto\">\r\n            <div class=\"col-9 pl-0 pr-2\">\r\n            <span class=\"gallery-item frame\">\r\n\t\t\t\t<div class=\"galeria-left-img\"><a href=\"https:\/\/semmelweis.hu\/mediasarok\/files\/2015\/02\/RS28030_KA-20150204-IMG_4879-genszekvenalo-scr.jpg\"><img src=https:\/\/semmelweis.hu\/mediasarok\/files\/2015\/02\/RS28030_KA-20150204-IMG_4879-genszekvenalo-scr.jpg  \r\n                            alt=\"\" \r\n                            class=\"attachment-sote-gallery-big size-sote-gallery-big\" \r\n                            srcset=\"https:\/\/semmelweis.hu\/mediasarok\/files\/2015\/02\/RS28030_KA-20150204-IMG_4879-genszekvenalo-scr-300x200.jpg 300w, https:\/\/semmelweis.hu\/mediasarok\/files\/2015\/02\/RS28030_KA-20150204-IMG_4879-genszekvenalo-scr-450x300.jpg 450w, https:\/\/semmelweis.hu\/mediasarok\/files\/2015\/02\/RS28030_KA-20150204-IMG_4879-genszekvenalo-scr.jpg 950w\" ><\/a><\/div>\r\n            <\/span>\r\n\r\n            <\/div>\r\n\r\n\t\t\t<div class=\"col-3 pl-0 pr-0\">\r\n\t\t\t\t<div class=\"galeria-right-img d-flex justify-content-between flex-column h-100 w-100 px-0 mx-0 \">\r\n                <div class=\"galeria-box\">\r\n\t\t\t\t\t<h3 class=\"galeria-title\">Gal\u00e9ria<\/h3>\r\n\t\t\t\t\t<div class=\"galeria-subtitle\">\r\n\r\n\t\t\t\t\t\t<div class=\"galeria-page-counter\"><span>8<\/span>k\u00e9p<\/div>\r\n                    <\/div> <\/div>\r\n                    <span class=\"gallery-item frame d-none d-md-flex\">\r\n\t\t\t\t\t<div class=\"galeria-small-img mt-0\"><a href=\"https:\/\/semmelweis.hu\/mediasarok\/files\/2015\/02\/RS28029_KA-20150204-IMG_4880-genszekvenalo-scr.jpg\"><img src=https:\/\/semmelweis.hu\/mediasarok\/files\/2015\/02\/RS28029_KA-20150204-IMG_4880-genszekvenalo-scr.jpg \r\n                                alt=\"\"  \r\n                                class=\"attachment-sote-gallery-small size-sote-gallery-small\" \r\n                                srcset=\"https:\/\/semmelweis.hu\/mediasarok\/files\/2015\/02\/RS28029_KA-20150204-IMG_4880-genszekvenalo-scr-300x200.jpg 300w, https:\/\/semmelweis.hu\/mediasarok\/files\/2015\/02\/RS28029_KA-20150204-IMG_4880-genszekvenalo-scr-450x300.jpg 450w, https:\/\/semmelweis.hu\/mediasarok\/files\/2015\/02\/RS28029_KA-20150204-IMG_4880-genszekvenalo-scr.jpg 950w\" ><\/a><\/div>\r\n                    <\/span>\r\n                    <span class=\"gallery-item frame d-none d-md-flex\">\r\n\t\t\t\t\t<div class=\"galeria-small-img mt-0\"><a href=\"https:\/\/semmelweis.hu\/mediasarok\/files\/2015\/02\/RS28015_KA-20150204-IMG_4915-genszekvenalo-scr.jpg\"><img src=https:\/\/semmelweis.hu\/mediasarok\/files\/2015\/02\/RS28015_KA-20150204-IMG_4915-genszekvenalo-scr.jpg \r\n                                alt=\"\" \r\n                                class=\"attachment-sote-gallery-small size-sote-gallery-small\" \r\n                                srcset=\"https:\/\/semmelweis.hu\/mediasarok\/files\/2015\/02\/RS28015_KA-20150204-IMG_4915-genszekvenalo-scr-300x200.jpg 300w, https:\/\/semmelweis.hu\/mediasarok\/files\/2015\/02\/RS28015_KA-20150204-IMG_4915-genszekvenalo-scr-450x300.jpg 450w, https:\/\/semmelweis.hu\/mediasarok\/files\/2015\/02\/RS28015_KA-20150204-IMG_4915-genszekvenalo-scr.jpg 950w\" ><\/a><\/div>\r\n                    <\/span>\r\n\r\n                <\/div>\r\n\r\n            <\/div>\r\n\r\n            <span class=\"gallery-item\"><div class=\"hidden\"><a href=\"https:\/\/semmelweis.hu\/mediasarok\/files\/2015\/02\/RS28129_KA-20150206-IMG_1104-scr.jpg\">\r\n        <img src=https:\/\/semmelweis.hu\/mediasarok\/files\/2015\/02\/RS28129_KA-20150206-IMG_1104-scr.jpg alt=\"\" class=\"attachment-sote-gallery-big size-sote-gallery-big\" srcset=\"https:\/\/semmelweis.hu\/mediasarok\/files\/2015\/02\/RS28129_KA-20150206-IMG_1104-scr-300x200.jpg 300w, https:\/\/semmelweis.hu\/mediasarok\/files\/2015\/02\/RS28129_KA-20150206-IMG_1104-scr-450x300.jpg 450w, https:\/\/semmelweis.hu\/mediasarok\/files\/2015\/02\/RS28129_KA-20150206-IMG_1104-scr.jpg 950w\" >\r\n        <\/a><\/div><\/span><span class=\"gallery-item\"><div class=\"hidden\"><a href=\"https:\/\/semmelweis.hu\/mediasarok\/files\/2015\/02\/RS28126_KA-20150206-IMG_1120-scr.jpg\">\r\n        <img src=https:\/\/semmelweis.hu\/mediasarok\/files\/2015\/02\/RS28126_KA-20150206-IMG_1120-scr.jpg alt=\"\" class=\"attachment-sote-gallery-big size-sote-gallery-big\" srcset=\"https:\/\/semmelweis.hu\/mediasarok\/files\/2015\/02\/RS28126_KA-20150206-IMG_1120-scr-200x300.jpg 200w, https:\/\/semmelweis.hu\/mediasarok\/files\/2015\/02\/RS28126_KA-20150206-IMG_1120-scr.jpg 500w\" >\r\n        <\/a><\/div><\/span><span class=\"gallery-item\"><div class=\"hidden\"><a href=\"https:\/\/semmelweis.hu\/mediasarok\/files\/2015\/02\/RS28122_KA-20150206-IMG_1146-scr.jpg\">\r\n        <img src=https:\/\/semmelweis.hu\/mediasarok\/files\/2015\/02\/RS28122_KA-20150206-IMG_1146-scr.jpg alt=\"\" class=\"attachment-sote-gallery-big size-sote-gallery-big\" srcset=\"https:\/\/semmelweis.hu\/mediasarok\/files\/2015\/02\/RS28122_KA-20150206-IMG_1146-scr-300x200.jpg 300w, https:\/\/semmelweis.hu\/mediasarok\/files\/2015\/02\/RS28122_KA-20150206-IMG_1146-scr-450x300.jpg 450w, https:\/\/semmelweis.hu\/mediasarok\/files\/2015\/02\/RS28122_KA-20150206-IMG_1146-scr.jpg 950w\" >\r\n        <\/a><\/div><\/span><span class=\"gallery-item\"><div class=\"hidden\"><a href=\"https:\/\/semmelweis.hu\/mediasarok\/files\/2015\/02\/RS28118_KA-20150206-IMG_1158-scr.jpg\">\r\n        <img src=https:\/\/semmelweis.hu\/mediasarok\/files\/2015\/02\/RS28118_KA-20150206-IMG_1158-scr.jpg alt=\"\" class=\"attachment-sote-gallery-big size-sote-gallery-big\" srcset=\"https:\/\/semmelweis.hu\/mediasarok\/files\/2015\/02\/RS28118_KA-20150206-IMG_1158-scr-300x200.jpg 300w, https:\/\/semmelweis.hu\/mediasarok\/files\/2015\/02\/RS28118_KA-20150206-IMG_1158-scr-450x300.jpg 450w, https:\/\/semmelweis.hu\/mediasarok\/files\/2015\/02\/RS28118_KA-20150206-IMG_1158-scr.jpg 950w\" >\r\n        <\/a><\/div><\/span><span class=\"gallery-item\"><div class=\"hidden\"><a href=\"https:\/\/semmelweis.hu\/mediasarok\/files\/2015\/02\/RS28107_KA-20150206-IMG_1193-scr.jpg\">\r\n        <img src=https:\/\/semmelweis.hu\/mediasarok\/files\/2015\/02\/RS28107_KA-20150206-IMG_1193-scr.jpg alt=\"\" class=\"attachment-sote-gallery-big size-sote-gallery-big\" srcset=\"https:\/\/semmelweis.hu\/mediasarok\/files\/2015\/02\/RS28107_KA-20150206-IMG_1193-scr-300x200.jpg 300w, https:\/\/semmelweis.hu\/mediasarok\/files\/2015\/02\/RS28107_KA-20150206-IMG_1193-scr-450x300.jpg 450w, https:\/\/semmelweis.hu\/mediasarok\/files\/2015\/02\/RS28107_KA-20150206-IMG_1193-scr.jpg 950w\" >\r\n        <\/a><\/div><\/span>\r\n            <\/div>\r\n\r\n            [\/slb_exclude]\r\n\t\n","protected":false},"excerpt":{"rendered":"<p>Idegrendszeri betegs\u00e9gek (\u00edgy p\u00e9ld\u00e1ul az Alzheimer-k\u00f3r, Parkinson k\u00f3r, skizofr\u00e9nia, autizmus), ritka \u00f6r\u00f6kletes betegs\u00e9gek, daganatok \u00e9s agyi \u00e1tt\u00e9tek kialakul\u00e1s\u00e1nak vizsg\u00e1lata, kutat\u00e1sa v\u00e1lik nagys\u00e1grendekkel hat\u00e9konyabb\u00e1 a Semmelweis Egyetem Genomikai Medicina \u00e9s Ritka Betegs\u00e9gek Int\u00e9zet\u00e9nek \u00faj g\u00e9p\u00e9vel, mely k\u00e9pes a teljes emberi g\u00e9nk\u00e9szlet gyors szekven\u00e1l\u00e1s\u00e1ra.<br \/>\nFot\u00f3k: Kov\u00e1cs Attila &#8211; Semmelweis Egyetem<\/p>\n","protected":false},"author":169,"featured_media":53155,"comment_status":"closed","ping_status":"closed","sticky":false,"template":"","format":"standard","meta":{"_acf_changed":false,"footnotes":""},"categories":[413],"tags":[728],"class_list":["post-53153","post","type-post","status-publish","format-standard","has-post-thumbnail","hentry","category-galeria","tag-pozitiv"],"acf":[],"_links":{"self":[{"href":"https:\/\/semmelweis.hu\/mediasarok\/wp-json\/wp\/v2\/posts\/53153","targetHints":{"allow":["GET"]}}],"collection":[{"href":"https:\/\/semmelweis.hu\/mediasarok\/wp-json\/wp\/v2\/posts"}],"about":[{"href":"https:\/\/semmelweis.hu\/mediasarok\/wp-json\/wp\/v2\/types\/post"}],"author":[{"embeddable":true,"href":"https:\/\/semmelweis.hu\/mediasarok\/wp-json\/wp\/v2\/users\/169"}],"replies":[{"embeddable":true,"href":"https:\/\/semmelweis.hu\/mediasarok\/wp-json\/wp\/v2\/comments?post=53153"}],"version-history":[{"count":1,"href":"https:\/\/semmelweis.hu\/mediasarok\/wp-json\/wp\/v2\/posts\/53153\/revisions"}],"predecessor-version":[{"id":53162,"href":"https:\/\/semmelweis.hu\/mediasarok\/wp-json\/wp\/v2\/posts\/53153\/revisions\/53162"}],"wp:featuredmedia":[{"embeddable":true,"href":"https:\/\/semmelweis.hu\/mediasarok\/wp-json\/wp\/v2\/media\/53155"}],"wp:attachment":[{"href":"https:\/\/semmelweis.hu\/mediasarok\/wp-json\/wp\/v2\/media?parent=53153"}],"wp:term":[{"taxonomy":"category","embeddable":true,"href":"https:\/\/semmelweis.hu\/mediasarok\/wp-json\/wp\/v2\/categories?post=53153"},{"taxonomy":"post_tag","embeddable":true,"href":"https:\/\/semmelweis.hu\/mediasarok\/wp-json\/wp\/v2\/tags?post=53153"}],"curies":[{"name":"wp","href":"https:\/\/api.w.org\/{rel}","templated":true}]}}