{"id":53144,"date":"2014-12-26T08:06:31","date_gmt":"2014-12-26T07:06:31","guid":{"rendered":"http:\/\/semmelweis.hu\/mediasarok\/?p=53144"},"modified":"2019-06-11T15:11:20","modified_gmt":"2019-06-11T13:11:20","slug":"rekordszamu-szivatultetes-a-varosmajori-sziv-es-ergyogyaszati-klinikan","status":"publish","type":"post","link":"https:\/\/semmelweis.hu\/mediasarok\/2014\/12\/26\/rekordszamu-szivatultetes-a-varosmajori-sziv-es-ergyogyaszati-klinikan\/","title":{"rendered":"Rekordsz\u00e1m\u00fa sz\u00edv\u00e1t\u00fcltet\u00e9s a V\u00e1rosmajori Sz\u00edv- \u00e9s \u00c9rgy\u00f3gy\u00e1szati Klinik\u00e1n"},"content":{"rendered":"<p>Id\u00e9n minden eddigin\u00e9l t\u00f6bb sz\u00edv\u00e1t\u00fcltet\u00e9st v\u00e9geztek a Semmelweis Egyetem V\u00e1rosmajori Sz\u00edv- \u00e9s \u00c9rgy\u00f3gy\u00e1szati Klinik\u00e1n. Az 50. be\u00fcltet\u00e9st december 17-\u00e9n hajtott\u00e1k v\u00e9gre egy 41 \u00e9ves k\u00e9tgyermekes csal\u00e1dap\u00e1n, akinek \u00e9vek \u00f3ta s\u00falyos sz\u00edvel\u00e9gtelens\u00e9ge volt. A beteg \u00e1llapota kiel\u00e9g\u00edt\u0151, m\u00e1r s\u00e9t\u00e1l. Kar\u00e1csonykor csal\u00e1dja m\u00e1r az intenz\u00edv oszt\u00e1lyon l\u00e1togathatta, h\u00e1rom h\u00e9ten bel\u00fcl v\u00e1rhat\u00f3an hazaengedik.<\/p>\n<p>Fot\u00f3: Szigetv\u00e1ry Zsolt<\/p>\n\r\n        [slb_exclude]\r\n        <div class=\"row galeria-wrapper mx-0 h-auto\">\r\n            <div class=\"col-9 pl-0 pr-2\">\r\n            <span class=\"gallery-item frame\">\r\n\t\t\t\t<div class=\"galeria-left-img\"><a href=\"https:\/\/semmelweis.hu\/mediasarok\/files\/2015\/02\/RS26340__ZZS5844-scr.jpg\"><img src=https:\/\/semmelweis.hu\/mediasarok\/files\/2015\/02\/RS26340__ZZS5844-scr.jpg  \r\n                            alt=\"\" \r\n                            class=\"attachment-sote-gallery-big size-sote-gallery-big\" \r\n                            srcset=\"https:\/\/semmelweis.hu\/mediasarok\/files\/2015\/02\/RS26340__ZZS5844-scr-300x200.jpg 300w, https:\/\/semmelweis.hu\/mediasarok\/files\/2015\/02\/RS26340__ZZS5844-scr-450x300.jpg 450w, https:\/\/semmelweis.hu\/mediasarok\/files\/2015\/02\/RS26340__ZZS5844-scr.jpg 950w\" ><\/a><\/div>\r\n            <\/span>\r\n\r\n            <\/div>\r\n\r\n\t\t\t<div class=\"col-3 pl-0 pr-0\">\r\n\t\t\t\t<div class=\"galeria-right-img d-flex justify-content-between flex-column h-100 w-100 px-0 mx-0 \">\r\n                <div class=\"galeria-box\">\r\n\t\t\t\t\t<h3 class=\"galeria-title\">Gal\u00e9ria<\/h3>\r\n\t\t\t\t\t<div class=\"galeria-subtitle\">\r\n\r\n\t\t\t\t\t\t<div class=\"galeria-page-counter\"><span>4<\/span>k\u00e9p<\/div>\r\n                    <\/div> <\/div>\r\n                    <span class=\"gallery-item frame d-none d-md-flex\">\r\n\t\t\t\t\t<div class=\"galeria-small-img mt-0\"><a href=\"https:\/\/semmelweis.hu\/mediasarok\/files\/2015\/02\/RS26345__ZZS5868-scr.jpg\"><img src=https:\/\/semmelweis.hu\/mediasarok\/files\/2015\/02\/RS26345__ZZS5868-scr.jpg \r\n                                alt=\"\"  \r\n                                class=\"attachment-sote-gallery-small size-sote-gallery-small\" \r\n                                srcset=\"https:\/\/semmelweis.hu\/mediasarok\/files\/2015\/02\/RS26345__ZZS5868-scr-300x200.jpg 300w, https:\/\/semmelweis.hu\/mediasarok\/files\/2015\/02\/RS26345__ZZS5868-scr-450x300.jpg 450w, https:\/\/semmelweis.hu\/mediasarok\/files\/2015\/02\/RS26345__ZZS5868-scr.jpg 950w\" ><\/a><\/div>\r\n                    <\/span>\r\n                    <span class=\"gallery-item frame d-none d-md-flex\">\r\n\t\t\t\t\t<div class=\"galeria-small-img mt-0\"><a href=\"https:\/\/semmelweis.hu\/mediasarok\/files\/2015\/02\/RS26346__ZZS5874-scr.jpg\"><img src=https:\/\/semmelweis.hu\/mediasarok\/files\/2015\/02\/RS26346__ZZS5874-scr.jpg \r\n                                alt=\"\" \r\n                                class=\"attachment-sote-gallery-small size-sote-gallery-small\" \r\n                                srcset=\"https:\/\/semmelweis.hu\/mediasarok\/files\/2015\/02\/RS26346__ZZS5874-scr-300x200.jpg 300w, https:\/\/semmelweis.hu\/mediasarok\/files\/2015\/02\/RS26346__ZZS5874-scr-450x300.jpg 450w, https:\/\/semmelweis.hu\/mediasarok\/files\/2015\/02\/RS26346__ZZS5874-scr.jpg 950w\" ><\/a><\/div>\r\n                    <\/span>\r\n\r\n                <\/div>\r\n\r\n            <\/div>\r\n\r\n            <span class=\"gallery-item\"><div class=\"hidden\"><a href=\"https:\/\/semmelweis.hu\/mediasarok\/files\/2015\/02\/RS26347__ZZS5879-scr.jpg\">\r\n        <img src=https:\/\/semmelweis.hu\/mediasarok\/files\/2015\/02\/RS26347__ZZS5879-scr.jpg alt=\"\" class=\"attachment-sote-gallery-big size-sote-gallery-big\" srcset=\"https:\/\/semmelweis.hu\/mediasarok\/files\/2015\/02\/RS26347__ZZS5879-scr-300x200.jpg 300w, https:\/\/semmelweis.hu\/mediasarok\/files\/2015\/02\/RS26347__ZZS5879-scr-450x300.jpg 450w, https:\/\/semmelweis.hu\/mediasarok\/files\/2015\/02\/RS26347__ZZS5879-scr.jpg 950w\" >\r\n        <\/a><\/div><\/span>\r\n            <\/div>\r\n\r\n            [\/slb_exclude]\r\n\t\n","protected":false},"excerpt":{"rendered":"<p>Id\u00e9n minden eddigin\u00e9l t\u00f6bb sz\u00edv\u00e1t\u00fcltet\u00e9st v\u00e9geztek a Semmelweis Egyetem V\u00e1rosmajori Sz\u00edv- \u00e9s \u00c9rgy\u00f3gy\u00e1szati Klinik\u00e1n. Az 50. be\u00fcltet\u00e9st december 17-\u00e9n hajtott\u00e1k v\u00e9gre egy 41 \u00e9ves k\u00e9tgyermekes csal\u00e1dap\u00e1n, akinek \u00e9vek \u00f3ta s\u00falyos sz\u00edvel\u00e9gtelens\u00e9ge volt. A beteg \u00e1llapota kiel\u00e9g\u00edt\u0151, m\u00e1r s\u00e9t\u00e1l. Kar\u00e1csonykor csal\u00e1dja m\u00e1r az intenz\u00edv oszt\u00e1lyon l\u00e1togathatta, h\u00e1rom h\u00e9ten bel\u00fcl v\u00e1rhat\u00f3an hazaengedik.<br \/>\nFot\u00f3: Szigetv\u00e1ry Zsolt<\/p>\n","protected":false},"author":169,"featured_media":53146,"comment_status":"closed","ping_status":"closed","sticky":false,"template":"","format":"standard","meta":{"_acf_changed":false,"footnotes":""},"categories":[413],"tags":[728],"class_list":["post-53144","post","type-post","status-publish","format-standard","has-post-thumbnail","hentry","category-galeria","tag-pozitiv"],"acf":[],"_links":{"self":[{"href":"https:\/\/semmelweis.hu\/mediasarok\/wp-json\/wp\/v2\/posts\/53144","targetHints":{"allow":["GET"]}}],"collection":[{"href":"https:\/\/semmelweis.hu\/mediasarok\/wp-json\/wp\/v2\/posts"}],"about":[{"href":"https:\/\/semmelweis.hu\/mediasarok\/wp-json\/wp\/v2\/types\/post"}],"author":[{"embeddable":true,"href":"https:\/\/semmelweis.hu\/mediasarok\/wp-json\/wp\/v2\/users\/169"}],"replies":[{"embeddable":true,"href":"https:\/\/semmelweis.hu\/mediasarok\/wp-json\/wp\/v2\/comments?post=53144"}],"version-history":[{"count":2,"href":"https:\/\/semmelweis.hu\/mediasarok\/wp-json\/wp\/v2\/posts\/53144\/revisions"}],"predecessor-version":[{"id":53152,"href":"https:\/\/semmelweis.hu\/mediasarok\/wp-json\/wp\/v2\/posts\/53144\/revisions\/53152"}],"wp:featuredmedia":[{"embeddable":true,"href":"https:\/\/semmelweis.hu\/mediasarok\/wp-json\/wp\/v2\/media\/53146"}],"wp:attachment":[{"href":"https:\/\/semmelweis.hu\/mediasarok\/wp-json\/wp\/v2\/media?parent=53144"}],"wp:term":[{"taxonomy":"category","embeddable":true,"href":"https:\/\/semmelweis.hu\/mediasarok\/wp-json\/wp\/v2\/categories?post=53144"},{"taxonomy":"post_tag","embeddable":true,"href":"https:\/\/semmelweis.hu\/mediasarok\/wp-json\/wp\/v2\/tags?post=53144"}],"curies":[{"name":"wp","href":"https:\/\/api.w.org\/{rel}","templated":true}]}}