{"id":48935,"date":"2014-11-04T09:37:33","date_gmt":"2014-11-04T08:37:33","guid":{"rendered":"http:\/\/semmelweis.hu\/mediasarok\/?p=48935"},"modified":"2019-05-23T13:48:19","modified_gmt":"2019-05-23T11:48:19","slug":"november-5-a-patologia-napja-vilagszerte","status":"publish","type":"post","link":"https:\/\/semmelweis.hu\/mediasarok\/2014\/11\/04\/november-5-a-patologia-napja-vilagszerte\/","title":{"rendered":"November 5. a patol\u00f3gia napja vil\u00e1gszerte"},"content":{"rendered":"<p>A patol\u00f3gus szerepe egyre meghat\u00e1roz\u00f3bb a gy\u00f3gy\u00edt\u00f3 ter\u00e1pia kiv\u00e1laszt\u00e1s\u00e1ban is, f\u0151leg a daganatos megbeteged\u00e9sek eset\u00e9n. A sz\u00f6vettani\/citol\u00f3giai diagn\u00f3zis nemcsak alapvet\u0151en meghat\u00e1rozza a betegs\u00e9g gy\u00f3gy\u00edt\u00e1s\u00e1nak mik\u00e9ntj\u00e9t, hanem a patol\u00f3gus a betegs\u00e9g kimenetel\u00e9t is megbecs\u00fcli, ma m\u00e1r a ter\u00e1pi\u00e1t tervez\u0151 orvoscsoport meghat\u00e1roz\u00f3 tagja. Sajnos azonban minden harmadik k\u00f3rh\u00e1zban mind\u00f6ssze egy patol\u00f3gus dolgozik.<\/p>\n<p><img loading=\"lazy\" decoding=\"async\" class=\"alignleft size-medium wp-image-48945\" src=\"https:\/\/semmelweis.hu\/mediasarok\/files\/2014\/11\/RS24255_KA-20120110-IMG_5827-scr1-300x199.jpg\" alt=\"II.sz\u00e1m\u00fa Pathol\u00f3giai int\u00e9zet\" width=\"300\" height=\"199\" srcset=\"https:\/\/semmelweis.hu\/mediasarok\/files\/2014\/11\/RS24255_KA-20120110-IMG_5827-scr1-300x199.jpg 300w, https:\/\/semmelweis.hu\/mediasarok\/files\/2014\/11\/RS24255_KA-20120110-IMG_5827-scr1-450x300.jpg 450w, https:\/\/semmelweis.hu\/mediasarok\/files\/2014\/11\/RS24255_KA-20120110-IMG_5827-scr1.jpg 950w\" sizes=\"auto, (max-width: 300px) 100vw, 300px\" \/>Haz\u00e1nkban ezt a szakm\u00e1t mintegy 250 szakorvos m\u0171veli, pedig a betegell\u00e1t\u00e1s ennek k\u00e9tszeres\u00e9t ig\u00e9nyeln\u00e9. Ezen a helyzeten csak \u00fagy lehet v\u00e1ltoztatni, ha a megl\u00e9v\u0151 emberi er\u0151forr\u00e1sokat a legkorszer\u0171bb informatikai fejleszt\u00e9sekkel seg\u00edtj\u00fck \u00e9s egy\u00fattal jelent\u0151s er\u0151fesz\u00edt\u00e9seket tesz\u00fcnk a szakemberk\u00e9pz\u00e9sben. Mindez jelent\u0151s pozit\u00edv hat\u00e1ssal lehet a betegell\u00e1t\u00f3 tev\u00e9kenys\u00e9g eg\u00e9sz folyamat\u00e1ra.<\/p>\n<p>Az elm\u00falt 20 \u00e9vben hatalmas v\u00e1ltoz\u00e1sokon ment kereszt\u00fcl a k\u00f3rsz\u00f6vettani vagy patol\u00f3giai diagnosztika, aminek alapja r\u00e9szben a technol\u00f3gia korszer\u0171s\u00f6d\u00e9se, az informatika eredm\u00e9nyeinek be\u00e9p\u00fcl\u00e9se, m\u00e1sr\u00e9szt \u00e9s d\u00f6nt\u0151en a molekul\u00e1ris medicina kifejl\u0151d\u00e9se. A patol\u00f3gia a diagnosztikus k\u00f3rsz\u00f6vettanon t\u00fal m\u00e1ra tov\u00e1bbi \u00e1gakkal gyarapodott, mint a betegs\u00e9gek kimenetel\u00e9t megbecsl\u0151 \u00e9s a ter\u00e1pi\u00e1s c\u00e9lpontokat azonos\u00edt\u00f3 patol\u00f3gia. \u00cdgy a patol\u00f3gus m\u00e1r egy\u00e1ltal\u00e1n nem csak a halottak k\u00f3rboncol\u00e1s\u00e1ban \u00e9rintett, egyre ink\u00e1bb a korszer\u0171 betegell\u00e1t\u00f3 tev\u00e9kenys\u00e9g meghat\u00e1roz\u00f3 szerepl\u0151je a betegs\u00e9g diagn\u00f3zis\u00e1nak fel\u00e1ll\u00edt\u00e1s\u00e1t\u00f3l annak kezel\u00e9s\u00e9n \u00e1t.<\/p>\n<p>Semmelweis Egyetem, Szegedi Tudom\u00e1nyegyetem, Debreceni Egyetem, P\u00e9csi Tudom\u00e1nyegyetem<\/p>\n<p><strong>Lehets\u00e9ges nyilatkoz\u00f3k:<\/strong><\/p>\n<p>Gy\u00f3gyult beteg: Pataki Aranka.<\/p>\n<p><strong>Semmelweis Egyetem<\/strong>, II. Sz. Patol\u00f3giai Int\u00e9zet, <strong>dr. T\u00edm\u00e1r J\u00f3zsef <\/strong>tansz\u00e9kvezet\u0151 egyetemi tan\u00e1r, az Eg\u00e9szs\u00e9g\u00fcgyi Szakmai Koll\u00e9gium Patol\u00f3giai Tagozat\u00e1nak eln\u00f6ke \u00e9s I. Sz. Patol\u00f3giai \u00e9s K\u00eds\u00e9rleti R\u00e1kkutat\u00f3 Int\u00e9zet, <strong>dr. Matolcsy Andr\u00e1s <\/strong>tansz\u00e9kvezet\u0151 egyetemi tan\u00e1r. Fot\u00f3z\u00e1si \u00e9s v\u00e1g\u00f3k\u00e9pez\u00e9si lehet\u0151s\u00e9g az int\u00e9zetben.<\/p>\n<p><strong>Szegedi Tudom\u00e1nyegyetem<\/strong>, Patol\u00f3giai Int\u00e9zet, <strong>dr. Iv\u00e1nyi B\u00e9la<\/strong> tansz\u00e9kvezet\u0151 egyetemi tan\u00e1r, <a href=\"mailto:ivanyi.bela@med.u-szeged.hu\">ivanyi.bela@med.u-szeged.hu<\/a>.<\/p>\n<p><strong>Debreceni<\/strong> <strong>Egyetem<\/strong>, Patol\u00f3giai Int\u00e9zet, <strong>dr. M\u00e9hes<\/strong> <strong>G\u00e1bor<\/strong> igazgat\u00f3, a Magyar Patol\u00f3gusok T\u00e1rsas\u00e1g\u00e1nak eln\u00f6ke, 30-371-1720, <a href=\"mailto:gabor.mehes@med.unideb.hu\">gabor.mehes@med.unideb.hu<\/a>.<\/p>\n<p><strong>P\u00e9csi<\/strong> <strong>Tudom\u00e1nyegyetem<\/strong>, Patol\u00f3giai Int\u00e9zet, <strong>dr. Torn\u00f3czky Tam\u00e1s<\/strong> igazgat\u00f3, <strong>72-53<\/strong>6-282, ttamas64@hotmail.com.<\/p>\n","protected":false},"excerpt":{"rendered":"<p>A patol\u00f3gus szerepe egyre meghat\u00e1roz\u00f3bb a gy\u00f3gy\u00edt\u00f3 ter\u00e1pia kiv\u00e1laszt\u00e1s\u00e1ban is, f\u0151leg a daganatos megbeteged\u00e9sek eset\u00e9n. A sz\u00f6vettani\/citol\u00f3giai diagn\u00f3zis nemcsak alapvet\u0151en meghat\u00e1rozza a betegs\u00e9g gy\u00f3gy\u00edt\u00e1s\u00e1nak mik\u00e9ntj\u00e9t, hanem a patol\u00f3gus a betegs\u00e9g kimenetel\u00e9t is megbecs\u00fcli, ma m\u00e1r a ter\u00e1pi\u00e1t tervez\u0151 orvoscsoport meghat\u00e1roz\u00f3 tagja. Sajnos azonban minden harmadik k\u00f3rh\u00e1zban mind\u00f6ssze egy patol\u00f3gus dolgozik. Haz\u00e1nkban ezt a szakm\u00e1t mintegy &hellip;<\/p>\n","protected":false},"author":132,"featured_media":48943,"comment_status":"closed","ping_status":"closed","sticky":false,"template":"","format":"standard","meta":{"_acf_changed":false,"footnotes":""},"categories":[5],"tags":[732],"class_list":["post-48935","post","type-post","status-publish","format-standard","has-post-thumbnail","hentry","category-cikkek","tag-temaajanlo"],"acf":[],"_links":{"self":[{"href":"https:\/\/semmelweis.hu\/mediasarok\/wp-json\/wp\/v2\/posts\/48935","targetHints":{"allow":["GET"]}}],"collection":[{"href":"https:\/\/semmelweis.hu\/mediasarok\/wp-json\/wp\/v2\/posts"}],"about":[{"href":"https:\/\/semmelweis.hu\/mediasarok\/wp-json\/wp\/v2\/types\/post"}],"author":[{"embeddable":true,"href":"https:\/\/semmelweis.hu\/mediasarok\/wp-json\/wp\/v2\/users\/132"}],"replies":[{"embeddable":true,"href":"https:\/\/semmelweis.hu\/mediasarok\/wp-json\/wp\/v2\/comments?post=48935"}],"version-history":[{"count":10,"href":"https:\/\/semmelweis.hu\/mediasarok\/wp-json\/wp\/v2\/posts\/48935\/revisions"}],"predecessor-version":[{"id":93179,"href":"https:\/\/semmelweis.hu\/mediasarok\/wp-json\/wp\/v2\/posts\/48935\/revisions\/93179"}],"wp:featuredmedia":[{"embeddable":true,"href":"https:\/\/semmelweis.hu\/mediasarok\/wp-json\/wp\/v2\/media\/48943"}],"wp:attachment":[{"href":"https:\/\/semmelweis.hu\/mediasarok\/wp-json\/wp\/v2\/media?parent=48935"}],"wp:term":[{"taxonomy":"category","embeddable":true,"href":"https:\/\/semmelweis.hu\/mediasarok\/wp-json\/wp\/v2\/categories?post=48935"},{"taxonomy":"post_tag","embeddable":true,"href":"https:\/\/semmelweis.hu\/mediasarok\/wp-json\/wp\/v2\/tags?post=48935"}],"curies":[{"name":"wp","href":"https:\/\/api.w.org\/{rel}","templated":true}]}}