{"id":47152,"date":"2014-09-22T12:18:27","date_gmt":"2014-09-22T10:18:27","guid":{"rendered":"http:\/\/semmelweis.hu\/mediasarok\/?p=47152"},"modified":"2019-05-23T14:07:52","modified_gmt":"2019-05-23T12:07:52","slug":"ikerlaboratorium-ikervizsgalatok-a-kutatok-ejszakajan","status":"publish","type":"post","link":"https:\/\/semmelweis.hu\/mediasarok\/2014\/09\/22\/ikerlaboratorium-ikervizsgalatok-a-kutatok-ejszakajan\/","title":{"rendered":"\u201eIkerlaborat\u00f3rium\u201d &#8211; ikervizsg\u00e1latok a Kutat\u00f3k \u00c9jszak\u00e1j\u00e1n"},"content":{"rendered":"<p>Iker orvosok v\u00e1rj\u00e1k az ikerp\u00e1rokat a Kutat\u00f3k \u00c9jszak\u00e1j\u00e1n a Semmelweis Egyetemen. Az \u00e9rdekl\u0151d\u0151k olyan k\u00e9rd\u00e9sekre kaphatnak v\u00e1lasz, hogy sz\u00fcleinkt\u0151l \u00f6r\u00f6k\u00f6lj\u00fck-e az \u00e9relmeszesed\u00e9st vagy genetikailag meghat\u00e1rozott-e a kreativit\u00e1s. Interakt\u00edv ikervizsg\u00e1latokat is v\u00e9geznek majd a helysz\u00ednen, \u00edgy az is kider\u00fcl majd, hogy a jelen l\u00e9v\u0151 ikerp\u00e1rok k\u00f6z\u00fcl kik a leghasonl\u00f3bbak. A programon b\u00e1rki r\u00e9szt vehet, aki k\u00edv\u00e1ncsi az ikerkutat\u00e1s legfrissebb hazai eredm\u00e9nyeire. H\u00e1zigazda dr. T\u00e1rnoki \u00c1d\u00e1m \u00e9s dr. T\u00e1rnoki D\u00e1vid a Semmelweis Egyetemen dolgoz\u00f3 orvos ikerp\u00e1r.<\/p>\n<p><img loading=\"lazy\" decoding=\"async\" class=\"alignleft size-medium wp-image-47166\" src=\"https:\/\/semmelweis.hu\/mediasarok\/files\/2014\/09\/RS22037_KA-20140903-IMG_9830-tarnoki-ikrek-scr-300x199.jpg\" alt=\"RS22037_KA-20140903-IMG_9830-tarnoki-ikrek-scr\" width=\"300\" height=\"199\" srcset=\"https:\/\/semmelweis.hu\/mediasarok\/files\/2014\/09\/RS22037_KA-20140903-IMG_9830-tarnoki-ikrek-scr-300x199.jpg 300w, https:\/\/semmelweis.hu\/mediasarok\/files\/2014\/09\/RS22037_KA-20140903-IMG_9830-tarnoki-ikrek-scr-450x300.jpg 450w, https:\/\/semmelweis.hu\/mediasarok\/files\/2014\/09\/RS22037_KA-20140903-IMG_9830-tarnoki-ikrek-scr.jpg 950w\" sizes=\"auto, (max-width: 300px) 100vw, 300px\" \/>A v\u00e1llalkoz\u00f3 kedv\u0171 egypet\u00e9j\u0171 ikerp\u00e1rok k\u00fcl\u00f6nb\u00f6z\u0151 vizsg\u00e1latokon esnek majd kereszt\u00fcl: pl. nyaki ultrahang, test\u00f6sszet\u00e9tel-m\u00e9r\u00e9s, de lesz k\u00e9zszor\u00edt\u00f3er\u0151- \u00e9s telep\u00e1tiavizsg\u00e1lat is. A versenyz\u0151knek hideg vizes teszten is \u00e1t kell esni\u00fck, ennek l\u00e9nyege, hogy ki tudja min\u00e9l tov\u00e1bb a jeges v\u00edzben tartani kez\u00e9t. A programon dr. T\u00e1rnoki \u00c1d\u00e1m \u00e9s dr. T\u00e1rnoki D\u00e1vid, a Semmelweis Egyetem Radiol\u00f3giai \u00e9s Onkoter\u00e1pi\u00e1s Klinika munkat\u00e1rsai v\u00e1rj\u00e1k az \u00e9rdekl\u0151d\u0151ket. Az orvos ikerp\u00e1r \u00e9lesztette \u00fajj\u00e1 a magyarorsz\u00e1gi ikerkutat\u00e1st, b\u0151v\u00edti a m\u00e1ra m\u00e1r t\u00f6bb mint 1200 tag\u00fa Magyar Ikerregisztert.<\/p>\n<p>Az ikerkutat\u00e1s az\u00e9rt egyed\u00fcl\u00e1ll\u00f3, mert az egypet\u00e9j\u0171 \u00e9s k\u00e9tpet\u00e9j\u0171 ikreken v\u00e9gzett vizsg\u00e1latok eredm\u00e9nyeinek \u00f6sszehasonl\u00edt\u00e1sa egy-egy betegs\u00e9gek \u00f6r\u00f6kletes jelleg\u00e9re vil\u00e1g\u00edthat r\u00e1. Ha ugyanis egypet\u00e9j\u0171 \u00e9s k\u00e9tpet\u00e9j\u0171 ikreket vizsg\u00e1lva az egypet\u00e9j\u0171ek eredm\u00e9nyei nagyon hasonl\u00f3k, a k\u00e9tpet\u00e9j\u0171ek\u00e9 pedig nagyon k\u00fcl\u00f6nb\u00f6z\u0151k, az azt mutatja, hogy a betegs\u00e9g \u00f6r\u00f6kletes. Amennyiben pedig mindk\u00e9t csoport eredm\u00e9nye hasonl\u00f3, arra k\u00f6vetkeztethetnek a tud\u00f3sok, hogy a betegs\u00e9g kialakul\u00e1s\u00e1ban a k\u00f6rnyezeti t\u00e9nyez\u0151k a meghat\u00e1roz\u00f3ak.<\/p>\n<p><img loading=\"lazy\" decoding=\"async\" class=\"alignright size-medium wp-image-47167\" src=\"https:\/\/semmelweis.hu\/mediasarok\/files\/2014\/09\/RS22034_KA-20140903-IMG_9848-tarnoki-ikrek-scr-300x199.jpg\" alt=\"RS22034_KA-20140903-IMG_9848-tarnoki-ikrek-scr\" width=\"300\" height=\"199\" srcset=\"https:\/\/semmelweis.hu\/mediasarok\/files\/2014\/09\/RS22034_KA-20140903-IMG_9848-tarnoki-ikrek-scr-300x199.jpg 300w, https:\/\/semmelweis.hu\/mediasarok\/files\/2014\/09\/RS22034_KA-20140903-IMG_9848-tarnoki-ikrek-scr-450x300.jpg 450w, https:\/\/semmelweis.hu\/mediasarok\/files\/2014\/09\/RS22034_KA-20140903-IMG_9848-tarnoki-ikrek-scr.jpg 950w\" sizes=\"auto, (max-width: 300px) 100vw, 300px\" \/>2006 \u00f3ta, az eddigi vizsg\u00e1latok eredm\u00e9nyeib\u0151l kider\u00fclt, hogy p\u00e9ld\u00e1ul a koszor\u00fa\u00e9r-meszesed\u00e9snek f\u0151leg \u00f6r\u00f6kletes, genetikai okai vannak, m\u00edg p\u00e9ld\u00e1ul a zs\u00edrm\u00e1j kialakul\u00e1s\u00e1ban a k\u00f6rnyezeti t\u00e9nyez\u0151k a meghat\u00e1roz\u00f3bbak. Az elh\u00edz\u00e1s kialakul\u00e1s\u00e1ban a genetikai meghat\u00e1rozotts\u00e1g d\u00f6nt\u0151bb, m\u00edg a v\u00e9rcukor\u00e9rt\u00e9k alakul\u00e1s\u00e1ra a k\u00f6rnyezeti t\u00e9nyez\u0151k vannak els\u0151sorban befoly\u00e1ssal. Az \u00e9rfal rugalmass\u00e1ga megk\u00f6zel\u00edt\u0151leg 60%-ban f\u00fcgg \u00f6r\u00f6kletes t\u00e9nyez\u0151kt\u0151l \u00e9s csup\u00e1n 40%-ban \u00e1ll k\u00f6rnyezeti hat\u00e1sok befoly\u00e1sa alatt.<\/p>\n<p>Jelenleg is folynak kutat\u00e1sok, a Pulmonol\u00f3giai Klinik\u00e1n p\u00e9ld\u00e1ul az alv\u00e1szavarokat kutatj\u00e1k, \u00e9s el\u0151k\u00e9sz\u00edt\u00e9s alatt van egy MR vizsg\u00e1lat, mely sor\u00e1n szeretn\u00e9k a der\u00e9kt\u00e1ji gerinckop\u00e1st is figyelni, \u00e9s azt, hogy mindezek hogyan f\u00fcggnek \u00f6ssze egym\u00e1ssal \u00e9s a depresszi\u00f3 kialakul\u00e1s\u00e1val.<\/p>\n<p><img loading=\"lazy\" decoding=\"async\" class=\"alignleft wp-image-47175\" src=\"https:\/\/semmelweis.hu\/mediasarok\/files\/2014\/09\/DSCN2342_kicsiny\u00edtett-300x186.jpg\" alt=\"DSCN2342_kicsiny\u00edtett\" width=\"309\" height=\"192\" srcset=\"https:\/\/semmelweis.hu\/mediasarok\/files\/2014\/09\/DSCN2342_kicsiny\u00edtett-300x186.jpg 300w, https:\/\/semmelweis.hu\/mediasarok\/files\/2014\/09\/DSCN2342_kicsiny\u00edtett-1024x636.jpg 1024w, https:\/\/semmelweis.hu\/mediasarok\/files\/2014\/09\/DSCN2342_kicsiny\u00edtett-482x300.jpg 482w\" sizes=\"auto, (max-width: 309px) 100vw, 309px\" \/>Terveznek m\u00e9g egy \u00faj vizsg\u00e1latot, mely sor\u00e1n kiz\u00e1r\u00f3lag egypet\u00e9j\u0171 ikerp\u00e1rokat vizsg\u00e1lnak majd meg, m\u00e9gpedig olyanokat, akik egy kr\u00f3nikus betegs\u00e9gben k\u00fcl\u00f6nb\u00f6znek (pl. egyik\u00fck epilepszi\u00e1s vagy feln\u0151ttkori cukorbeteg, a m\u00e1sik nem). Az \u0151 eset\u00fckben azt n\u00e9zik majd meg, hogy a DNS-\u00fck\u00f6n az \u00e9letm\u00f3d mikor, hogyan, mi\u00e9rt aktiv\u00e1lta a betegs\u00e9g g\u00e9nj\u00e9t.<\/p>\n<p>Az ikerkutat\u00e1sok eredm\u00e9nyeinek tanuls\u00e1ga a k\u00f6vetkez\u0151:<br \/>\n&#8211; a g\u00e9nek \u00e1ltal meghat\u00e1rozott betegs\u00e9gek eset\u00e9ben \u2013 p\u00e9ld\u00e1ul a sz\u00edvinfarktus vagy az \u00e9relmeszesed\u00e9s sor\u00e1n \u2013 a sz\u0171r\u0151vizsg\u00e1latokra kell k\u00fcl\u00f6n\u00f6s hangs\u00falyt fektetni,<br \/>\n&#8211; ha pedig a k\u00f6rnyezeti faktorok a d\u00f6nt\u0151k egy betegs\u00e9g eset\u00e9ben, akkor az \u00e9letm\u00f3dban aj\u00e1nlott a tudatoss\u00e1g.<\/p>\n<p>Id\u0151pont: szeptember 26. 18 \u00f3ra, 20 \u00f3ra, 22 \u00f3ra, helysz\u00edn: SE Elm\u00e9leti Orvostudom\u00e1nyi K\u00f6zpont (1098 Budapest, T\u0171zolt\u00f3 utca 37-47.) Szent-Gy\u00f6rgyi el\u0151ad\u00f3terem, f\u00f6ldszint. A program <a href=\"http:\/\/www.kutatokejszakaja.hu\/2014\/esemenynaptar\/index.php?menu_id=4&amp;hely=21\" target=\"_blank\" rel=\"noopener noreferrer\">regisztr\u00e1ci\u00f3hoz<\/a> k\u00f6t\u00f6tt. A Kutat\u00f3k \u00c9jszak\u00e1ja programsorozat f\u0151szervez\u0151je a Tempus K\u00f6zalap\u00edtv\u00e1ny.<\/p>\n","protected":false},"excerpt":{"rendered":"<p>Iker orvosok v\u00e1rj\u00e1k az ikerp\u00e1rokat a Kutat\u00f3k \u00c9jszak\u00e1j\u00e1n a Semmelweis Egyetemen. Az \u00e9rdekl\u0151d\u0151k olyan k\u00e9rd\u00e9sekre kaphatnak v\u00e1lasz, hogy sz\u00fcleinkt\u0151l \u00f6r\u00f6k\u00f6lj\u00fck-e az \u00e9relmeszesed\u00e9st vagy genetikailag meghat\u00e1rozott-e a kreativit\u00e1s. Interakt\u00edv ikervizsg\u00e1latokat is v\u00e9geznek majd a helysz\u00ednen, \u00edgy az is kider\u00fcl majd, hogy a jelen l\u00e9v\u0151 ikerp\u00e1rok k\u00f6z\u00fcl kik a leghasonl\u00f3bbak. A programon b\u00e1rki r\u00e9szt vehet, aki k\u00edv\u00e1ncsi &hellip;<\/p>\n","protected":false},"author":132,"featured_media":47165,"comment_status":"closed","ping_status":"closed","sticky":false,"template":"","format":"standard","meta":{"_acf_changed":false,"footnotes":""},"categories":[5],"tags":[734],"class_list":["post-47152","post","type-post","status-publish","format-standard","has-post-thumbnail","hentry","category-cikkek","tag-kozlemeny"],"acf":[],"_links":{"self":[{"href":"https:\/\/semmelweis.hu\/mediasarok\/wp-json\/wp\/v2\/posts\/47152","targetHints":{"allow":["GET"]}}],"collection":[{"href":"https:\/\/semmelweis.hu\/mediasarok\/wp-json\/wp\/v2\/posts"}],"about":[{"href":"https:\/\/semmelweis.hu\/mediasarok\/wp-json\/wp\/v2\/types\/post"}],"author":[{"embeddable":true,"href":"https:\/\/semmelweis.hu\/mediasarok\/wp-json\/wp\/v2\/users\/132"}],"replies":[{"embeddable":true,"href":"https:\/\/semmelweis.hu\/mediasarok\/wp-json\/wp\/v2\/comments?post=47152"}],"version-history":[{"count":10,"href":"https:\/\/semmelweis.hu\/mediasarok\/wp-json\/wp\/v2\/posts\/47152\/revisions"}],"predecessor-version":[{"id":93195,"href":"https:\/\/semmelweis.hu\/mediasarok\/wp-json\/wp\/v2\/posts\/47152\/revisions\/93195"}],"wp:featuredmedia":[{"embeddable":true,"href":"https:\/\/semmelweis.hu\/mediasarok\/wp-json\/wp\/v2\/media\/47165"}],"wp:attachment":[{"href":"https:\/\/semmelweis.hu\/mediasarok\/wp-json\/wp\/v2\/media?parent=47152"}],"wp:term":[{"taxonomy":"category","embeddable":true,"href":"https:\/\/semmelweis.hu\/mediasarok\/wp-json\/wp\/v2\/categories?post=47152"},{"taxonomy":"post_tag","embeddable":true,"href":"https:\/\/semmelweis.hu\/mediasarok\/wp-json\/wp\/v2\/tags?post=47152"}],"curies":[{"name":"wp","href":"https:\/\/api.w.org\/{rel}","templated":true}]}}