{"id":4679,"date":"2011-05-16T10:33:03","date_gmt":"2011-05-16T08:33:03","guid":{"rendered":"http:\/\/mediasarok.sote.hu\/multimedia\/kepek\/molnar-bela-vilagelso-magyar-szabadalom\/"},"modified":"2020-03-31T12:21:28","modified_gmt":"2020-03-31T10:21:28","slug":"molnar-bela-vilagelso-magyar-szabadalom","status":"publish","type":"post","link":"https:\/\/semmelweis.hu\/mediasarok\/2011\/05\/16\/molnar-bela-vilagelso-magyar-szabadalom\/","title":{"rendered":"Moln\u00e1r B\u00e9la, Vil\u00e1gels\u0151 magyar szabadalom"},"content":{"rendered":"<p>Els\u0151 alkalommal jel\u00f6ltek magyar kutat\u00f3t az Eur\u00f3pai Szabadalmi D\u00edjra. Dr. Moln\u00e1r B\u00e9la, a Semmelweis Egyetem munkat\u00e1rsa a patol\u00f3giai folyamatok digitaliz\u00e1l\u00e1s\u00e1\u00e9rt kapta az elismer\u00e9st. Eur\u00f3pa legrangosabb innov\u00e1ci\u00f3s d\u00edj\u00e1t \u00f6t kateg\u00f3ri\u00e1ban osztj\u00e1k ki m\u00e1jus 19-\u00e9n Budapesten. fot\u00f3: D. Kiss Bal\u00e1zs<\/p>\n\r\n        [slb_exclude]\r\n        <div class=\"row galeria-wrapper mx-0 h-auto\">\r\n            <div class=\"col-9 pl-0 pr-2\">\r\n            <span class=\"gallery-item frame\">\r\n\t\t\t\t<div class=\"galeria-left-img\"><a href=\"https:\/\/semmelweis.hu\/mediasarok\/files\/2011\/05\/img_8642.jpg\"><img src=https:\/\/semmelweis.hu\/mediasarok\/files\/2011\/05\/img_8642.jpg  \r\n                            alt=\"Vil\u00e1gels\u0151 magyar szabadalom\" \r\n                            class=\"attachment-sote-gallery-big size-sote-gallery-big\" \r\n                            srcset=\"https:\/\/semmelweis.hu\/mediasarok\/files\/2011\/05\/img_8642-300x200.jpg 300w, https:\/\/semmelweis.hu\/mediasarok\/files\/2011\/05\/img_8642-1024x682.jpg 1024w, https:\/\/semmelweis.hu\/mediasarok\/files\/2011\/05\/img_8642-450x300.jpg 450w\" ><\/a><\/div>\r\n            <\/span>\r\n\r\n            <\/div>\r\n\r\n\t\t\t<div class=\"col-3 pl-0 pr-0\">\r\n\t\t\t\t<div class=\"galeria-right-img d-flex justify-content-between flex-column h-100 w-100 px-0 mx-0 \">\r\n                <div class=\"galeria-box\">\r\n\t\t\t\t\t<h3 class=\"galeria-title\">Gal\u00e9ria<\/h3>\r\n\t\t\t\t\t<div class=\"galeria-subtitle\">\r\n\r\n\t\t\t\t\t\t<div class=\"galeria-page-counter\"><span>8<\/span>k\u00e9p<\/div>\r\n                    <\/div> <\/div>\r\n                    <span class=\"gallery-item frame d-none d-md-flex\">\r\n\t\t\t\t\t<div class=\"galeria-small-img mt-0\"><a href=\"https:\/\/semmelweis.hu\/mediasarok\/files\/2011\/05\/img_8645.jpg\"><img src=https:\/\/semmelweis.hu\/mediasarok\/files\/2011\/05\/img_8645.jpg \r\n                                alt=\"Vil\u00e1gels\u0151 magyar szabadalom\"  \r\n                                class=\"attachment-sote-gallery-small size-sote-gallery-small\" \r\n                                srcset=\"https:\/\/semmelweis.hu\/mediasarok\/files\/2011\/05\/img_8645-300x200.jpg 300w, https:\/\/semmelweis.hu\/mediasarok\/files\/2011\/05\/img_8645-1024x682.jpg 1024w, https:\/\/semmelweis.hu\/mediasarok\/files\/2011\/05\/img_8645-450x300.jpg 450w\" ><\/a><\/div>\r\n                    <\/span>\r\n                    <span class=\"gallery-item frame d-none d-md-flex\">\r\n\t\t\t\t\t<div class=\"galeria-small-img mt-0\"><a href=\"https:\/\/semmelweis.hu\/mediasarok\/files\/2011\/05\/img_8635.jpg\"><img src=https:\/\/semmelweis.hu\/mediasarok\/files\/2011\/05\/img_8635.jpg \r\n                                alt=\"Vil\u00e1gels\u0151 magyar szabadalom\" \r\n                                class=\"attachment-sote-gallery-small size-sote-gallery-small\" \r\n                                srcset=\"https:\/\/semmelweis.hu\/mediasarok\/files\/2011\/05\/img_8635-300x200.jpg 300w, https:\/\/semmelweis.hu\/mediasarok\/files\/2011\/05\/img_8635-1024x682.jpg 1024w, https:\/\/semmelweis.hu\/mediasarok\/files\/2011\/05\/img_8635-450x300.jpg 450w\" ><\/a><\/div>\r\n                    <\/span>\r\n\r\n                <\/div>\r\n\r\n            <\/div>\r\n\r\n            <span class=\"gallery-item\"><div class=\"hidden\"><a href=\"https:\/\/semmelweis.hu\/mediasarok\/files\/2011\/05\/img_8634.jpg\">\r\n        <img src=https:\/\/semmelweis.hu\/mediasarok\/files\/2011\/05\/img_8634.jpg alt=\"Vil\u00e1gels\u0151 magyar szabadalom\" class=\"attachment-sote-gallery-big size-sote-gallery-big\" srcset=\"https:\/\/semmelweis.hu\/mediasarok\/files\/2011\/05\/img_8634-300x200.jpg 300w, https:\/\/semmelweis.hu\/mediasarok\/files\/2011\/05\/img_8634-1024x682.jpg 1024w, https:\/\/semmelweis.hu\/mediasarok\/files\/2011\/05\/img_8634-450x300.jpg 450w\" >\r\n        <\/a><\/div><\/span><span class=\"gallery-item\"><div class=\"hidden\"><a href=\"https:\/\/semmelweis.hu\/mediasarok\/files\/2011\/05\/img_8612.jpg\">\r\n        <img src=https:\/\/semmelweis.hu\/mediasarok\/files\/2011\/05\/img_8612.jpg alt=\"Vil\u00e1gels\u0151 magyar szabadalom\" class=\"attachment-sote-gallery-big size-sote-gallery-big\" srcset=\"https:\/\/semmelweis.hu\/mediasarok\/files\/2011\/05\/img_8612-300x200.jpg 300w, https:\/\/semmelweis.hu\/mediasarok\/files\/2011\/05\/img_8612-1024x682.jpg 1024w, https:\/\/semmelweis.hu\/mediasarok\/files\/2011\/05\/img_8612-450x300.jpg 450w\" >\r\n        <\/a><\/div><\/span><span class=\"gallery-item\"><div class=\"hidden\"><a href=\"https:\/\/semmelweis.hu\/mediasarok\/files\/2011\/05\/img_7893.jpg\">\r\n        <img src=https:\/\/semmelweis.hu\/mediasarok\/files\/2011\/05\/img_7893.jpg alt=\"\" class=\"attachment-sote-gallery-big size-sote-gallery-big\" srcset=\"https:\/\/semmelweis.hu\/mediasarok\/files\/2011\/05\/img_7893-300x200.jpg 300w, https:\/\/semmelweis.hu\/mediasarok\/files\/2011\/05\/img_7893-1024x682.jpg 1024w, https:\/\/semmelweis.hu\/mediasarok\/files\/2011\/05\/img_7893-450x300.jpg 450w\" >\r\n        <\/a><\/div><\/span><span class=\"gallery-item\"><div class=\"hidden\"><a href=\"https:\/\/semmelweis.hu\/mediasarok\/files\/2011\/05\/img_7862.jpg\">\r\n        <img src=https:\/\/semmelweis.hu\/mediasarok\/files\/2011\/05\/img_7862.jpg alt=\"Moln\u00e1r B\u00e9la\" class=\"attachment-sote-gallery-big size-sote-gallery-big\" srcset=\"https:\/\/semmelweis.hu\/mediasarok\/files\/2011\/05\/img_7862-300x200.jpg 300w, https:\/\/semmelweis.hu\/mediasarok\/files\/2011\/05\/img_7862-1024x682.jpg 1024w, https:\/\/semmelweis.hu\/mediasarok\/files\/2011\/05\/img_7862-450x300.jpg 450w\" >\r\n        <\/a><\/div><\/span><span class=\"gallery-item\"><div class=\"hidden\"><a href=\"https:\/\/semmelweis.hu\/mediasarok\/files\/2011\/05\/img_7851.jpg\">\r\n        <img src=https:\/\/semmelweis.hu\/mediasarok\/files\/2011\/05\/img_7851.jpg alt=\"Moln\u00e1r B\u00e9la\" class=\"attachment-sote-gallery-big size-sote-gallery-big\" srcset=\"https:\/\/semmelweis.hu\/mediasarok\/files\/2011\/05\/img_7851-200x300.jpg 200w, https:\/\/semmelweis.hu\/mediasarok\/files\/2011\/05\/img_7851-682x1024.jpg 682w\" >\r\n        <\/a><\/div><\/span>\r\n            <\/div>\r\n\r\n            [\/slb_exclude]\r\n\t\n","protected":false},"excerpt":{"rendered":"<p>Els\u0151 alkalommal jel\u00f6ltek magyar kutat\u00f3t az Eur\u00f3pai Szabadalmi D\u00edjra. Dr. Moln\u00e1r B\u00e9la, a Semmelweis Egyetem munkat\u00e1rsa a patol\u00f3giai folyamatok digitaliz\u00e1l\u00e1s\u00e1\u00e9rt kapta az elismer\u00e9st. Eur\u00f3pa legrangosabb innov\u00e1ci\u00f3s d\u00edj\u00e1t \u00f6t kateg\u00f3ri\u00e1ban osztj\u00e1k ki m\u00e1jus 19-\u00e9n Budapesten. fot\u00f3: D. Kiss Bal\u00e1zs<\/p>\n","protected":false},"author":155,"featured_media":39557,"comment_status":"closed","ping_status":"open","sticky":false,"template":"","format":"standard","meta":{"_acf_changed":false,"footnotes":""},"categories":[413],"tags":[728],"class_list":["post-4679","post","type-post","status-publish","format-standard","has-post-thumbnail","hentry","category-galeria","tag-pozitiv"],"acf":[],"_links":{"self":[{"href":"https:\/\/semmelweis.hu\/mediasarok\/wp-json\/wp\/v2\/posts\/4679","targetHints":{"allow":["GET"]}}],"collection":[{"href":"https:\/\/semmelweis.hu\/mediasarok\/wp-json\/wp\/v2\/posts"}],"about":[{"href":"https:\/\/semmelweis.hu\/mediasarok\/wp-json\/wp\/v2\/types\/post"}],"author":[{"embeddable":true,"href":"https:\/\/semmelweis.hu\/mediasarok\/wp-json\/wp\/v2\/users\/155"}],"replies":[{"embeddable":true,"href":"https:\/\/semmelweis.hu\/mediasarok\/wp-json\/wp\/v2\/comments?post=4679"}],"version-history":[{"count":5,"href":"https:\/\/semmelweis.hu\/mediasarok\/wp-json\/wp\/v2\/posts\/4679\/revisions"}],"predecessor-version":[{"id":94194,"href":"https:\/\/semmelweis.hu\/mediasarok\/wp-json\/wp\/v2\/posts\/4679\/revisions\/94194"}],"wp:featuredmedia":[{"embeddable":true,"href":"https:\/\/semmelweis.hu\/mediasarok\/wp-json\/wp\/v2\/media\/39557"}],"wp:attachment":[{"href":"https:\/\/semmelweis.hu\/mediasarok\/wp-json\/wp\/v2\/media?parent=4679"}],"wp:term":[{"taxonomy":"category","embeddable":true,"href":"https:\/\/semmelweis.hu\/mediasarok\/wp-json\/wp\/v2\/categories?post=4679"},{"taxonomy":"post_tag","embeddable":true,"href":"https:\/\/semmelweis.hu\/mediasarok\/wp-json\/wp\/v2\/tags?post=4679"}],"curies":[{"name":"wp","href":"https:\/\/api.w.org\/{rel}","templated":true}]}}