{"id":45394,"date":"2013-03-01T10:43:06","date_gmt":"2013-03-01T09:43:06","guid":{"rendered":"http:\/\/semmelweis.hu\/mediasarok\/?p=45394"},"modified":"2019-06-11T15:23:23","modified_gmt":"2019-06-11T13:23:23","slug":"koranyi-projekt-alairtak-a-szerzodest","status":"publish","type":"post","link":"https:\/\/semmelweis.hu\/mediasarok\/2013\/03\/01\/koranyi-projekt-alairtak-a-szerzodest\/","title":{"rendered":"Kor\u00e1nyi projekt: al\u00e1\u00edrt\u00e1k a szerz\u0151d\u00e9st"},"content":{"rendered":"<p>2013 m\u00e1rcius\u00e1ban indulhat a h\u00faszezer n\u00e9gyzetm\u00e9teres, h\u00e9tszintes K\u00f6zponti Betegell\u00e1t\u00f3 \u00c9p\u00fclet \u00e9p\u00edt\u00e9se a Semmelweis Egyetem \u00dcll\u0151i \u00fati, Klinik\u00e1k metr\u00f3meg\u00e1ll\u00f3n\u00e1l tal\u00e1lhat\u00f3 ter\u00fclet\u00e9n, miut\u00e1n eredm\u00e9nyesen lez\u00e1rult az egyetem Kor\u00e1nyi projekt kivitelez\u00e9s\u00e9re ind\u00edtott k\u00f6zbeszerz\u00e9si elj\u00e1r\u00e1sa. Az ezzel kapcsolatos v\u00e1llalkoz\u00e1si szerz\u0151d\u00e9st ma \u00edrta al\u00e1 a Semmelweis Egyetem r\u00e9sz\u00e9r\u0151l Dr. Sz\u00e9l \u00c1goston rektor, valamint a Swietelsky Magyarorsz\u00e1g Kft. \u00e9s a H\u0151szer-Trade Kft. \u00e1ltal alkotott konzorcium k\u00e9pvisel\u0151i. A tervek szerint a kivitelez\u0151 2014 nyar\u00e1n adhatja \u00e1t az \u00e9p\u00fcletet. fot\u00f3: Kov\u00e1cs Attila &#8211; Semmelweis Egyetem<\/p>\n\r\n        [slb_exclude]\r\n        <div class=\"row galeria-wrapper mx-0 h-auto\">\r\n            <div class=\"col-9 pl-0 pr-2\">\r\n            <span class=\"gallery-item frame\">\r\n\t\t\t\t<div class=\"galeria-left-img\"><a href=\"https:\/\/semmelweis.hu\/mediasarok\/files\/2014\/08\/kor\u00e1nyi-projekt-alairas-JO.jpg\"><img src=https:\/\/semmelweis.hu\/mediasarok\/files\/2014\/08\/kor\u00e1nyi-projekt-alairas-JO.jpg  \r\n                            alt=\"\" \r\n                            class=\"attachment-sote-gallery-big size-sote-gallery-big\" \r\n                            srcset=\"https:\/\/semmelweis.hu\/mediasarok\/files\/2014\/08\/kor\u00e1nyi-projekt-alairas-JO-300x200.jpg 300w, https:\/\/semmelweis.hu\/mediasarok\/files\/2014\/08\/kor\u00e1nyi-projekt-alairas-JO-1024x682.jpg 1024w, https:\/\/semmelweis.hu\/mediasarok\/files\/2014\/08\/kor\u00e1nyi-projekt-alairas-JO-450x300.jpg 450w, https:\/\/semmelweis.hu\/mediasarok\/files\/2014\/08\/kor\u00e1nyi-projekt-alairas-JO.jpg 1200w\" ><\/a><\/div>\r\n            <\/span>\r\n\r\n            <\/div>\r\n\r\n\t\t\t<div class=\"col-3 pl-0 pr-0\">\r\n\t\t\t\t<div class=\"galeria-right-img d-flex justify-content-between flex-column h-100 w-100 px-0 mx-0 \">\r\n                <div class=\"galeria-box\">\r\n\t\t\t\t\t<h3 class=\"galeria-title\">Gal\u00e9ria<\/h3>\r\n\t\t\t\t\t<div class=\"galeria-subtitle\">\r\n\r\n\t\t\t\t\t\t<div class=\"galeria-page-counter\"><span>2<\/span>k\u00e9p<\/div>\r\n                    <\/div> <\/div>\r\n                    <span class=\"gallery-item frame d-none d-md-flex\">\r\n\t\t\t\t\t<div class=\"galeria-small-img mt-0\"><a href=\"https:\/\/semmelweis.hu\/mediasarok\/files\/2014\/08\/20130319-IMG_1357-kor\u00e1nyi-projekt-alairas-web-600x400.jpg\"><img src=https:\/\/semmelweis.hu\/mediasarok\/files\/2014\/08\/20130319-IMG_1357-kor\u00e1nyi-projekt-alairas-web-600x400.jpg \r\n                                alt=\"\"  \r\n                                class=\"attachment-sote-gallery-small size-sote-gallery-small\" \r\n                                srcset=\"https:\/\/semmelweis.hu\/mediasarok\/files\/2014\/08\/20130319-IMG_1357-kor\u00e1nyi-projekt-alairas-web-600x400-300x200.jpg 300w, https:\/\/semmelweis.hu\/mediasarok\/files\/2014\/08\/20130319-IMG_1357-kor\u00e1nyi-projekt-alairas-web-600x400-450x300.jpg 450w, https:\/\/semmelweis.hu\/mediasarok\/files\/2014\/08\/20130319-IMG_1357-kor\u00e1nyi-projekt-alairas-web-600x400.jpg 600w\" ><\/a><\/div>\r\n                    <\/span>\r\n                    <span class=\"gallery-item frame d-none d-md-flex\">\r\n\t\t\t\t\t<div class=\"galeria-small-img mt-0\"><img src=https:\/\/semmelweis.hu\/mediasarok\/wp-content\/themes\/se18\/dist\/images\/100x100.svg \r\n                                alt=\"\" \r\n                                class=\"attachment-sote-gallery-small size-sote-gallery-small\" \r\n                                srcset=\"\" ><\/div>\r\n                    <\/span>\r\n\r\n                <\/div>\r\n\r\n            <\/div>\r\n\r\n            \r\n            <\/div>\r\n\r\n            [\/slb_exclude]\r\n\t\n","protected":false},"excerpt":{"rendered":"<p>2013 m\u00e1rcius\u00e1ban indulhat a h\u00faszezer n\u00e9gyzetm\u00e9teres, h\u00e9tszintes K\u00f6zponti Betegell\u00e1t\u00f3 \u00c9p\u00fclet \u00e9p\u00edt\u00e9se a Semmelweis Egyetem \u00dcll\u0151i \u00fati, Klinik\u00e1k metr\u00f3meg\u00e1ll\u00f3n\u00e1l tal\u00e1lhat\u00f3 ter\u00fclet\u00e9n, miut\u00e1n eredm\u00e9nyesen lez\u00e1rult az egyetem Kor\u00e1nyi projekt kivitelez\u00e9s\u00e9re ind\u00edtott k\u00f6zbeszerz\u00e9si elj\u00e1r\u00e1sa. Az ezzel kapcsolatos v\u00e1llalkoz\u00e1si szerz\u0151d\u00e9st ma \u00edrta al\u00e1 a Semmelweis Egyetem r\u00e9sz\u00e9r\u0151l Dr. Sz\u00e9l \u00c1goston rektor, valamint a Swietelsky Magyarorsz\u00e1g Kft. \u00e9s a H\u0151szer-Trade &hellip;<\/p>\n","protected":false},"author":169,"featured_media":45395,"comment_status":"closed","ping_status":"closed","sticky":false,"template":"","format":"standard","meta":{"_acf_changed":false,"footnotes":""},"categories":[413],"tags":[728],"class_list":["post-45394","post","type-post","status-publish","format-standard","has-post-thumbnail","hentry","category-galeria","tag-pozitiv"],"acf":[],"_links":{"self":[{"href":"https:\/\/semmelweis.hu\/mediasarok\/wp-json\/wp\/v2\/posts\/45394","targetHints":{"allow":["GET"]}}],"collection":[{"href":"https:\/\/semmelweis.hu\/mediasarok\/wp-json\/wp\/v2\/posts"}],"about":[{"href":"https:\/\/semmelweis.hu\/mediasarok\/wp-json\/wp\/v2\/types\/post"}],"author":[{"embeddable":true,"href":"https:\/\/semmelweis.hu\/mediasarok\/wp-json\/wp\/v2\/users\/169"}],"replies":[{"embeddable":true,"href":"https:\/\/semmelweis.hu\/mediasarok\/wp-json\/wp\/v2\/comments?post=45394"}],"version-history":[{"count":2,"href":"https:\/\/semmelweis.hu\/mediasarok\/wp-json\/wp\/v2\/posts\/45394\/revisions"}],"predecessor-version":[{"id":94154,"href":"https:\/\/semmelweis.hu\/mediasarok\/wp-json\/wp\/v2\/posts\/45394\/revisions\/94154"}],"wp:featuredmedia":[{"embeddable":true,"href":"https:\/\/semmelweis.hu\/mediasarok\/wp-json\/wp\/v2\/media\/45395"}],"wp:attachment":[{"href":"https:\/\/semmelweis.hu\/mediasarok\/wp-json\/wp\/v2\/media?parent=45394"}],"wp:term":[{"taxonomy":"category","embeddable":true,"href":"https:\/\/semmelweis.hu\/mediasarok\/wp-json\/wp\/v2\/categories?post=45394"},{"taxonomy":"post_tag","embeddable":true,"href":"https:\/\/semmelweis.hu\/mediasarok\/wp-json\/wp\/v2\/tags?post=45394"}],"curies":[{"name":"wp","href":"https:\/\/api.w.org\/{rel}","templated":true}]}}